{"id":40228,"date":"2026-08-25T07:55:00","date_gmt":"2026-08-25T05:55:00","guid":{"rendered":"https:\/\/euapp01.newsmemory.com\/lamarseillaise\/news\/?p=40228"},"modified":"2026-08-29T10:26:56","modified_gmt":"2026-08-29T08:26:56","slug":"entretien-jean-pierre-meyer-la-citoyennete-va-etre-au-coeur-de-la-fete-de-la-cride-a-sanary","status":"publish","type":"post","link":"https:\/\/euapp01.newsmemory.com\/lamarseillaise\/news\/2026\/08\/25\/entretien-jean-pierre-meyer-la-citoyennete-va-etre-au-coeur-de-la-fete-de-la-cride-a-sanary\/","title":{"rendered":"[Entretien] Jean-Pierre Meyer : \u00ab&nbsp;La citoyennet\u00e9 va \u00eatre au c\u0153ur de la f\u00eate de la Cride \u00e0 Sanary&nbsp;\u00bb"},"content":{"rendered":"<div class=\"paragraph\">\n<p>La f\u00eate de la Cride se tiendra \u00e0 l\u2019espace Victorin Blanc, Pin\u00e8de de la Cride, \u00e0 Sanary avec une entr\u00e9e gratuite et ouverte \u00e0 toutes et tous.<\/p>\n<p><b>La Marseillaise :<\/b> <b>Quelle est la tonalit\u00e9 de cette 35<\/b><b><sup>e<\/sup><\/b><b>\u00a0<\/b><b>\u00e9dition<\/b><b>\u00a0<\/b><b>?<\/b><\/p>\n<p>Jean-Pierre Meyer\u00a0: C\u2019est un \u00e9v\u00e9nement qui symbolise la rentr\u00e9e sociale et politique des communistes de l\u2019ouest du Var. Et cette ann\u00e9e, cela rev\u00eat une importance encore plus grande qu\u2019\u00e0 l\u2019accoutum\u00e9e\u00a0: Apr\u00e8s les \u00e9lections municipales, le 40<sup>e<\/sup>\u00a0congr\u00e8s du PCF et avec devant nous de nouvelles \u00e9ch\u00e9ances \u00e9lectorales, l\u2019\u00e9lection pr\u00e9sidentielle et les l\u00e9gislative. Forc\u00e9ment, il y a aussi le contexte o\u00f9 l\u2019on mesure cruellement les effets d\u00e9vastateurs de la politique lib\u00e9rale qui est conduite depuis des d\u00e9cennies dans le pays. On l\u2019a v\u00e9cu dans nos chairs, avec les incendies catastrophiques qui ont frapp\u00e9 le Var et qui ont mis en \u00e9vidence le manque cruel de moyens. C\u2019est un exemple, mais ce sont bien tous les services publics qui connaissent des difficult\u00e9s inou\u00efes de fonctionnement, ind\u00e9pendamment de la conscience professionnelle de ceux qui assurent le service public.<\/p>\n<p><b>C\u2019est un moment de constats partag\u00e9s mais aussi de r\u00e9flexions pour l\u2019avenir<\/b><b>\u00a0<\/b><b>?<\/b><\/p>\n<p>J.-P.M.\u00a0: En tant que communiste, et \u00e7a s\u2019est encore confirm\u00e9 lors de notre derni\u00e8re universit\u00e9 d\u2019\u00e9t\u00e9, nous voulons clairement nommer les responsabilit\u00e9s. Et c\u2019est le syst\u00e8me politique et \u00e9conomique, le capitalisme, dans lequel nous vivons qui est \u00e0 l\u2019origine de tous les probl\u00e8mes que l\u2019on rencontre. C\u2019est \u00e0 partir de cette position que nous d\u00e9terminons ce qu\u2019il nous appartient de faire dans la perspective de la pr\u00e9sidentielle et des l\u00e9gislatives. En clair, on se refuse d\u2019entrer dans des dispositions de rassemblement comme cela a pu se faire dans le pass\u00e9. Car malheureusement, quand la gauche a \u00e9t\u00e9 au pouvoir, elle a \u00e9t\u00e9 incapable de remettre en cause ce syst\u00e8me, ce qui a eu comme cons\u00e9quence le d\u00e9saveu de la gauche tout enti\u00e8re. Ce sont ces sujets que nous allons aborder lors de cette f\u00eate, notamment avec le d\u00e9bat politique qui se d\u00e9roule en fin de matin\u00e9e. Nous souhaitons mettre la citoyennet\u00e9 au c\u0153ur de notre d\u00e9marche, au c\u0153ur de la f\u00eate de la Cride, car il faut construire une autre soci\u00e9t\u00e9.<\/p>\n<p><b>Il y a aussi des temps festifs <br \/>et des stands divers&#8230;<\/b><\/p>\n<p>J.-P.M.\u00a0: On va avoir un temps fort politique avec un d\u00e9bat \u00e0 11h. C\u2019est un temps de rencontre et de d\u00e9bats avec les communistes. Si j\u2019utilise le terme de \u00ab\u00a0rencontre\u00a0\u00bb, c\u2019est car cette f\u00eate est une f\u00eate ouverte, elle a la particularit\u00e9 de voir venir des citoyens qui ne sont pas au PCF. Peut-\u00eatre m\u00eame plus que des adh\u00e9rents du PCF. Car notre objectif n\u2019est pas de convaincre les convaincus. Mais justement de travailler \u00e0 une d\u00e9diabolisation du PCF, de revenir aux questions de fond et de r\u00e9habiliter la politique. La question de la libert\u00e9 de la presse est aussi au centre de la d\u00e9marche, c\u2019est pour cela qu\u2019il y aura un stand de <i>La<\/i><i>\u00a0<\/i><i>Marseillaise<\/i>, pour laquelle nous avons un attachement ind\u00e9fectible.<\/p>\n<\/p><\/div>\n","protected":false},"excerpt":{"rendered":"La f&ecirc;te de la Cride se tiendra &agrave; l&rsquo;espace Victorin Blanc, Pin&egrave;de de la Cride, &agrave; Sanary avec une entr&eacute;e gratuite et ouverte &agrave; toutes et tous.","protected":false},"author":1,"featured_media":40229,"comment_status":"open","ping_status":"open","sticky":false,"template":"","format":"standard","meta":{"footnotes":""},"categories":[3926,3925,330],"tags":[797,511,465,452,205,343,679,250,677,613,607,786,31],"news-destination":[3944],"news-source":[475],"is_homepage":[],"ta_other":[],"class_list":["post-40228","post","type-post","status-publish","format-standard","has-post-thumbnail","hentry","category-accueil-merge","category-accueil-third","category-politique","tag-citoyennete","tag-citoyens","tag-communistes","tag-debat","tag-elections-municipales","tag-entretien","tag-legislatives","tag-pcf","tag-presidentielle","tag-rassemblement","tag-rentree-sociale","tag-sanary-sur-mer","tag-var","news-destination-homepage","news-source-website"],"_links":{"self":[{"href":"https:\/\/euapp01.newsmemory.com\/lamarseillaise\/news\/wp-json\/wp\/v2\/posts\/40228","targetHints":{"allow":["GET"]}}],"collection":[{"href":"https:\/\/euapp01.newsmemory.com\/lamarseillaise\/news\/wp-json\/wp\/v2\/posts"}],"about":[{"href":"https:\/\/euapp01.newsmemory.com\/lamarseillaise\/news\/wp-json\/wp\/v2\/types\/post"}],"author":[{"embeddable":true,"href":"https:\/\/euapp01.newsmemory.com\/lamarseillaise\/news\/wp-json\/wp\/v2\/users\/1"}],"replies":[{"embeddable":true,"href":"https:\/\/euapp01.newsmemory.com\/lamarseillaise\/news\/wp-json\/wp\/v2\/comments?post=40228"}],"version-history":[{"count":1,"href":"https:\/\/euapp01.newsmemory.com\/lamarseillaise\/news\/wp-json\/wp\/v2\/posts\/40228\/revisions"}],"predecessor-version":[{"id":40230,"href":"https:\/\/euapp01.newsmemory.com\/lamarseillaise\/news\/wp-json\/wp\/v2\/posts\/40228\/revisions\/40230"}],"wp:featuredmedia":[{"embeddable":true,"href":"https:\/\/euapp01.newsmemory.com\/lamarseillaise\/news\/wp-json\/wp\/v2\/media\/40229"}],"wp:attachment":[{"href":"https:\/\/euapp01.newsmemory.com\/lamarseillaise\/news\/wp-json\/wp\/v2\/media?parent=40228"}],"wp:term":[{"taxonomy":"category","embeddable":true,"href":"https:\/\/euapp01.newsmemory.com\/lamarseillaise\/news\/wp-json\/wp\/v2\/categories?post=40228"},{"taxonomy":"post_tag","embeddable":true,"href":"https:\/\/euapp01.newsmemory.com\/lamarseillaise\/news\/wp-json\/wp\/v2\/tags?post=40228"},{"taxonomy":"news-destination","embeddable":true,"href":"https:\/\/euapp01.newsmemory.com\/lamarseillaise\/news\/wp-json\/wp\/v2\/news-destination?post=40228"},{"taxonomy":"news-source","embeddable":true,"href":"https:\/\/euapp01.newsmemory.com\/lamarseillaise\/news\/wp-json\/wp\/v2\/news-source?post=40228"},{"taxonomy":"is_homepage","embeddable":true,"href":"https:\/\/euapp01.newsmemory.com\/lamarseillaise\/news\/wp-json\/wp\/v2\/is_homepage?post=40228"},{"taxonomy":"ta_other","embeddable":true,"href":"https:\/\/euapp01.newsmemory.com\/lamarseillaise\/news\/wp-json\/wp\/v2\/ta_other?post=40228"}],"curies":[{"name":"wp","href":"https:\/\/api.w.org\/{rel}","templated":true}]}}