{"id":40225,"date":"2026-08-25T07:57:00","date_gmt":"2026-08-25T05:57:00","guid":{"rendered":"https:\/\/euapp01.newsmemory.com\/lamarseillaise\/news\/?p=40225"},"modified":"2026-08-29T10:26:56","modified_gmt":"2026-08-29T08:26:56","slug":"la-crypte-revele-lhistoire-de-digne","status":"publish","type":"post","link":"https:\/\/euapp01.newsmemory.com\/lamarseillaise\/news\/2026\/08\/25\/la-crypte-revele-lhistoire-de-digne\/","title":{"rendered":"La crypte r\u00e9v\u00e8le l\u2019histoire de Digne"},"content":{"rendered":"<div class=\"paragraph\">\n<p>Mausol\u00e9es, murs vieux du I<sup>er<\/sup>\u00a0si\u00e8cle, basilique du V<sup>e<\/sup>&#8230; De nombreux vestiges t\u00e9moignent du pass\u00e9 et de l\u2019histoire de la ville de Digne au sein de la crypte arch\u00e9ologique de la cath\u00e9drale Notre Dame Du Bourg. Le projet de cr\u00e9ation de cette crypte a vu le jour dans les ann\u00e9es\u00a01980, \u00ab\u00a0<i>alors que la cath\u00e9drale \u00e9tait en tr\u00e8s mauvais \u00e9tat et mena\u00e7ait de s\u2019effondrer<\/i><i>\u00a0<\/i>\u00bb, explique Amin Sankon, guide pour la crypte. L\u2019architecte des monuments historiques Francesco Flavigny a donc \u00e9t\u00e9 appel\u00e9 pour constater les d\u00e9g\u00e2ts\u00a0: \u00ab\u00a0<i>il \u00e9tait temps de faire quelque chose pour sauver cet \u00e9difice, et sa solution a \u00e9t\u00e9 d\u2019enlever la toiture et voir l\u2019\u00e9tat des fondations<\/i><i>\u00a0<\/i>\u00bb, relate le guide. Mauvaise surprise\u00a0: l\u2019architecte se rend alors compte que la cath\u00e9drale est construite sur une nappe aquif\u00e8re, laissant l\u2019eau circuler et causer des d\u00e9g\u00e2ts. Pour maintenir les murs de la cath\u00e9drale, il d\u00e9cide d\u2019installer un plancher en b\u00e9ton arm\u00e9. En faisant ses sondages, il retrouve de nombreux vestiges arch\u00e9ologiques. La priorit\u00e9 devient ainsi de conserver ces derniers, tout en construisant le plancher pour \u00e9viter que la cath\u00e9drale ne s\u2019\u00e9croule. Demande est faite \u00e0 l\u2019\u00c9tat de lancer une vaste campagne de fouilles.<\/p>\n<p>Gabrielle D\u00e9mians d\u2019Archimbaud, professeure \u00e0 Aix-en-Provence pr\u00e9curseure de l\u2019arch\u00e9ologie m\u00e9di\u00e9vale, se saisit alors du lieu et m\u00e8ne la campagne de fouilles, qui commencera enfin en 1987. Des \u00ab\u00a0<i>arm\u00e9es d\u2019arch\u00e9ologues<\/i><i>\u00a0<\/i>\u00bb d\u00e9barquent alors, raconte Amin Sankon. \u00ab\u00a0<i>Dans les ann\u00e9es<\/i><i>\u00a0<\/i><i>1960, l\u2019arch\u00e9ologie m\u00e9di\u00e9vale n\u2019\u00e9tait pas vraiment un sujet. C\u2019\u00e9tait une discipline toute nouvelle, on s\u2019int\u00e9ressait surtout \u00e0 la pr\u00e9histoire et \u00e0 l\u2019antiquit\u00e9 en arch\u00e9ologie. Comme il y avait beaucoup de textes \u00e9crits sur l\u2019\u00e9poque du Moyen-\u00c2ge, on disait que ce n\u2019\u00e9tait pas la peine de mener des fouilles<\/i><i>\u00a0<\/i>\u00bb, explique le guide.<\/p>\n<p>L\u2019arch\u00e9ologue aixoise demande ensuite une deuxi\u00e8me autorisation pour mener d\u2019autres campagnes de fouilles afin de partir \u00e0 la recherche d\u2019un baptist\u00e8re. \u00ab\u00a0<i>Elle ne trouve pas le baptist\u00e8re, mais en revanche elle va trouver deux mausol\u00e9es<\/i><i>\u00a0<\/i><i>: l\u2019un du III<\/i><i><sup>e<\/sup><\/i><i>\u00a0<\/i><i>si\u00e8cle et l\u2019autre du IV<\/i><i><sup>e<\/sup><\/i><i>\u00a0<\/i>\u00bb, expos\u00e9s aux yeux des visiteurs dans la crypte, relate Amin Sankon.<\/p>\n<\/p><\/div>\n<div class=\"intext\"> Le d\u00e9placement<br \/>\n               <br \/>du centre-ville\n              <\/div>\n<div class=\"paragraph\">\n<p>Une troisi\u00e8me campagne de fouilles permet \u00e0 l\u2019arch\u00e9ologue de trouver des vestiges de la ville de Dinia, Digne \u00e0 l\u2019antiquit\u00e9. \u00ab\u00a0<i>Voil\u00e0 comment ont d\u00e9but\u00e9 ces fouilles et comment le mus\u00e9e a vu le jour plus tard en 2010<\/i><i>\u00a0<\/i>\u00bb, conclut le guide qui propose des visites les vendredis apr\u00e8s-midi.<\/p>\n<p>\u00ab\u00a0<i>Les recherches ont permis de retrouver les origines antiques de la ville de Digne.<\/i> <i>Les fouilles ont permis de localiser l\u2019emplacement exact de la ville de Dinia, Digne \u00e0 l\u2019\u00e9poque antique, qui \u00e9tait enfouie entre 4,5<\/i><i>\u00a0<\/i><i>et 6<\/i><i>\u00a0<\/i><i>m\u00e8tres de profondeur<\/i>\u00a0\u00bb, explique Josiane Richaud, responsable de la crypte arch\u00e9ologique.<\/p>\n<p>Digne est l\u2019une des rares villes \u00e0 compter deux cath\u00e9drales. \u00ab\u00a0<i>La ville antique s\u2019est d\u00e9velopp\u00e9e autour de la cath\u00e9drale Notre Dame du Bourg, puis l\u2019\u00e9v\u00eaque, qui \u00e9tait le seigneur des lieux, va se d\u00e9placer et construire son ch\u00e2teau dans le centre-ville actuel de Digne. Les gens vont petit \u00e0 petit s\u2019agglutiner autour de cette construction, et finalement la ville va se d\u00e9placer<\/i><i>\u00a0<\/i>\u00bb, relate la responsable de la crypte. Le ch\u00e2teau de l\u2019\u00e9v\u00eaque va finalement \u00eatre d\u00e9truit \u00ab\u00a0<i>par les Dignois pendant les guerres de Religion, pour \u00e9viter qu\u2019il devienne un bastion protestant<\/i><i>\u00a0<\/i>\u00bb, avance Josiane Richaud. Le pape va finalement demander \u00e0 l\u2019\u00e9v\u00eaque de choisir entre les deux \u00e9glises, et Saint-J\u00e9r\u00f4me est ainsi devenue co-cath\u00e9drale. \u00ab\u00a0<i>La premi\u00e8re et la vraie cath\u00e9drale, historiquement, c\u2019est Notre Dame du Bourg<\/i><i>\u00a0<\/i>\u00bb, affirme la responsable de la crypte.<\/p>\n<\/p><\/div>\n<div class=\"paragraph\">\n<p><i>Rue du Pr\u00e9v\u00f4t, Digne-les-Bains<\/i><\/p>\n<\/p><\/div>\n","protected":false},"excerpt":{"rendered":"Mausol&eacute;es, murs vieux du Ier&nbsp;si&egrave;cle, basilique du Ve&#8230; De nombreux vestiges t&eacute;moignent du pass&eacute; et de l&rsquo;histoire de la ville de Digne au sein de la crypte arch&eacute;ologique de la cath&eacute;drale Notre &#8230;","protected":false},"author":1,"featured_media":40226,"comment_status":"open","ping_status":"open","sticky":false,"template":"","format":"standard","meta":{"footnotes":""},"categories":[3926,3925,20],"tags":[4768,4467,1793,313,684,35,280,4290,682,353,51],"news-destination":[3944],"news-source":[475],"is_homepage":[],"ta_other":[],"class_list":["post-40225","post","type-post","status-publish","format-standard","has-post-thumbnail","hentry","category-accueil-merge","category-accueil-third","category-societe","tag-alpes","tag-alpes-de-haute-provence","tag-archeologie","tag-art","tag-catholicisme","tag-culture","tag-histoire","tag-medieval","tag-religion","tag-sciences","tag-societe","news-destination-homepage","news-source-website"],"_links":{"self":[{"href":"https:\/\/euapp01.newsmemory.com\/lamarseillaise\/news\/wp-json\/wp\/v2\/posts\/40225","targetHints":{"allow":["GET"]}}],"collection":[{"href":"https:\/\/euapp01.newsmemory.com\/lamarseillaise\/news\/wp-json\/wp\/v2\/posts"}],"about":[{"href":"https:\/\/euapp01.newsmemory.com\/lamarseillaise\/news\/wp-json\/wp\/v2\/types\/post"}],"author":[{"embeddable":true,"href":"https:\/\/euapp01.newsmemory.com\/lamarseillaise\/news\/wp-json\/wp\/v2\/users\/1"}],"replies":[{"embeddable":true,"href":"https:\/\/euapp01.newsmemory.com\/lamarseillaise\/news\/wp-json\/wp\/v2\/comments?post=40225"}],"version-history":[{"count":1,"href":"https:\/\/euapp01.newsmemory.com\/lamarseillaise\/news\/wp-json\/wp\/v2\/posts\/40225\/revisions"}],"predecessor-version":[{"id":40227,"href":"https:\/\/euapp01.newsmemory.com\/lamarseillaise\/news\/wp-json\/wp\/v2\/posts\/40225\/revisions\/40227"}],"wp:featuredmedia":[{"embeddable":true,"href":"https:\/\/euapp01.newsmemory.com\/lamarseillaise\/news\/wp-json\/wp\/v2\/media\/40226"}],"wp:attachment":[{"href":"https:\/\/euapp01.newsmemory.com\/lamarseillaise\/news\/wp-json\/wp\/v2\/media?parent=40225"}],"wp:term":[{"taxonomy":"category","embeddable":true,"href":"https:\/\/euapp01.newsmemory.com\/lamarseillaise\/news\/wp-json\/wp\/v2\/categories?post=40225"},{"taxonomy":"post_tag","embeddable":true,"href":"https:\/\/euapp01.newsmemory.com\/lamarseillaise\/news\/wp-json\/wp\/v2\/tags?post=40225"},{"taxonomy":"news-destination","embeddable":true,"href":"https:\/\/euapp01.newsmemory.com\/lamarseillaise\/news\/wp-json\/wp\/v2\/news-destination?post=40225"},{"taxonomy":"news-source","embeddable":true,"href":"https:\/\/euapp01.newsmemory.com\/lamarseillaise\/news\/wp-json\/wp\/v2\/news-source?post=40225"},{"taxonomy":"is_homepage","embeddable":true,"href":"https:\/\/euapp01.newsmemory.com\/lamarseillaise\/news\/wp-json\/wp\/v2\/is_homepage?post=40225"},{"taxonomy":"ta_other","embeddable":true,"href":"https:\/\/euapp01.newsmemory.com\/lamarseillaise\/news\/wp-json\/wp\/v2\/ta_other?post=40225"}],"curies":[{"name":"wp","href":"https:\/\/api.w.org\/{rel}","templated":true}]}}