{"id":40222,"date":"2026-08-25T07:22:00","date_gmt":"2026-08-25T05:22:00","guid":{"rendered":"https:\/\/euapp01.newsmemory.com\/lamarseillaise\/news\/?p=40222"},"modified":"2026-08-29T09:08:57","modified_gmt":"2026-08-29T07:08:57","slug":"a-la-busserade-les-familles-organisent-leur-depart-force","status":"publish","type":"post","link":"https:\/\/euapp01.newsmemory.com\/lamarseillaise\/news\/2026\/08\/25\/a-la-busserade-les-familles-organisent-leur-depart-force\/","title":{"rendered":"\u00c0 la Busserade les familles organisent leur d\u00e9part forc\u00e9"},"content":{"rendered":"<div class=\"paragraph\">\n<p>Le vague espoir de gagner un d\u00e9lai permettant d\u2019assurer une rentr\u00e9e scolaire \u00e0 leurs enfants, le temps d\u2019une conf\u00e9rence de presse organis\u00e9e en urgence sur le site le 18\u00a0ao\u00fbt dernier, s\u2019est totalement \u00e9vapor\u00e9. Alors que ce collectif s\u2019interroge sur une mobilisation \u00e0 organiser, ce lundi 24\u00a0ao\u00fbt les familles qui le pouvaient chargeaient leurs affaires sur les camions pour \u00e9viter la confrontation avec la police, annonc\u00e9e mardi matin.<\/p>\n<p>Beaucoup d\u2019abattement \u00e0 l\u2019int\u00e9rieur de l\u2019ancienne caserne du 3<sup>e<\/sup>\u00a0arrondissement dans cet apr\u00e8s-midi caniculaire de la fin ao\u00fbt. Les hommes ont d\u00e9j\u00e0 d\u00e9mont\u00e9 ce qui pouvait l\u2019\u00eatre, embarqu\u00e9 le maximum de mat\u00e9riaux pour reconstruire des abris et les appareils indispensables \u00e0 la cuisine et la lessive. Ils s\u2019appr\u00eatent \u00e0 r\u00e9am\u00e9nager un nouvel espace abandonn\u00e9 de la ville en un lieu viable. D\u00e9courag\u00e9, mais fataliste, un p\u00e8re de quatre enfants explique la situation\u00a0: \u00ab<i>\u00a0<\/i><i>on sait qu\u2019il n\u2019y aura que des places d\u2019h\u00f4tel pour les malades et les quatre femmes enceintes. Alors, comme d\u2019habitude, on a tourn\u00e9 un peu partout pour chercher un autre endroit o\u00f9 s\u2019installer<\/i><i>\u00a0<\/i>\u00bb.<\/p>\n<p>Un terrain a \u00e9t\u00e9 identifi\u00e9 dans le 10<sup>e<\/sup>\u00a0arrondissement. \u00ab\u00a0<i>Il faudra r\u00e9inscrire les enfants qui \u00e9taient \u00e0 l\u2019\u00e9cole ici dans de nouvelles \u00e9coles, \u00e7a va retarder leur rentr\u00e9e. Mais les assistantes sociales vont nous aider pour \u00e7a<\/i><i>\u00a0<\/i>\u00bb, se rassure-t-il. Quelques-uns y sont d\u00e9j\u00e0 et ont \u00ab<i>\u00a0<\/i><i>re\u00e7u la visite de la police. Ils ont v\u00e9rifi\u00e9 nos identit\u00e9s et compt\u00e9 le nombre de personnes<\/i><i>\u00a0<\/i>\u00bb, compl\u00e8te un autre homme qui fait une pause \u00e0 l\u2019ombre d\u2019un des b\u00e2timents apr\u00e8s avoir hiss\u00e9 une commode en bois sur un diable.<\/p>\n<\/p><\/div>\n<div class=\"intext\"> Un r\u00e9f\u00e9r\u00e9 libert\u00e9 d\u00e9pos\u00e9\n              <\/div>\n<div class=\"paragraph\">\n<p>\u00ab\u00a0<i>Depuis 16<\/i><i>\u00a0<\/i><i>ans que je m\u00e8ne des actions culturelles avec les enfants de ces familles, c\u2019est la m\u00eame histoire, on d\u00e9place la mis\u00e8re, on n\u2019y apporte pas de solution<\/i>\u00a0\u00bb, d\u00e9plore Framboise Robert, d\u2019arte Chavalo. Pourtant pour les quelques-unes avec qui un travail d\u2019int\u00e9gration a \u00e9t\u00e9 r\u00e9alis\u00e9 et suivi, \u00ab\u00a0<i>\u00e7a a bien fonctionn\u00e9<\/i>\u00a0\u00bb. La Ville de Marseille avait engag\u00e9 un suivi social de ces familles roms dont les enfants ont \u00e9t\u00e9 scolaris\u00e9s dans les \u00e9coles de la Belle de Mai depuis deux ans. Un accompagnement men\u00e9 en coordination avec les services pr\u00e9fectoraux qui devaient assurer leur relogement.<\/p>\n<p>Sept familles \u00e9taient identifi\u00e9es. \u00ab\u00a0<i>D\u2019autres sont venues s\u2019installer sur le site au fil des mois<\/i>\u00a0\u00bb, t\u00e9moigne S\u00e9tif, riverain de la caserne dont les fen\u00eatres donnent sur la cour. \u00ab\u00a0<i>Le souci, c\u2019est qu\u2019ils faisaient des feux. Je comprends qu\u2019ils vivent d\u2019une activit\u00e9 de ferraille. Mais on n\u2019en pouvait plus d\u2019\u00eatre intoxiqu\u00e9s et du tapage le soir<\/i>\u00a0\u00bb<i>. <\/i>Les services municipaux ont \u00e9t\u00e9 alert\u00e9s. \u00ab\u00a0<i>Des efforts ont \u00e9t\u00e9 faits avec des associations, mais bon, \u00e7a a recommenc\u00e9<\/i>\u00a0\u00bb, regrette le jeune p\u00e8re de famille de ce quartier populaire qui souhaite que \u00ab\u00a0<i>l\u2019\u00c9tat trouve une solution pour ces gens et leurs enfants<\/i><i>\u00a0<\/i>\u00bb.<\/p>\n<p>Le travail sur l\u2019exp\u00e9rimentation d\u2019un village d\u2019insertion port\u00e9 par l\u2019ancien pr\u00e9fet d\u00e9l\u00e9gu\u00e9 \u00e0 l\u2019\u00e9galit\u00e9 des chances, Laurent Carri\u00e9, et l\u2019adjointe au maire en charge de la solidarit\u00e9, Audrey Garino (PCF), a \u00e9t\u00e9 abandonn\u00e9 par la pr\u00e9fecture. Maitre Adam Borie a d\u00e9pos\u00e9 ce lundi un r\u00e9f\u00e9r\u00e9 libert\u00e9 pour ces familles\u00a0: \u00ab\u00a0<i>Le concours de la force publique a \u00e9t\u00e9 accord\u00e9 sur une d\u00e9cision judiciaire de juillet<\/i><i>\u00a0<\/i><i>2025 et depuis la situation a chang\u00e9<\/i>\u00a0\u00bb, pr\u00e9cise-t-il. Sollicit\u00e9e, la pr\u00e9fecture n\u2019a pas souhait\u00e9 communiquer.<\/p>\n<\/p><\/div>\n","protected":false},"excerpt":{"rendered":"Le vague espoir de gagner un d&eacute;lai permettant d&rsquo;assurer une rentr&eacute;e scolaire &agrave; leurs enfants, le temps d&rsquo;une conf&eacute;rence de presse organis&eacute;e en urgence sur le site le 18&nbsp;ao&ucirc;t dernier, &#8230;","protected":false},"author":1,"featured_media":40223,"comment_status":"open","ping_status":"open","sticky":false,"template":"","format":"standard","meta":{"footnotes":""},"categories":[3926,3925,20],"tags":[10,1405,754,16,271,712,2692,1565],"news-destination":[3944],"news-source":[475],"is_homepage":[],"ta_other":[],"class_list":["post-40222","post","type-post","status-publish","format-standard","has-post-thumbnail","hentry","category-accueil-merge","category-accueil-third","category-societe","tag-bouches-du-rhone","tag-expulsion","tag-familles","tag-marseille","tag-precarite","tag-rentree-scolaire","tag-roms","tag-squat","news-destination-homepage","news-source-website"],"_links":{"self":[{"href":"https:\/\/euapp01.newsmemory.com\/lamarseillaise\/news\/wp-json\/wp\/v2\/posts\/40222","targetHints":{"allow":["GET"]}}],"collection":[{"href":"https:\/\/euapp01.newsmemory.com\/lamarseillaise\/news\/wp-json\/wp\/v2\/posts"}],"about":[{"href":"https:\/\/euapp01.newsmemory.com\/lamarseillaise\/news\/wp-json\/wp\/v2\/types\/post"}],"author":[{"embeddable":true,"href":"https:\/\/euapp01.newsmemory.com\/lamarseillaise\/news\/wp-json\/wp\/v2\/users\/1"}],"replies":[{"embeddable":true,"href":"https:\/\/euapp01.newsmemory.com\/lamarseillaise\/news\/wp-json\/wp\/v2\/comments?post=40222"}],"version-history":[{"count":1,"href":"https:\/\/euapp01.newsmemory.com\/lamarseillaise\/news\/wp-json\/wp\/v2\/posts\/40222\/revisions"}],"predecessor-version":[{"id":40224,"href":"https:\/\/euapp01.newsmemory.com\/lamarseillaise\/news\/wp-json\/wp\/v2\/posts\/40222\/revisions\/40224"}],"wp:featuredmedia":[{"embeddable":true,"href":"https:\/\/euapp01.newsmemory.com\/lamarseillaise\/news\/wp-json\/wp\/v2\/media\/40223"}],"wp:attachment":[{"href":"https:\/\/euapp01.newsmemory.com\/lamarseillaise\/news\/wp-json\/wp\/v2\/media?parent=40222"}],"wp:term":[{"taxonomy":"category","embeddable":true,"href":"https:\/\/euapp01.newsmemory.com\/lamarseillaise\/news\/wp-json\/wp\/v2\/categories?post=40222"},{"taxonomy":"post_tag","embeddable":true,"href":"https:\/\/euapp01.newsmemory.com\/lamarseillaise\/news\/wp-json\/wp\/v2\/tags?post=40222"},{"taxonomy":"news-destination","embeddable":true,"href":"https:\/\/euapp01.newsmemory.com\/lamarseillaise\/news\/wp-json\/wp\/v2\/news-destination?post=40222"},{"taxonomy":"news-source","embeddable":true,"href":"https:\/\/euapp01.newsmemory.com\/lamarseillaise\/news\/wp-json\/wp\/v2\/news-source?post=40222"},{"taxonomy":"is_homepage","embeddable":true,"href":"https:\/\/euapp01.newsmemory.com\/lamarseillaise\/news\/wp-json\/wp\/v2\/is_homepage?post=40222"},{"taxonomy":"ta_other","embeddable":true,"href":"https:\/\/euapp01.newsmemory.com\/lamarseillaise\/news\/wp-json\/wp\/v2\/ta_other?post=40222"}],"curies":[{"name":"wp","href":"https:\/\/api.w.org\/{rel}","templated":true}]}}