{"id":40219,"date":"2026-08-25T07:38:00","date_gmt":"2026-08-25T05:38:00","guid":{"rendered":"https:\/\/euapp01.newsmemory.com\/lamarseillaise\/news\/?p=40219"},"modified":"2026-08-29T10:13:59","modified_gmt":"2026-08-29T08:13:59","slug":"les-soutiens-de-raphael-glucksmann-sur-le-terrain","status":"publish","type":"post","link":"https:\/\/euapp01.newsmemory.com\/lamarseillaise\/news\/2026\/08\/25\/les-soutiens-de-raphael-glucksmann-sur-le-terrain\/","title":{"rendered":"Les soutiens de Rapha\u00ebl Glucksmann sur le terrain"},"content":{"rendered":"<div class=\"paragraph\">\n<p>\u00c0 peine la candidature de Rapha\u00ebl Glucksmann \u00e0 l\u2019\u00e9lection pr\u00e9sidentielle officialis\u00e9e avec un passage au 20\u00a0heures de TF1, ce dimanche soir, que ses soutiens battent d\u00e9j\u00e0 le pav\u00e9, ce lundi. \u00ab\u00a0<i>On vient dire que l\u2019on est pr\u00eat<\/i><i>\u00a0<\/i><i>! Pr\u00eat \u00e0 soutenir sa candidature, pr\u00eat \u00e0 aller \u00e0 la rencontre des habitants de la r\u00e9gion, pr\u00eat \u00e0 expliquer que Rapha\u00ebl Glucksmann est l\u00e0 pour gagner<\/i><i>\u00a0<\/i>\u00bb, plante Pascaline L\u00e9corch\u00e9, figure de Place Publique de la cit\u00e9 phoc\u00e9enne et adjointe au maire de Marseille en charge de l\u2019\u00e9ducation, sous l\u2019ombri\u00e8re du Vieux-Port de Marseille.<\/p>\n<p>La cinquantaine de militants du parti de l\u2019eurod\u00e9put\u00e9 et candidat \u00e0 la pr\u00e9sidentielle, veulent montrer qu\u2019ils occupent le terrain\u00a0: \u00ab<i>\u00a0<\/i><i>C\u2019est une initiative spontan\u00e9e, avec des militants venus de toute la r\u00e9gion. En 24<\/i><i>\u00a0<\/i><i>heures, on a cinquante personnes d\u00e9j\u00e0 mobilis\u00e9es<\/i><i>\u00a0<\/i><i>! On va reproduire \u00e7a dans les jours et semaines \u00e0 venir<\/i><i>\u00a0<\/i>\u00bb. Drapeau jaune \u00e0 la main, les soutiens de l\u2019ancien conseiller du pr\u00e9sident g\u00e9orgien, pour le moins autoritaire, Mikheil Saakachvili, distribuent \u00e0 tour de bras des tracts avec QR code dessus pour recevoir les derni\u00e8res nouvelles de la campagne.<\/p>\n<p>Et \u00e0 la question du positionnement politique de Rapha\u00ebl Glucksmann, plut\u00f4t \u00e0 la droite de la gauche, \u00e9conomiquement lib\u00e9ral et fid\u00e8le d\u00e9fenseur de l\u2019Union Europ\u00e9enne, Pascaline L\u00e9corch\u00e9 r\u00e9pond\u00a0: \u00ab\u00a0<i>Notre programme tient compte des r\u00e9alit\u00e9s concr\u00e8tes du terrain, nos propositions s\u2019inscrivent dans les territoires. Regardez les axes que Rapha\u00ebl d\u00e9veloppe<\/i><i>\u00a0<\/i><i>: sant\u00e9, \u00e9ducation, mixit\u00e9 sociale pour faire soci\u00e9t\u00e9, souverainet\u00e9 industrielle, transformation \u00e9cologique<\/i><i>\u00a0<\/i><i>!<\/i><i>\u00a0<\/i>\u00bb. Reste que le candidat devra encore passer par la case primaire avec le PS pour \u00eatre d\u00e9finitivement dans la course \u00e0 l\u2019\u00c9lys\u00e9e, et sa formation fait mine d\u2019ouverture avec le reste de la gauche. \u00ab\u00a0<i>La dynamique qu\u2019on porte d\u00e9passe le cadre de Place publique<\/i><i>\u00a0<\/i><i>: On s\u2019inscrit dans une campagne avec le Parti socialiste, on tend la main aux \u00e9cologistes et nos camarades du Parti communiste<\/i><i>\u00a0<\/i>\u00bb, mart\u00e8le Pascaline L\u00e9corch\u00e9.<\/p>\n<\/p><\/div>\n","protected":false},"excerpt":{"rendered":"&Agrave; peine la candidature de Rapha&euml;l Glucksmann &agrave; l&rsquo;&eacute;lection pr&eacute;sidentielle officialis&eacute;e avec un passage au 20&nbsp;heures de TF1, ce dimanche soir, que ses soutiens battent d&eacute;j&agrave; le &#8230;","protected":false},"author":1,"featured_media":40220,"comment_status":"open","ping_status":"open","sticky":false,"template":"","format":"standard","meta":{"footnotes":""},"categories":[3926,3925,330],"tags":[10,789,16,1263,580,552,191,1927],"news-destination":[3944],"news-source":[475],"is_homepage":[],"ta_other":[],"class_list":["post-40219","post","type-post","status-publish","format-standard","has-post-thumbnail","hentry","category-accueil-merge","category-accueil-third","category-politique","tag-bouches-du-rhone","tag-campagne-electorale","tag-marseille","tag-militants","tag-parti-socialiste","tag-place-publique","tag-politique","tag-raphael-glucksmann","news-destination-homepage","news-source-website"],"_links":{"self":[{"href":"https:\/\/euapp01.newsmemory.com\/lamarseillaise\/news\/wp-json\/wp\/v2\/posts\/40219","targetHints":{"allow":["GET"]}}],"collection":[{"href":"https:\/\/euapp01.newsmemory.com\/lamarseillaise\/news\/wp-json\/wp\/v2\/posts"}],"about":[{"href":"https:\/\/euapp01.newsmemory.com\/lamarseillaise\/news\/wp-json\/wp\/v2\/types\/post"}],"author":[{"embeddable":true,"href":"https:\/\/euapp01.newsmemory.com\/lamarseillaise\/news\/wp-json\/wp\/v2\/users\/1"}],"replies":[{"embeddable":true,"href":"https:\/\/euapp01.newsmemory.com\/lamarseillaise\/news\/wp-json\/wp\/v2\/comments?post=40219"}],"version-history":[{"count":1,"href":"https:\/\/euapp01.newsmemory.com\/lamarseillaise\/news\/wp-json\/wp\/v2\/posts\/40219\/revisions"}],"predecessor-version":[{"id":40221,"href":"https:\/\/euapp01.newsmemory.com\/lamarseillaise\/news\/wp-json\/wp\/v2\/posts\/40219\/revisions\/40221"}],"wp:featuredmedia":[{"embeddable":true,"href":"https:\/\/euapp01.newsmemory.com\/lamarseillaise\/news\/wp-json\/wp\/v2\/media\/40220"}],"wp:attachment":[{"href":"https:\/\/euapp01.newsmemory.com\/lamarseillaise\/news\/wp-json\/wp\/v2\/media?parent=40219"}],"wp:term":[{"taxonomy":"category","embeddable":true,"href":"https:\/\/euapp01.newsmemory.com\/lamarseillaise\/news\/wp-json\/wp\/v2\/categories?post=40219"},{"taxonomy":"post_tag","embeddable":true,"href":"https:\/\/euapp01.newsmemory.com\/lamarseillaise\/news\/wp-json\/wp\/v2\/tags?post=40219"},{"taxonomy":"news-destination","embeddable":true,"href":"https:\/\/euapp01.newsmemory.com\/lamarseillaise\/news\/wp-json\/wp\/v2\/news-destination?post=40219"},{"taxonomy":"news-source","embeddable":true,"href":"https:\/\/euapp01.newsmemory.com\/lamarseillaise\/news\/wp-json\/wp\/v2\/news-source?post=40219"},{"taxonomy":"is_homepage","embeddable":true,"href":"https:\/\/euapp01.newsmemory.com\/lamarseillaise\/news\/wp-json\/wp\/v2\/is_homepage?post=40219"},{"taxonomy":"ta_other","embeddable":true,"href":"https:\/\/euapp01.newsmemory.com\/lamarseillaise\/news\/wp-json\/wp\/v2\/ta_other?post=40219"}],"curies":[{"name":"wp","href":"https:\/\/api.w.org\/{rel}","templated":true}]}}