{"id":40216,"date":"2026-08-25T07:39:00","date_gmt":"2026-08-25T05:39:00","guid":{"rendered":"https:\/\/euapp01.newsmemory.com\/lamarseillaise\/news\/?p=40216"},"modified":"2026-08-29T10:13:59","modified_gmt":"2026-08-29T08:13:59","slug":"prison-ferme-pour-avoir-agresse-trois-pompiers","status":"publish","type":"post","link":"https:\/\/euapp01.newsmemory.com\/lamarseillaise\/news\/2026\/08\/25\/prison-ferme-pour-avoir-agresse-trois-pompiers\/","title":{"rendered":"Prison ferme pour avoir agress\u00e9 trois pompiers"},"content":{"rendered":"<div class=\"paragraph\">\n<p>Les sapeurs-pompiers et le Service d\u00e9partement d\u2019incendie et de secours des Bouches-du-Rh\u00f4ne s\u2019\u00e9taient constitu\u00e9s parties civiles. Vendredi 21\u00a0ao\u00fbt, le tribunal judiciaire de Tarascon a condamn\u00e9 Franck G. \u00e0 18\u00a0mois de prison ferme et 1\u00a0000\u00a0euros de d\u00e9dommagement des victimes.<\/p>\n<p>Le 29\u00a0juin dernier, cet habitant de Raph\u00e8le-l\u00e8s-Arles avait agress\u00e9 trois soldats du feu du centre d\u2019Arles venus \u00e9teindre un d\u00e9part d\u2019incendie d\u2019espaces naturels qu\u2019il avait provoqu\u00e9 sur son terrain. Ces violences ont entra\u00een\u00e9 des \u00ab\u00a0<i>interruptions totales de travail de 1<\/i><i>\u00a0<\/i><i>\u00e0 8<\/i><i>\u00a0<\/i><i>jours, 7<\/i><i>\u00a0<\/i><i>\u00e0 30<\/i><i>\u00a0<\/i><i>jours d\u2019arr\u00eat de travail ainsi que des traumatismes psychologiques<\/i><i>\u00a0<\/i>\u00bb, rapporte le Sdis\u00a013. L\u2019individu a \u00e9t\u00e9 plac\u00e9 en garde \u00e0 vue puis en d\u00e9tention provisoire jusqu\u2019\u00e0 la date de l\u2019audience. \u00c0 la barre, il aurait expliqu\u00e9 avoir allum\u00e9 ce feu pour \u00ab\u00a0<i>\u00e9viter de faire un d\u00e9broussaillage<\/i>\u00a0\u00bb, rapporte <i>La<\/i><i>\u00a0<\/i><i>Provence<\/i>, pr\u00e9sente ce jour-l\u00e0. En 2025, Franck G. avait d\u00e9j\u00e0 \u00e9t\u00e9 condamn\u00e9 pour des faits similaires.<\/p>\n<p>Dans un communiqu\u00e9 de presse, le Sdis\u00a013 dit \u00ab\u00a0<i>rester intransigeant face \u00e0 de tels actes<\/i>\u00a0\u00bb. \u00ab\u00a0<i>Le pr\u00e9sident Richard Malli\u00e9, le conseil d\u2019administration, le directeur d\u00e9partemental, le colonel Jean-Luc Beccari et la cha\u00eene de commandement ne peuvent tol\u00e9rer que leurs agents soient ainsi violent\u00e9s et mettent tout en \u0153uvre pour pr\u00e9venir ce type de comportement et y r\u00e9pondre avec fermet\u00e9.<\/i><i>\u00a0<\/i>\u00bb Le service d\u00e9partemental recense une centaine d\u2019\u00e9v\u00e9nements par an pour lesquelles les sapeurs-pompiers d\u00e9posent plainte. \u00ab\u00a0<i>Ce chiffre est constant et ne prend pas en compte les agressions verbales r\u00e9guli\u00e8res dont font l\u2019objet les sapeurs-pompiers au quotidien<\/i><i>\u00a0<\/i>\u00bb, souligne-t-il.<\/p>\n<\/p><\/div>\n","protected":false},"excerpt":{"rendered":"Les sapeurs-pompiers et le Service d&eacute;partement d&rsquo;incendie et de secours des Bouches-du-Rh&ocirc;ne s&rsquo;&eacute;taient constitu&eacute;s parties civiles. Vendredi 21&nbsp;ao&ucirc;t, le tribunal judiciaire de Tarascon a &#8230;","protected":false},"author":1,"featured_media":40217,"comment_status":"open","ping_status":"open","sticky":false,"template":"","format":"standard","meta":{"footnotes":""},"categories":[3926,3925,4383,20],"tags":[1092,1234,10,1990,319,5946,200,2361,1674,5879,3600,1740,1743,272],"news-destination":[3944],"news-source":[475],"is_homepage":[],"ta_other":[],"class_list":["post-40216","post","type-post","status-publish","format-standard","has-post-thumbnail","hentry","category-accueil-merge","category-accueil-third","category-justice","category-societe","tag-agressions","tag-arles","tag-bouches-du-rhone","tag-garde-a-vue","tag-incendie","tag-jean-luc-beccari","tag-justice","tag-plainte","tag-sapeurs-pompiers","tag-sdis","tag-sdis13","tag-tarascon","tag-tribunal-judiciaire","tag-violences","news-destination-homepage","news-source-website"],"_links":{"self":[{"href":"https:\/\/euapp01.newsmemory.com\/lamarseillaise\/news\/wp-json\/wp\/v2\/posts\/40216","targetHints":{"allow":["GET"]}}],"collection":[{"href":"https:\/\/euapp01.newsmemory.com\/lamarseillaise\/news\/wp-json\/wp\/v2\/posts"}],"about":[{"href":"https:\/\/euapp01.newsmemory.com\/lamarseillaise\/news\/wp-json\/wp\/v2\/types\/post"}],"author":[{"embeddable":true,"href":"https:\/\/euapp01.newsmemory.com\/lamarseillaise\/news\/wp-json\/wp\/v2\/users\/1"}],"replies":[{"embeddable":true,"href":"https:\/\/euapp01.newsmemory.com\/lamarseillaise\/news\/wp-json\/wp\/v2\/comments?post=40216"}],"version-history":[{"count":1,"href":"https:\/\/euapp01.newsmemory.com\/lamarseillaise\/news\/wp-json\/wp\/v2\/posts\/40216\/revisions"}],"predecessor-version":[{"id":40218,"href":"https:\/\/euapp01.newsmemory.com\/lamarseillaise\/news\/wp-json\/wp\/v2\/posts\/40216\/revisions\/40218"}],"wp:featuredmedia":[{"embeddable":true,"href":"https:\/\/euapp01.newsmemory.com\/lamarseillaise\/news\/wp-json\/wp\/v2\/media\/40217"}],"wp:attachment":[{"href":"https:\/\/euapp01.newsmemory.com\/lamarseillaise\/news\/wp-json\/wp\/v2\/media?parent=40216"}],"wp:term":[{"taxonomy":"category","embeddable":true,"href":"https:\/\/euapp01.newsmemory.com\/lamarseillaise\/news\/wp-json\/wp\/v2\/categories?post=40216"},{"taxonomy":"post_tag","embeddable":true,"href":"https:\/\/euapp01.newsmemory.com\/lamarseillaise\/news\/wp-json\/wp\/v2\/tags?post=40216"},{"taxonomy":"news-destination","embeddable":true,"href":"https:\/\/euapp01.newsmemory.com\/lamarseillaise\/news\/wp-json\/wp\/v2\/news-destination?post=40216"},{"taxonomy":"news-source","embeddable":true,"href":"https:\/\/euapp01.newsmemory.com\/lamarseillaise\/news\/wp-json\/wp\/v2\/news-source?post=40216"},{"taxonomy":"is_homepage","embeddable":true,"href":"https:\/\/euapp01.newsmemory.com\/lamarseillaise\/news\/wp-json\/wp\/v2\/is_homepage?post=40216"},{"taxonomy":"ta_other","embeddable":true,"href":"https:\/\/euapp01.newsmemory.com\/lamarseillaise\/news\/wp-json\/wp\/v2\/ta_other?post=40216"}],"curies":[{"name":"wp","href":"https:\/\/api.w.org\/{rel}","templated":true}]}}