{"id":40213,"date":"2026-08-25T07:19:00","date_gmt":"2026-08-25T05:19:00","guid":{"rendered":"https:\/\/euapp01.newsmemory.com\/lamarseillaise\/news\/?p=40213"},"modified":"2026-08-25T10:15:41","modified_gmt":"2026-08-25T08:15:41","slug":"le-provencal-revient-et-se-reinvente","status":"publish","type":"post","link":"https:\/\/euapp01.newsmemory.com\/lamarseillaise\/news\/2026\/08\/25\/le-provencal-revient-et-se-reinvente\/","title":{"rendered":"Le Proven\u00e7al revient et se r\u00e9invente"},"content":{"rendered":"<div class=\"paragraph\">\n<p>Une 108<sup>e<\/sup>\u00a0\u00e9dition plac\u00e9e sous le signe de la nouveaut\u00e9. Cette semaine, du 27\u00a0au 30\u00a0ao\u00fbt, a lieu Le\u00a0Proven\u00e7al, tournoi embl\u00e9matique marseillais. Apr\u00e8s un an d\u2019absence, l\u2019\u00e9preuve centenaire revient au Parc Bor\u00e9ly et sur dix autres sites des 8<sup>e<\/sup>, 9<sup>e<\/sup>, 10<sup>e<\/sup>\u00a0et 12<sup>e<\/sup>\u00a0arrondissements de la cit\u00e9 phoc\u00e9enne.<\/p>\n<p>Une conf\u00e9rence de presse s\u2019est tenue lundi matin \u00e0 l\u2019h\u00f4tel du d\u00e9partement, partenaire historique du Proven\u00e7al. Plusieurs personnalit\u00e9s \u00e9taient pr\u00e9sentes comme G\u00e9rard Ponci\u00e9, directeur du concours, Jo\u00ebl Cantona, fr\u00e8re d\u2019Eric et coorganisateur, Olivier Biscaye, directeur de la r\u00e9daction de <i>La<\/i><i>\u00a0<\/i><i>Provence, <\/i>et le volet politique avec la Ville et le D\u00e9partement, repr\u00e9sent\u00e9s par Romain Pastor, Thierry Santelli et Martine Vassal, la pr\u00e9sidente du Conseil d\u00e9partemental des Bouches-du-Rh\u00f4ne.<\/p>\n<\/p><\/div>\n<div class=\"intext\"> Plus de ralentissement pour Le\u00a0Proven\u00e7al\n              <\/div>\n<div class=\"paragraph\">\n<p>Assis au premier rang, l\u2019humoriste Patrick Bosso est d\u00e9sormais ambassadeur \u00e0 vie de l\u2019\u00e9v\u00e9nement et parrain de l\u2019\u00e9dition\u00a02026. Il participera, samedi et dimanche, au troph\u00e9e des l\u00e9gendes, en compagnie de Basile Boli, \u00c9ric Cantona, Jean-Marc Ferreri, Sabri Lamouchi, mais pas Michel Platini, indisponible ce week-end.<\/p>\n<p>Le premier lancer de bouchon se fera d\u00e8s 8h30, ce jeudi. Ensuite, deux \u00e0 trois parties par jour seront jou\u00e9es avant la phase finale, disput\u00e9e entre samedi et dimanche. La couverture m\u00e9diatique sera importante autour du tournoi, comme l\u2019a soulign\u00e9 Eric Breton, journaliste de <i>La<\/i><i>\u00a0<\/i><i>Provence<\/i> et pr\u00e9sident de l\u2019UJSF local\u00a0: \u00ab\u00a0<i>Il ne faut pas oublier que ce sont deux journaux qui organisent les deux grands concours marseillais. La<\/i><i>\u00a0<\/i><i>Marseillaise comme Le<\/i><i>\u00a0<\/i><i>Proven\u00e7al sont des sources in\u00e9puisables d\u2019histoires pour nos lecteurs<\/i>\u00a0\u00bb.<i><\/i><\/p>\n<p>\u00ab\u00a0<i>C\u2019est une \u00e9vidence d\u2019\u00eatre partenaire, ce sont nos racines. On a bataill\u00e9 pour maintenir Le<\/i><i>\u00a0<\/i><i>Proven\u00e7al et cette continuit\u00e9 est fondamentale<\/i>\u00a0\u00bb, pointait Martine Vassal. La pr\u00e9sidente affirmait d\u00e9j\u00e0 que les 109<sup>e<\/sup>\u00a0et 110<sup>e<\/sup>\u00a0\u00e9ditions \u00e9taient dans les cartons. Le\u00a0Proven\u00e7al est bel et bien de retour.<\/p>\n<\/p><\/div>\n","protected":false},"excerpt":{"rendered":"Une 108e&nbsp;&eacute;dition plac&eacute;e sous le signe de la nouveaut&eacute;. Cette semaine, du 27&nbsp;au 30&nbsp;ao&ucirc;t, a lieu Le&nbsp;Proven&ccedil;al, tournoi embl&eacute;matique marseillais. Apr&egrave;s un an d&rsquo;absence, &#8230;","protected":false},"author":1,"featured_media":40214,"comment_status":"open","ping_status":"open","sticky":false,"template":"","format":"standard","meta":{"footnotes":""},"categories":[7],"tags":[10,1161,5820,5112,16,1013],"news-destination":[],"news-source":[475],"is_homepage":[],"ta_other":[],"class_list":["post-40213","post","type-post","status-publish","format-standard","has-post-thumbnail","hentry","category-sports","tag-bouches-du-rhone","tag-boules","tag-conference-de-presse","tag-le-provencal","tag-marseille","tag-petanque","news-source-website"],"_links":{"self":[{"href":"https:\/\/euapp01.newsmemory.com\/lamarseillaise\/news\/wp-json\/wp\/v2\/posts\/40213","targetHints":{"allow":["GET"]}}],"collection":[{"href":"https:\/\/euapp01.newsmemory.com\/lamarseillaise\/news\/wp-json\/wp\/v2\/posts"}],"about":[{"href":"https:\/\/euapp01.newsmemory.com\/lamarseillaise\/news\/wp-json\/wp\/v2\/types\/post"}],"author":[{"embeddable":true,"href":"https:\/\/euapp01.newsmemory.com\/lamarseillaise\/news\/wp-json\/wp\/v2\/users\/1"}],"replies":[{"embeddable":true,"href":"https:\/\/euapp01.newsmemory.com\/lamarseillaise\/news\/wp-json\/wp\/v2\/comments?post=40213"}],"version-history":[{"count":1,"href":"https:\/\/euapp01.newsmemory.com\/lamarseillaise\/news\/wp-json\/wp\/v2\/posts\/40213\/revisions"}],"predecessor-version":[{"id":40215,"href":"https:\/\/euapp01.newsmemory.com\/lamarseillaise\/news\/wp-json\/wp\/v2\/posts\/40213\/revisions\/40215"}],"wp:featuredmedia":[{"embeddable":true,"href":"https:\/\/euapp01.newsmemory.com\/lamarseillaise\/news\/wp-json\/wp\/v2\/media\/40214"}],"wp:attachment":[{"href":"https:\/\/euapp01.newsmemory.com\/lamarseillaise\/news\/wp-json\/wp\/v2\/media?parent=40213"}],"wp:term":[{"taxonomy":"category","embeddable":true,"href":"https:\/\/euapp01.newsmemory.com\/lamarseillaise\/news\/wp-json\/wp\/v2\/categories?post=40213"},{"taxonomy":"post_tag","embeddable":true,"href":"https:\/\/euapp01.newsmemory.com\/lamarseillaise\/news\/wp-json\/wp\/v2\/tags?post=40213"},{"taxonomy":"news-destination","embeddable":true,"href":"https:\/\/euapp01.newsmemory.com\/lamarseillaise\/news\/wp-json\/wp\/v2\/news-destination?post=40213"},{"taxonomy":"news-source","embeddable":true,"href":"https:\/\/euapp01.newsmemory.com\/lamarseillaise\/news\/wp-json\/wp\/v2\/news-source?post=40213"},{"taxonomy":"is_homepage","embeddable":true,"href":"https:\/\/euapp01.newsmemory.com\/lamarseillaise\/news\/wp-json\/wp\/v2\/is_homepage?post=40213"},{"taxonomy":"ta_other","embeddable":true,"href":"https:\/\/euapp01.newsmemory.com\/lamarseillaise\/news\/wp-json\/wp\/v2\/ta_other?post=40213"}],"curies":[{"name":"wp","href":"https:\/\/api.w.org\/{rel}","templated":true}]}}