{"id":40207,"date":"2026-08-25T07:25:00","date_gmt":"2026-08-25T05:25:00","guid":{"rendered":"https:\/\/euapp01.newsmemory.com\/lamarseillaise\/news\/?p=40207"},"modified":"2026-08-29T10:13:59","modified_gmt":"2026-08-29T08:13:59","slug":"om-himad-abdelli-se-fait-une-place-au-milieu","status":"publish","type":"post","link":"https:\/\/euapp01.newsmemory.com\/lamarseillaise\/news\/2026\/08\/25\/om-himad-abdelli-se-fait-une-place-au-milieu\/","title":{"rendered":"OM : Himad Abdelli se fait une place au milieu"},"content":{"rendered":"<div class=\"paragraph\">\n<p>Contexte plus b\u00e9n\u00e9fique, vrai regain de forme ou simple illusion\u00a0? Cette pr\u00e9paration pas comme les autres \u00e0 l\u2019Olympique de Marseille a permis \u00e0 certains joueurs de sortir du bois. Mis \u00e0 la cave ou envoyer en pr\u00eat, ils sont nombreux \u00e0 avoir retrouv\u00e9 le maillot olympien durant l\u2019\u00e9t\u00e9. Himad Abdelli, Angel Gomes, Neal Maupay, Amine Harit, Derek Cornelius, ils ont tous particip\u00e9 \u00e0 la solide victoire, vendredi dernier, face \u00e0 Strasbourg (4-0). Qui plus est en \u00e9tant impactants et en r\u00e9ussite pour les titulaires.<\/p>\n<p>Himad Abdelli symbolise bien ce d\u00e9but de renouveau d\u2019\u00e9l\u00e9ments dans l\u2019ombre depuis le d\u00e9but d\u2019ann\u00e9e. Transfuge d\u2019Angers, le milieu de terrain a rejoint son club de c\u0153ur, l\u2019OM, en janvier dernier. Les cinq premiers mois ne se sont pas d\u00e9roul\u00e9s de la meilleure des mani\u00e8res, mais l\u2019int\u00e9ress\u00e9 n\u2019a pas baiss\u00e9 les bras. \u00ab\u00a0<i>M<\/i><i>entalement, c\u2019\u00e9tait tr\u00e8s dur. Je pense que tout le monde le sait maintenant, Marseille, c\u2019est mon club et peut-\u00eatre que les \u00e9motions, je les ai un peu trop prises sur moi. Maintenant, je les ai mises de c\u00f4t\u00e9 et c\u2019est \u00e0 moi de faire mon jeu pour que \u00e7a r\u00e9ussisse<\/i>\u00a0\u00bb<i>, <\/i>appuyait le joueur lors d\u2019un micro tendu apr\u00e8s la rencontre face au Racing.<\/p>\n<p>De son c\u00f4t\u00e9, Bruno Genesio ne voulait pas s\u2019attribuer les m\u00e9rites de ce sursaut\u00a0: \u00ab\u00a0<i>Peut-\u00eatre qu\u2019il y a un contexte qui est plus favorable, pour l\u2019instant en tout cas, pour que certains joueurs s\u2019expriment<\/i>\u00a0\u00bb.<i> <\/i>Sans vouloir particuli\u00e8rement cibler une individualit\u00e9 par rapport \u00e0 une autre, l\u2019entra\u00eeneur olympien a accept\u00e9 de pointer les r\u00e9ussites d\u2019Abdelli durant l\u2019affrontement de la 1<sup>re<\/sup>\u00a0journ\u00e9e. \u00ab\u00a0<i>Chez Himad, ce qui m\u2019a beaucoup plu, c\u2019est son agressivit\u00e9. On conna\u00eet ses qualit\u00e9s techniques, mais ce soir<\/i> [vendredi], <i>il a aussi montr\u00e9 qu\u2019il \u00e9tait capable de r\u00e9cup\u00e9rer des ballons et de donner le tempo dans l\u2019agressivit\u00e9. Je pense qu\u2019au milieu de terrain, c\u2019est tr\u00e8s important.<\/i>\u00a0\u00bb<\/p>\n<\/p><\/div>\n<div class=\"intext\"> \u00ab\u00a0Mon objectif,<br \/>\n               <br \/>c\u2019est que l\u2019OM gagne\u00a0\u00bb\n              <\/div>\n<div class=\"paragraph\">\n<p>Le milieu de terrain de la s\u00e9lection alg\u00e9rienne a beaucoup cit\u00e9 son coach comme \u00e9l\u00e9ment ayant apport\u00e9 de la s\u00e9r\u00e9nit\u00e9. Mais il a \u00e9galement fait preuve de lucidit\u00e9 sur ses d\u00e9buts marseillais. \u00ab\u00a0<i>Pour ma part, j\u2019ai eu besoin d\u2019un temps d\u2019adaptation. Peut-\u00eatre que l\u2019\u00e9tape \u00e9tait importante et que je ne m\u2019en suis peut-\u00eatre pas rendu compte directement. Et comme je l\u2019ai dit, la pr\u00e9paration m\u2019a fait du bien. Je vais essayer de montrer toutes mes qualit\u00e9s tout au long de la saison<\/i>\u00a0\u00bb<i>, <\/i>a-t-il simplement racont\u00e9.<\/p>\n<p>Himad Abdelli ne se met pas sp\u00e9cialement d\u2019objectifs durant cette saison, pla\u00e7ant la r\u00e9ussite de l\u2019\u00e9quipe avant tout. \u00ab<i>\u00a0<\/i><i>Moi, mon objectif, c\u2019est que l\u2019OM gagne. Apr\u00e8s, que je marque, que je mette des buts, des passes d\u00e9cisives, \u00e7a, je m\u2019en fous un peu, entre guillemets. Moi, si l\u2019OM gagne, \u00e7a me va.<\/i>\u00a0\u00bb<\/p>\n<p>Il est encore trop t\u00f4t pour conna\u00eetre la nature exacte de ce regain de forme, mais si certains signes ne trompent pas. Dire que cela va se poursuivre jusqu\u2019au printemps prochain est bien trop pr\u00e9matur\u00e9, mais ces am\u00e9liorations de la vie de groupe sont b\u00e9n\u00e9fiques \u00e0 tous. M\u00eame pour les joueurs moins utilis\u00e9s la saison derni\u00e8re.<\/p>\n<\/p><\/div>\n<div class=\"paragraph\">\n<p>Contexte plus b\u00e9n\u00e9fique, vrai regain de forme ou simple illusion\u00a0? Cette pr\u00e9paration pas comme les autres \u00e0 l\u2019Olympique de Marseille a permis \u00e0 certains joueurs de sortir du bois. Mis \u00e0 la cave ou envoyer en pr\u00eat, ils sont nombreux \u00e0 avoir retrouv\u00e9 le maillot olympien durant l\u2019\u00e9t\u00e9. Himad Abdelli, Angel Gomes, Neal Maupay, Amine Harit, Derek Cornelius, ils ont tous particip\u00e9 \u00e0 la solide victoire, vendredi dernier, face \u00e0 Strasbourg (4-0). Qui plus est en \u00e9tant impactants et en r\u00e9ussite pour les titulaires.<\/p>\n<p>Himad Abdelli symbolise bien ce d\u00e9but de renouveau d\u2019\u00e9l\u00e9ments dans l\u2019ombre depuis le d\u00e9but d\u2019ann\u00e9e. Transfuge d\u2019Angers, le milieu de terrain a rejoint son club de c\u0153ur, l\u2019OM, en janvier dernier. Les cinq premiers mois ne se sont pas d\u00e9roul\u00e9s de la meilleure des mani\u00e8res, mais l\u2019int\u00e9ress\u00e9 n\u2019a pas baiss\u00e9 les bras. \u00ab\u00a0<i>M<\/i><i>entalement, c\u2019\u00e9tait tr\u00e8s dur. Je pense que tout le monde le sait maintenant, Marseille, c\u2019est mon club et peut-\u00eatre que les \u00e9motions, je les ai un peu trop prises sur moi. Maintenant, je les ai mises de c\u00f4t\u00e9 et c\u2019est \u00e0 moi de faire mon jeu pour que \u00e7a r\u00e9ussisse<\/i>\u00a0\u00bb<i>, <\/i>appuyait le joueur lors d\u2019un micro tendu apr\u00e8s la rencontre face au Racing.<\/p>\n<p>De son c\u00f4t\u00e9, Bruno Genesio ne voulait pas s\u2019attribuer les m\u00e9rites de ce sursaut\u00a0: \u00ab\u00a0<i>Peut-\u00eatre qu\u2019il y a un contexte qui est plus favorable, pour l\u2019instant en tout cas, pour que certains joueurs s\u2019expriment<\/i>\u00a0\u00bb.<i> <\/i>Sans vouloir particuli\u00e8rement cibler une individualit\u00e9 par rapport \u00e0 une autre, l\u2019entra\u00eeneur olympien a accept\u00e9 de pointer les r\u00e9ussites d\u2019Abdelli durant l\u2019affrontement de la 1<sup>re<\/sup>\u00a0journ\u00e9e. \u00ab\u00a0<i>Chez Himad, ce qui m\u2019a beaucoup plu, c\u2019est son agressivit\u00e9. On conna\u00eet ses qualit\u00e9s techniques, mais ce soir<\/i> [vendredi], <i>il a aussi montr\u00e9 qu\u2019il \u00e9tait capable de r\u00e9cup\u00e9rer des ballons et de donner le tempo dans l\u2019agressivit\u00e9. Je pense qu\u2019au milieu de terrain, c\u2019est tr\u00e8s important.<\/i>\u00a0\u00bb<\/p>\n<\/p><\/div>\n<div class=\"intext\"> \u00ab\u00a0Mon objectif,<br \/>\n               <br \/>c\u2019est que l\u2019OM gagne\u00a0\u00bb\n              <\/div>\n<div class=\"paragraph\">\n<p>Le milieu de terrain de la s\u00e9lection alg\u00e9rienne a beaucoup cit\u00e9 son coach comme \u00e9l\u00e9ment ayant apport\u00e9 de la s\u00e9r\u00e9nit\u00e9. Mais il a \u00e9galement fait preuve de lucidit\u00e9 sur ses d\u00e9buts marseillais. \u00ab\u00a0<i>Pour ma part, j\u2019ai eu besoin d\u2019un temps d\u2019adaptation. Peut-\u00eatre que l\u2019\u00e9tape \u00e9tait importante et que je ne m\u2019en suis peut-\u00eatre pas rendu compte directement. Et comme je l\u2019ai dit, la pr\u00e9paration m\u2019a fait du bien. Je vais essayer de montrer toutes mes qualit\u00e9s tout au long de la saison<\/i>\u00a0\u00bb<i>, <\/i>a-t-il simplement racont\u00e9.<\/p>\n<p>Himad Abdelli ne se met pas sp\u00e9cialement d\u2019objectifs durant cette saison, pla\u00e7ant la r\u00e9ussite de l\u2019\u00e9quipe avant tout. \u00ab<i>\u00a0<\/i><i>Moi, mon objectif, c\u2019est que l\u2019OM gagne. Apr\u00e8s, que je marque, que je mette des buts, des passes d\u00e9cisives, \u00e7a, je m\u2019en fous un peu, entre guillemets. Moi, si l\u2019OM gagne, \u00e7a me va.<\/i>\u00a0\u00bb<\/p>\n<p>Il est encore trop t\u00f4t pour conna\u00eetre la nature exacte de ce regain de forme, mais si certains signes ne trompent pas. Dire que cela va se poursuivre jusqu\u2019au printemps prochain est bien trop pr\u00e9matur\u00e9, mais ces am\u00e9liorations de la vie de groupe sont b\u00e9n\u00e9fiques \u00e0 tous. M\u00eame pour les joueurs moins utilis\u00e9s la saison derni\u00e8re.<\/p>\n<\/p><\/div>\n<div class=\"paragraph\">\n<p><b>Ugo Lamare El Kadmiri vers un contrat pro<\/b><\/p>\n<p>L\u2019information est dans les tuyaux depuis plusieurs jours, le prochain Marseillais \u00e0 signer son contrat professionnel devrait \u00eatre Ugo Lamare El Kadmiri. L\u2019attaquant de 19 ans pourrait parapher un bail jusqu\u2019en juin 2029. De nationalit\u00e9s marocaine et su\u00e9doise, il devrait cette saison \u00eatre \u00e0 la disposition de l\u2019\u00e9quipe Pro 2.<\/p>\n<p>Ugo Lamare El Kadmiri a effectu\u00e9 une ann\u00e9e 2025-2026 pleine en U19 avec pas moins de 14 buts inscrits en 15 matches. Il a activement particip\u00e9 \u00e0 l\u2019aventure Youth League des Minots, marquant \u00e0 deux reprises en six rencontres europ\u00e9ennes. L\u2019attaquant a \u00e9galement r\u00e9alis\u00e9 trois bouts de matches en Ligue 1, lors de la p\u00e9riode Habib Beye.<\/p>\n<\/p><\/div>\n","protected":false},"excerpt":{"rendered":"Contexte plus b&eacute;n&eacute;fique, vrai regain de forme ou simple illusion&nbsp;? Cette pr&eacute;paration pas comme les autres &agrave; l&rsquo;Olympique de Marseille a permis &agrave; certains joueurs de sortir du bois. Mis &agrave; la cave ou &#8230;","protected":false},"author":1,"featured_media":40208,"comment_status":"open","ping_status":"open","sticky":false,"template":"","format":"standard","meta":{"footnotes":""},"categories":[3926,3925,7],"tags":[10,13,1196,1153,16,14],"news-destination":[3944],"news-source":[475],"is_homepage":[],"ta_other":[],"class_list":["post-40207","post","type-post","status-publish","format-standard","has-post-thumbnail","hentry","category-accueil-merge","category-accueil-third","category-sports","tag-bouches-du-rhone","tag-football","tag-joueurs","tag-ligue-1","tag-marseille","tag-om","news-destination-homepage","news-source-website"],"_links":{"self":[{"href":"https:\/\/euapp01.newsmemory.com\/lamarseillaise\/news\/wp-json\/wp\/v2\/posts\/40207","targetHints":{"allow":["GET"]}}],"collection":[{"href":"https:\/\/euapp01.newsmemory.com\/lamarseillaise\/news\/wp-json\/wp\/v2\/posts"}],"about":[{"href":"https:\/\/euapp01.newsmemory.com\/lamarseillaise\/news\/wp-json\/wp\/v2\/types\/post"}],"author":[{"embeddable":true,"href":"https:\/\/euapp01.newsmemory.com\/lamarseillaise\/news\/wp-json\/wp\/v2\/users\/1"}],"replies":[{"embeddable":true,"href":"https:\/\/euapp01.newsmemory.com\/lamarseillaise\/news\/wp-json\/wp\/v2\/comments?post=40207"}],"version-history":[{"count":1,"href":"https:\/\/euapp01.newsmemory.com\/lamarseillaise\/news\/wp-json\/wp\/v2\/posts\/40207\/revisions"}],"predecessor-version":[{"id":40209,"href":"https:\/\/euapp01.newsmemory.com\/lamarseillaise\/news\/wp-json\/wp\/v2\/posts\/40207\/revisions\/40209"}],"wp:featuredmedia":[{"embeddable":true,"href":"https:\/\/euapp01.newsmemory.com\/lamarseillaise\/news\/wp-json\/wp\/v2\/media\/40208"}],"wp:attachment":[{"href":"https:\/\/euapp01.newsmemory.com\/lamarseillaise\/news\/wp-json\/wp\/v2\/media?parent=40207"}],"wp:term":[{"taxonomy":"category","embeddable":true,"href":"https:\/\/euapp01.newsmemory.com\/lamarseillaise\/news\/wp-json\/wp\/v2\/categories?post=40207"},{"taxonomy":"post_tag","embeddable":true,"href":"https:\/\/euapp01.newsmemory.com\/lamarseillaise\/news\/wp-json\/wp\/v2\/tags?post=40207"},{"taxonomy":"news-destination","embeddable":true,"href":"https:\/\/euapp01.newsmemory.com\/lamarseillaise\/news\/wp-json\/wp\/v2\/news-destination?post=40207"},{"taxonomy":"news-source","embeddable":true,"href":"https:\/\/euapp01.newsmemory.com\/lamarseillaise\/news\/wp-json\/wp\/v2\/news-source?post=40207"},{"taxonomy":"is_homepage","embeddable":true,"href":"https:\/\/euapp01.newsmemory.com\/lamarseillaise\/news\/wp-json\/wp\/v2\/is_homepage?post=40207"},{"taxonomy":"ta_other","embeddable":true,"href":"https:\/\/euapp01.newsmemory.com\/lamarseillaise\/news\/wp-json\/wp\/v2\/ta_other?post=40207"}],"curies":[{"name":"wp","href":"https:\/\/api.w.org\/{rel}","templated":true}]}}