{"id":40201,"date":"2026-08-25T07:17:00","date_gmt":"2026-08-25T05:17:00","guid":{"rendered":"https:\/\/euapp01.newsmemory.com\/lamarseillaise\/news\/?p=40201"},"modified":"2026-08-29T08:42:34","modified_gmt":"2026-08-29T06:42:34","slug":"cest-lete-meteo-france-lart-de-mesurer-le-climat-et-la-meteo","status":"publish","type":"post","link":"https:\/\/euapp01.newsmemory.com\/lamarseillaise\/news\/2026\/08\/25\/cest-lete-meteo-france-lart-de-mesurer-le-climat-et-la-meteo\/","title":{"rendered":"[C\u2019est l\u2019\u00e9t\u00e9] M\u00e9t\u00e9o France, l\u2019art de mesurer le climat et la m\u00e9t\u00e9o"},"content":{"rendered":"<div class=\"paragraph\">\n<p>Cet \u00e9t\u00e9, il fait chaud. Beaucoup trop chaud. \u00ab\u00a0<i>Mais c\u2019est tout \u00e0 fait courant dans le monde dans lequel on va<\/i>\u00a0\u00bb, affirme pourtant, un brin fataliste, St\u00e9phane Roos, directeur adjoint de M\u00e9t\u00e9o-France sur la zone sud-est. Car il faut s\u2019y r\u00e9soudre\u00a0: \u00ab\u00a0<i>De notre vivant, on ne retrouvera jamais la plan\u00e8te telle qu\u2019elle \u00e9tait. On voit cet \u00e9t\u00e9<\/i> <i>comme exceptionnel par rapport \u00e0 des r\u00e9f\u00e9rences qui, aujourd\u2019hui, n\u2019existent plus. Dans 15-20<\/i><i>\u00a0<\/i><i>ans, il sera tout \u00e0 fait normal<\/i><i>\u00a0<\/i>\u00bb.<\/p>\n<p>Cela fait \u00ab\u00a0<i>des dizaines d\u2019ann\u00e9es<\/i><i>\u00a0<\/i>\u00bb que l\u2019institution, devenue grande contributrice du GIEC, pr\u00e9vient \u00ab\u00a0<i>d\u2019un r\u00e9chauffement climatique majeur. On en a la confirmation, et on se rend compte que \u00e7a arrive en temps et en heure, m\u00eame un peu avant. L\u00e0, pour l\u2019instant, on est encore dans les sc\u00e9narios d\u00e9crits par la TRACC, la trajectoire r\u00e9gionale d\u2019adaptation au changement climatique<\/i>\u00a0\u00bb, appuie St\u00e9phane Roos. Ceux-ci sont utilis\u00e9s par la France pour produire des politiques d\u2019adaptation et de r\u00e9duction des \u00e9missions de gaz \u00e0 effet de serre. En ligne de mire\u00a0: +3\u00b0C \u00e0 horizon\u00a02100 au niveau mondial, 4\u00b0C en France \u00ab\u00a0<i>et peut-\u00eatre m\u00eame +0,8\u00b0C de plus sur l\u2019arc m\u00e9diterran\u00e9en<\/i>\u00a0\u00bb, met-il en garde.<\/p>\n<p>Avec tous les changements globaux que cela induit\u00a0: \u00ab\u00a0<i>Il ne s\u2019agit pas juste de 3\u00b0C en plus<\/i><i>\u00a0<\/i><i>: 3,6\u00b0C, c\u2019est ce qui nous s\u00e9pare du mammouth laineux. Il y a 120<\/i><i>\u00a0<\/i><i>000<\/i><i>\u00a0<\/i><i>ans et<\/i> <i>60<\/i><i>\u00a0<\/i><i>000<\/i><i>\u00a0<\/i><i>ans, plus des<\/i> <i>deux tiers de l\u2019h\u00e9misph\u00e8re nord \u00e9taient recouverts par 1<\/i><i>\u00a0<\/i><i>\u00e0 2<\/i>\u00a0<i>km<\/i> <i>de glace. \u00c7a a mis 20<\/i><i>\u00a0<\/i><i>000<\/i><i>\u00a0<\/i><i>\u00e0 30<\/i><i>\u00a0<\/i><i>000<\/i><i>\u00a0<\/i><i>ans pour se r\u00e9chauffer<\/i><i>\u00a0<\/i>\u00bb. \u00c0 l\u2019inverse, 3\u00b0C suppl\u00e9mentaires auront pour cons\u00e9quence une s\u00e9cheresse accrue des sols\u00a0: \u00ab\u00a0<i>Ces temp\u00e9ratures<\/i> <i>jouent sur l\u2019hydrom\u00e9trie. De plus, m\u00eame s\u2019il y a presque toujours autant de pluies, au<\/i> <i>lieu d\u2019\u00eatre \u00e9tal\u00e9es<\/i> <i>dans le temps et de recharger<\/i> <i>les<\/i> <i>nappes, elles sont concentr\u00e9es sur des \u00e9pisodes tr\u00e8s courts et d\u00e9vastateurs, et au lieu de rentrer dans le sol, elles ruissellent vers<\/i> <i>la mer, ce qui limite la recharge des nappes phr\u00e9atiques. C\u2019est aggrav\u00e9 par l\u2019\u00e9vapotranspiration<\/i><i>\u00a0<\/i><i>: quand les plantes<\/i> <i>re\u00e7oivent des<\/i> <i>gouttes d\u2019eau, elles les captent et transpirent parce qu\u2019il fait chaud, les rejetant dans l\u2019atmosph\u00e8re<\/i><i>\u00a0<\/i>\u00bb.<\/p>\n<\/p><\/div>\n<div class=\"intext\"> \u00ab\u00a0D\u2019une logique d\u2019observation \u00e0 une logique de pr\u00e9vision\u00a0\u00bb\n              <\/div>\n<div class=\"paragraph\">\n<p>Pour \u00e9tablir ces pr\u00e9visions \u00e0 long terme, il faut regarder derri\u00e8re. C\u2019est ce que s\u2019attelle \u00e0 faire, depuis le Moyen-\u00c2ge, la climatologie. \u00ab\u00a0<i>Au XVII<\/i><i><sup>e<\/sup><\/i><i>\u00a0<\/i><i>si\u00e8cle, on a d\u00e9couvert la pression atmosph\u00e9rique. Petit \u00e0 petit, on invente les moyens de mesurer la force du vent, le pluviom\u00e8tre&#8230; On s\u2019est mis \u00e0 noter de mani\u00e8re de plus en plus rigoureuse, et<\/i> <i>on s\u2019est servi de ces donn\u00e9es<\/i> <i>pour caler les mod\u00e8les d\u2019\u00e9volution climatique<\/i><i>\u00a0<\/i><i>: on les utilise pour ajuster les mod\u00e8les<\/i><i>\u00a0<\/i>\u00bb, explique St\u00e9phane Roos.<\/p>\n<p>Dans le m\u00eame temps, il faut aussi avoir un \u0153il sur le temps \u00e0 venir. C\u2019est le sujet de la m\u00e9t\u00e9orologie, qui trouve ses racines dans un \u00e9v\u00e9nement historique\u00a0: le si\u00e8ge de S\u00e9bastopol par les troupes franco-anglaises en 1854. Une violente temp\u00eate d\u00e9cime la flotte fran\u00e7aise en Mer Noire. \u00ab\u00a0<i>Napol\u00e9on<\/i><i>\u00a0<\/i><i>III charge l\u2019\u00e9quivalent du ministre de l\u2019Enseignement et de la Recherche de l\u2019\u00e9poque, l\u2019astronome Urbain Le<\/i><i>\u00a0<\/i><i>Verrier, qui relevait les param\u00e8tres m\u00e9t\u00e9o heure par heure, d\u2019essayer d\u2019anticiper les<\/i> <i>temp\u00eates<\/i>\u00a0\u00bb, raconte St\u00e9phane Roos. Le\u00a0Verrier recueille les donn\u00e9es de ses confr\u00e8res europ\u00e9ens, notamment la pression atmosph\u00e9rique et sa tendance. Il observe que la temp\u00eate suit un minimum d\u00e9pressionnaire, et qu\u2019on peut, par ce biais, \u00e9valuer sa direction. Le\u00a0Verrier fut ainsi \u00e0 l\u2019origine de la Veille m\u00e9t\u00e9orologique mondiale &#8211;\u00a0un r\u00e9seau europ\u00e9en mis en place d\u00e8s\u00a01874 pour passer \u00ab\u00a0<i>d\u2019une logique d\u2019observation \u00e0 une logique de pr\u00e9vision<\/i>\u00a0\u00bb &#8211;\u00a0et du Service m\u00e9t\u00e9orologique fran\u00e7ais en 1854, anc\u00eatre de M\u00e9t\u00e9o-France.<\/p>\n<p>Depuis, l\u2019observation m\u00e9t\u00e9o a beaucoup progress\u00e9\u00a0: stations automatiques, satellites, radars, supercalculateurs&#8230; \u00ab\u00a0<i>La pr\u00e9vision m\u00e9t\u00e9o est li\u00e9e \u00e0 la mod\u00e9lisation physique, c\u2019est-\u00e0-dire<\/i> <i>traduire<\/i> <i>en expression math\u00e9matique ce<\/i> <i>qui se passe dans l\u2019atmosph\u00e8re<\/i><i>\u00a0<\/i>\u00bb, synth\u00e9tise St\u00e9phane Roos. Avec une pr\u00e9cision parfaite\u00a0? \u00ab\u00a0<i>Non. Par exemple, il est tr\u00e8s difficile de<\/i> <i>pr\u00e9voir la position exacte de la supercellule orageuse d\u00e9vastatrice qui va donner 60<\/i><i>\u00a0<\/i><i>mm\/heure pendant<\/i> <i>deux heures<\/i>\u00a0\u00bb, reconna\u00eet-il. Il en va de m\u00eame pour les pr\u00e9visions saisonni\u00e8res\u00a0: \u00ab\u00a0<i>Il s\u2019agit de tendances bas\u00e9es sur des mod\u00e8les et des \u00e9l\u00e9ments macros comme les masses d\u2019air. On passe de pr\u00e9visions d\u00e9terministes (le temps qu\u2019il va faire demain), \u00e0 de la probabilit\u00e9<\/i><i>\u00a0<\/i>\u00bb.<\/p>\n<\/p><\/div>\n<div class=\"paragraph\">\n<p><b>L\u2019histoire de l\u2019institution<\/b><\/p>\n<p>\u00c9tablissement public fond\u00e9 en 1855, le Service m\u00e9t\u00e9orologique fran\u00e7ais, devenu M\u00e9t\u00e9o-France en 1993, a pour mission d\u2019observer et pr\u00e9voir le temps, \u00e9tudier le climat, faire progresser les savoirs et fournir des donn\u00e9es et services vou\u00e9s, notamment, \u00e0 assurer la s\u00e9curit\u00e9 des biens et des personnes.<\/p>\n<\/p><\/div>\n","protected":false},"excerpt":{"rendered":"Cet &eacute;t&eacute;, il fait chaud. Beaucoup trop chaud. &laquo;&nbsp;Mais c&rsquo;est tout &agrave; fait courant dans le monde dans lequel on va&nbsp;&raquo;, affirme pourtant, un brin fataliste, St&eacute;phane Roos, directeur adjoint de &#8230;","protected":false},"author":1,"featured_media":40202,"comment_status":"open","ping_status":"open","sticky":false,"template":"","format":"standard","meta":{"footnotes":""},"categories":[3926,3925,333,20],"tags":[556,10,6085,207,1551,417,5712,26,3935,6111,1805,1202,2031,1912,4220,895,419,1397,1395,5236,4758,2674],"news-destination":[3944],"news-source":[475],"is_homepage":[],"ta_other":[],"class_list":["post-40201","post","type-post","status-publish","format-standard","has-post-thumbnail","hentry","category-accueil-merge","category-accueil-third","category-environnement","category-societe","tag-aix-en-provence","tag-bouches-du-rhone","tag-cest-lete","tag-changement-climatique","tag-chaud","tag-climat","tag-climatologie","tag-environnement","tag-froid","tag-giec","tag-instruments","tag-meteo","tag-meteo-france","tag-pluies","tag-previsions","tag-provence","tag-rechauffement-climatique","tag-secheresse","tag-temperatures","tag-tempete","tag-temps","tag-vent","news-destination-homepage","news-source-website"],"_links":{"self":[{"href":"https:\/\/euapp01.newsmemory.com\/lamarseillaise\/news\/wp-json\/wp\/v2\/posts\/40201","targetHints":{"allow":["GET"]}}],"collection":[{"href":"https:\/\/euapp01.newsmemory.com\/lamarseillaise\/news\/wp-json\/wp\/v2\/posts"}],"about":[{"href":"https:\/\/euapp01.newsmemory.com\/lamarseillaise\/news\/wp-json\/wp\/v2\/types\/post"}],"author":[{"embeddable":true,"href":"https:\/\/euapp01.newsmemory.com\/lamarseillaise\/news\/wp-json\/wp\/v2\/users\/1"}],"replies":[{"embeddable":true,"href":"https:\/\/euapp01.newsmemory.com\/lamarseillaise\/news\/wp-json\/wp\/v2\/comments?post=40201"}],"version-history":[{"count":1,"href":"https:\/\/euapp01.newsmemory.com\/lamarseillaise\/news\/wp-json\/wp\/v2\/posts\/40201\/revisions"}],"predecessor-version":[{"id":40203,"href":"https:\/\/euapp01.newsmemory.com\/lamarseillaise\/news\/wp-json\/wp\/v2\/posts\/40201\/revisions\/40203"}],"wp:featuredmedia":[{"embeddable":true,"href":"https:\/\/euapp01.newsmemory.com\/lamarseillaise\/news\/wp-json\/wp\/v2\/media\/40202"}],"wp:attachment":[{"href":"https:\/\/euapp01.newsmemory.com\/lamarseillaise\/news\/wp-json\/wp\/v2\/media?parent=40201"}],"wp:term":[{"taxonomy":"category","embeddable":true,"href":"https:\/\/euapp01.newsmemory.com\/lamarseillaise\/news\/wp-json\/wp\/v2\/categories?post=40201"},{"taxonomy":"post_tag","embeddable":true,"href":"https:\/\/euapp01.newsmemory.com\/lamarseillaise\/news\/wp-json\/wp\/v2\/tags?post=40201"},{"taxonomy":"news-destination","embeddable":true,"href":"https:\/\/euapp01.newsmemory.com\/lamarseillaise\/news\/wp-json\/wp\/v2\/news-destination?post=40201"},{"taxonomy":"news-source","embeddable":true,"href":"https:\/\/euapp01.newsmemory.com\/lamarseillaise\/news\/wp-json\/wp\/v2\/news-source?post=40201"},{"taxonomy":"is_homepage","embeddable":true,"href":"https:\/\/euapp01.newsmemory.com\/lamarseillaise\/news\/wp-json\/wp\/v2\/is_homepage?post=40201"},{"taxonomy":"ta_other","embeddable":true,"href":"https:\/\/euapp01.newsmemory.com\/lamarseillaise\/news\/wp-json\/wp\/v2\/ta_other?post=40201"}],"curies":[{"name":"wp","href":"https:\/\/api.w.org\/{rel}","templated":true}]}}