{"id":40197,"date":"2026-08-25T06:54:00","date_gmt":"2026-08-25T04:54:00","guid":{"rendered":"https:\/\/euapp01.newsmemory.com\/lamarseillaise\/news\/?p=40197"},"modified":"2026-08-29T08:42:34","modified_gmt":"2026-08-29T06:42:34","slug":"des-refugies-pris-pour-cible-en-mediterranee","status":"publish","type":"post","link":"https:\/\/euapp01.newsmemory.com\/lamarseillaise\/news\/2026\/08\/25\/des-refugies-pris-pour-cible-en-mediterranee\/","title":{"rendered":"Des r\u00e9fugi\u00e9s pris pour cible en M\u00e9diterran\u00e9e"},"content":{"rendered":"<div class=\"paragraph\">\n<p>L\u2019ONG SOS\u00a0M\u00e9diterran\u00e9e a d\u00e9plor\u00e9 ce lundi 24\u00a0ao\u00fbt dans un communiqu\u00e9 une \u00ab\u00a0<i>intensification des menaces<\/i>\u00a0\u00bb en M\u00e9diterran\u00e9e centrale, pointant des interceptions \u00ab\u00a0<i>de plus en plus violentes<\/i>\u00a0\u00bb d\u2019embarcations de \u00ab\u00a0<i>personnes en d\u00e9tresse<\/i><i>\u00a0<\/i>\u00bb et des poursuites des navires de sauvetage, qu\u2019elle attribue \u00e0 des \u00ab\u00a0<i>acteurs libyens<\/i>\u00a0\u00bb et des \u00ab\u00a0<i>groupes arm\u00e9s<\/i>\u00a0\u00bb.<\/p>\n<p>Voil\u00e0 un an, son bateau l\u2019Ocean Viking avait essuy\u00e9 \u00ab\u00a0<i>des tirs des garde-c\u00f4tes libyens<\/i><i>\u00a0<\/i>\u00bb assure-t-elle alors qu\u2019il transportait 87\u00a0personnes rescap\u00e9es m\u00eame si \u00ab\u00a0<i>les responsables de l\u2019attaque n\u2019ont pas \u00e9t\u00e9 identifi\u00e9s<\/i><i>\u00a0<\/i>\u00bb, convient l\u2019ONG.<\/p>\n<p>SOS M\u00e9diterran\u00e9e estime que \u00ab\u00a0<i>cet environnement op\u00e9rationnel, de plus en plus hostile en M\u00e9diterran\u00e9e centrale, n\u2019aurait pas pu perdurer sans l\u2019\u00e9largissement de la coop\u00e9ration europ\u00e9enne avec les acteurs libyens en mati\u00e8re de dissuasion migratoire<\/i>\u00a0\u00bb. \u00ab\u00a0<i>Un ph\u00e9nom\u00e8ne nouveau et pr\u00e9occupant<\/i>\u00a0\u00bb a \u00e9galement \u00e9t\u00e9 recens\u00e9 par l\u2019ONG entre juin et juillet. Cette derni\u00e8re affirmant qu\u2019\u00e0 sept reprises au moins, des navires \u00ab\u00a0<i>li\u00e9s \u00e0 des acteurs libyens<\/i>\u00a0\u00bb, certains \u00ab\u00a0<i>non identifi\u00e9s<\/i><i>\u00a0<\/i>\u00bb, se sont approch\u00e9s \u00ab\u00a0<i>\u00e0 grande vitesse<\/i>\u00a0\u00bb de bateaux de sauvetage, ou les ont suivis des heures durant &#8211; des \u00ab\u00a0<i>poursuites<\/i><i>\u00a0<\/i>\u00bb jusque dans les eaux internationales.<\/p>\n<\/p><\/div>\n<div class=\"intext\"> Un premier trimestre meurtrier\n              <\/div>\n<div class=\"paragraph\">\n<p>Elle souligne \u00e9galement une \u00ab\u00a0<i>augmentation significative de la pr\u00e9sence de vedettes rapides non identifi\u00e9es, li\u00e9es \u00e0 diff\u00e9rents groupes arm\u00e9s en Libye<\/i>\u00a0\u00bb. Des embarcations<i> <\/i>qui<i> <\/i>\u00ab\u00a0<i>ont \u00e9t\u00e9 observ\u00e9es (&#8230;) percutant d\u00e9lib\u00e9r\u00e9ment des embarcations transportant des personnes en d\u00e9tresse et en effectuant des man\u0153uvres mettant leur vie en danger<\/i><i>\u00a0<\/i>\u00bb, poursuit SOS\u00a0M\u00e9diterran\u00e9e.<\/p>\n<p>Pour Soazic Dupuy, directrice des op\u00e9rations au sein de l\u2019ONG, \u00ab\u00a0<i>cette attaque aurait d\u00fb marquer un tournant<\/i><i>\u00a0<\/i>\u00bb. Mais avec ce harc\u00e8lement, \u00ab\u00a0<i>le message envoy\u00e9 est dangereux<\/i><i>\u00a0<\/i><i>: la violence en mer peut se poursuivre en toute impunit\u00e9<\/i><i>\u00a0<\/i>\u00bb, alerte-t-elle.<\/p>\n<p>SOS M\u00e9diterran\u00e9e r\u00e9it\u00e8re \u00e9galement un appel pour \u00ab\u00a0<i>une enqu\u00eate compl\u00e8te et ind\u00e9pendante afin d\u2019\u00e9tablir les responsabilit\u00e9s autour de cette attaque<\/i><i>\u00a0<\/i>\u00bb. Et Soazic Dupuy r\u00e9affirme son intention de continuer \u00e0 \u00ab\u00a0<i>sauver des vies, documenter les violations et veiller \u00e0 ce que la M\u00e9diterran\u00e9e demeure un espace o\u00f9 s\u2019applique le droit international, la transparence et les principes les plus \u00e9l\u00e9mentaires d\u2019humanit\u00e9<\/i>\u00a0\u00bb.<\/p>\n<p>Dans le bilan de ses dix ans d\u2019activit\u00e9 publi\u00e9 en juin, l\u2019ONG s\u2019inqui\u00e9tait d\u00e9j\u00e0 d\u2019un premier trimestre\u00a02026, \u00ab\u00a0<i>le plus meurtrier jamais enregistr\u00e9<\/i>\u00a0\u00bb, la M\u00e9diterran\u00e9e centrale \u00e9tant \u00ab\u00a0<i>devenue un cimeti\u00e8re \u00e0 ciel ouvert non par fatalit\u00e9, mais du fait de choix politiques de non-assistance \u00e0 personne en danger<\/i>\u00a0\u00bb.<\/p>\n<\/p><\/div>\n<div class=\"paragraph\">\n<p><b>REP\u00c8RES<\/b><\/p>\n<p><b>821<\/b><\/p>\n<p>C\u2019est le nombre de personnes disparues ou d\u00e9c\u00e9d\u00e9es en M\u00e9diterran\u00e9e centrale au cours des quatre premiers mois de 2026, selon l\u2019Organisation internationale pour les migrations, soit une augmentation de 111 % par rapport \u00e0 2025.<\/p>\n<p><b>43 485<\/b><\/p>\n<p>C\u2019est le nombre de personnes auxquelles SOS M\u00e9diterran\u00e9e a port\u00e9 secours depuis le 7 mars 2016. Un quart d\u2019entre elles \u00e9taient mineures, dont 80 % non accompagn\u00e9es. Dans le m\u00eame temps, entre janvier et juin 2026, 35 000 personnes ont disparu en mer.<\/p>\n<p><b>27 116<\/b><\/p>\n<p>C\u2019est le nombre de personnes qui ont \u00e9t\u00e9 intercept\u00e9es par les gardes-c\u00f4tes libyens en 2025, d\u2019apr\u00e8s l\u2019organisation internationale pour les migrations. Ramen\u00e9s en Libye, les migrants font face \u00e0 un syst\u00e8me d\u2019exploitation d\u00e9crit par l\u2019ONU comme brutal et profond\u00e9ment enracin\u00e9.<\/p>\n<p><b>75,7 %<\/b><\/p>\n<p>C\u2019est la part des d\u00e9c\u00e8s en M\u00e9diterran\u00e9e qui ont eu lieu en M\u00e9diterran\u00e9e centrale, sur cette route migratoire entre la Libye et l\u2019Italie, une des plus mortelles au monde, du fait, notamment, de la tr\u00e8s grande distance qui s\u00e9pare les c\u00f4tes des deux pays.<\/p>\n<\/p><\/div>\n","protected":false},"excerpt":{"rendered":"L&rsquo;ONG SOS&nbsp;M&eacute;diterran&eacute;e a d&eacute;plor&eacute; ce lundi 24&nbsp;ao&ucirc;t dans un communiqu&eacute; une &laquo;&nbsp;intensification des menaces&nbsp;&raquo; en M&eacute;diterran&eacute;e centrale, pointant des &#8230;","protected":false},"author":1,"featured_media":40198,"comment_status":"open","ping_status":"open","sticky":false,"template":"","format":"standard","meta":{"footnotes":""},"categories":[3926,3925,337,20],"tags":[1091,371,1703,1222,659,723,1470,2133,1467,1656,1276,923,2575,73,2636,2795,1460,120,3135,2574,3948,593],"news-destination":[3944],"news-source":[475],"is_homepage":[],"ta_other":[],"class_list":["post-40197","post","type-post","status-publish","format-standard","has-post-thumbnail","hentry","category-accueil-merge","category-accueil-third","category-international","category-societe","tag-alerte","tag-appel","tag-augmentation","tag-bateau","tag-bateaux","tag-bilan","tag-cooperation","tag-danger","tag-droit-international","tag-droits-humains","tag-enquete","tag-harcelement","tag-immigration","tag-international","tag-menaces","tag-migrants","tag-navires","tag-onu","tag-sauvetage","tag-sos-mediterranee","tag-tirs","tag-transparence","news-destination-homepage","news-source-website"],"_links":{"self":[{"href":"https:\/\/euapp01.newsmemory.com\/lamarseillaise\/news\/wp-json\/wp\/v2\/posts\/40197","targetHints":{"allow":["GET"]}}],"collection":[{"href":"https:\/\/euapp01.newsmemory.com\/lamarseillaise\/news\/wp-json\/wp\/v2\/posts"}],"about":[{"href":"https:\/\/euapp01.newsmemory.com\/lamarseillaise\/news\/wp-json\/wp\/v2\/types\/post"}],"author":[{"embeddable":true,"href":"https:\/\/euapp01.newsmemory.com\/lamarseillaise\/news\/wp-json\/wp\/v2\/users\/1"}],"replies":[{"embeddable":true,"href":"https:\/\/euapp01.newsmemory.com\/lamarseillaise\/news\/wp-json\/wp\/v2\/comments?post=40197"}],"version-history":[{"count":1,"href":"https:\/\/euapp01.newsmemory.com\/lamarseillaise\/news\/wp-json\/wp\/v2\/posts\/40197\/revisions"}],"predecessor-version":[{"id":40199,"href":"https:\/\/euapp01.newsmemory.com\/lamarseillaise\/news\/wp-json\/wp\/v2\/posts\/40197\/revisions\/40199"}],"wp:featuredmedia":[{"embeddable":true,"href":"https:\/\/euapp01.newsmemory.com\/lamarseillaise\/news\/wp-json\/wp\/v2\/media\/40198"}],"wp:attachment":[{"href":"https:\/\/euapp01.newsmemory.com\/lamarseillaise\/news\/wp-json\/wp\/v2\/media?parent=40197"}],"wp:term":[{"taxonomy":"category","embeddable":true,"href":"https:\/\/euapp01.newsmemory.com\/lamarseillaise\/news\/wp-json\/wp\/v2\/categories?post=40197"},{"taxonomy":"post_tag","embeddable":true,"href":"https:\/\/euapp01.newsmemory.com\/lamarseillaise\/news\/wp-json\/wp\/v2\/tags?post=40197"},{"taxonomy":"news-destination","embeddable":true,"href":"https:\/\/euapp01.newsmemory.com\/lamarseillaise\/news\/wp-json\/wp\/v2\/news-destination?post=40197"},{"taxonomy":"news-source","embeddable":true,"href":"https:\/\/euapp01.newsmemory.com\/lamarseillaise\/news\/wp-json\/wp\/v2\/news-source?post=40197"},{"taxonomy":"is_homepage","embeddable":true,"href":"https:\/\/euapp01.newsmemory.com\/lamarseillaise\/news\/wp-json\/wp\/v2\/is_homepage?post=40197"},{"taxonomy":"ta_other","embeddable":true,"href":"https:\/\/euapp01.newsmemory.com\/lamarseillaise\/news\/wp-json\/wp\/v2\/ta_other?post=40197"}],"curies":[{"name":"wp","href":"https:\/\/api.w.org\/{rel}","templated":true}]}}