{"id":40194,"date":"2026-08-25T06:41:00","date_gmt":"2026-08-25T04:41:00","guid":{"rendered":"https:\/\/euapp01.newsmemory.com\/lamarseillaise\/news\/?p=40194"},"modified":"2026-08-25T10:15:41","modified_gmt":"2026-08-25T08:15:41","slug":"notre-mer-un-ocean-dinhumanite","status":"publish","type":"post","link":"https:\/\/euapp01.newsmemory.com\/lamarseillaise\/news\/2026\/08\/25\/notre-mer-un-ocean-dinhumanite\/","title":{"rendered":"Notre mer, un oc\u00e9an d\u2019inhumanit\u00e9"},"content":{"rendered":"<div class=\"paragraph\">\n<p>La M\u00e9diterran\u00e9e n\u2019est plus seulement un immense cimeti\u00e8re de migrants creus\u00e9 par l\u2019inaction des gouvernements europ\u00e9ens, elle est devenue le th\u00e9\u00e2tre d\u2019une violence croissante.<\/p>\n<p>Il y a un an, l\u2019<i>Ocean Viking,<\/i> navire de l\u2019association de sauvetage en mer SOS M\u00e9diterran\u00e9e, avait essuy\u00e9 des tirs de la part de garde-c\u00f4tes libyens, causant d\u2019importants d\u00e9g\u00e2ts mat\u00e9riels et un grave traumatisme pour les personnes \u00e0 bord. Depuis, l\u2019association d\u00e9nonce une multiplication des interceptions de plus en plus violentes de personnes en d\u00e9tresse en mer et des \u00ab\u00a0<i>poursuites<\/i><i>\u00a0<\/i>\u00bb de navires de sauvetage jusque dans les eaux internationales par des groupes arm\u00e9s.<\/p>\n<p><b>Impunit\u00e9 et indiff\u00e9rence<\/b><\/p>\n<p>Tout cela dans l\u2019impunit\u00e9 s\u2019agissant des garde-c\u00f4tes libyens et dans une indiff\u00e9rence complice des gouvernements europ\u00e9ens. Ceux-l\u00e0 m\u00eames qui ont fait de la Libye une plaie ouverte dans la rive sud de la M\u00e9diterran\u00e9e o\u00f9 les migrants subissent l\u2019esclavage, les viols et la faim.<\/p>\n<p>Comment accepter que des mafias paramilitaires se d\u00e9veloppent dans notre mer commune en instrumentalisant la mis\u00e8re humaine et ses cons\u00e9quences\u00a0?<\/p>\n<p>Tandis que SOS M\u00e9diterran\u00e9e sonne l\u2019alerte, d\u2019autres violences ont \u00e9clat\u00e9 en Gr\u00e8ce dans des centres de r\u00e9tention o\u00f9 la police anti-\u00e9meute a \u00e9t\u00e9 envoy\u00e9e.<\/p>\n<p>Cette situation est intenable. Pourtant un autre chemin existe\u00a0: le respect des droits humains, du droit de la mer, des conventions internationales et le cod\u00e9veloppement pour faire de la M\u00e9diterran\u00e9e un espace de prosp\u00e9rit\u00e9 commune plut\u00f4t qu\u2019un oc\u00e9an d\u2019inhumanit\u00e9.<\/p>\n<\/p><\/div>\n","protected":false},"excerpt":{"rendered":"La M&eacute;diterran&eacute;e n&rsquo;est plus seulement un immense cimeti&egrave;re de migrants creus&eacute; par l&rsquo;inaction des gouvernements europ&eacute;ens, elle est devenue le th&eacute;&acirc;tre d&rsquo;une violence croissante.Il y a &#8230;","protected":false},"author":1,"featured_media":40195,"comment_status":"open","ping_status":"open","sticky":false,"template":"","format":"standard","meta":{"footnotes":""},"categories":[332],"tags":[168,10,1656,1372,16,85,2795,4324,111,2574],"news-destination":[],"news-source":[475],"is_homepage":[],"ta_other":[],"class_list":["post-40194","post","type-post","status-publish","format-standard","has-post-thumbnail","hentry","category-edito","tag-association","tag-bouches-du-rhone","tag-droits-humains","tag-editoriaux","tag-marseille","tag-mer","tag-migrants","tag-ocean-viking","tag-securite","tag-sos-mediterranee","news-source-website"],"_links":{"self":[{"href":"https:\/\/euapp01.newsmemory.com\/lamarseillaise\/news\/wp-json\/wp\/v2\/posts\/40194","targetHints":{"allow":["GET"]}}],"collection":[{"href":"https:\/\/euapp01.newsmemory.com\/lamarseillaise\/news\/wp-json\/wp\/v2\/posts"}],"about":[{"href":"https:\/\/euapp01.newsmemory.com\/lamarseillaise\/news\/wp-json\/wp\/v2\/types\/post"}],"author":[{"embeddable":true,"href":"https:\/\/euapp01.newsmemory.com\/lamarseillaise\/news\/wp-json\/wp\/v2\/users\/1"}],"replies":[{"embeddable":true,"href":"https:\/\/euapp01.newsmemory.com\/lamarseillaise\/news\/wp-json\/wp\/v2\/comments?post=40194"}],"version-history":[{"count":1,"href":"https:\/\/euapp01.newsmemory.com\/lamarseillaise\/news\/wp-json\/wp\/v2\/posts\/40194\/revisions"}],"predecessor-version":[{"id":40196,"href":"https:\/\/euapp01.newsmemory.com\/lamarseillaise\/news\/wp-json\/wp\/v2\/posts\/40194\/revisions\/40196"}],"wp:featuredmedia":[{"embeddable":true,"href":"https:\/\/euapp01.newsmemory.com\/lamarseillaise\/news\/wp-json\/wp\/v2\/media\/40195"}],"wp:attachment":[{"href":"https:\/\/euapp01.newsmemory.com\/lamarseillaise\/news\/wp-json\/wp\/v2\/media?parent=40194"}],"wp:term":[{"taxonomy":"category","embeddable":true,"href":"https:\/\/euapp01.newsmemory.com\/lamarseillaise\/news\/wp-json\/wp\/v2\/categories?post=40194"},{"taxonomy":"post_tag","embeddable":true,"href":"https:\/\/euapp01.newsmemory.com\/lamarseillaise\/news\/wp-json\/wp\/v2\/tags?post=40194"},{"taxonomy":"news-destination","embeddable":true,"href":"https:\/\/euapp01.newsmemory.com\/lamarseillaise\/news\/wp-json\/wp\/v2\/news-destination?post=40194"},{"taxonomy":"news-source","embeddable":true,"href":"https:\/\/euapp01.newsmemory.com\/lamarseillaise\/news\/wp-json\/wp\/v2\/news-source?post=40194"},{"taxonomy":"is_homepage","embeddable":true,"href":"https:\/\/euapp01.newsmemory.com\/lamarseillaise\/news\/wp-json\/wp\/v2\/is_homepage?post=40194"},{"taxonomy":"ta_other","embeddable":true,"href":"https:\/\/euapp01.newsmemory.com\/lamarseillaise\/news\/wp-json\/wp\/v2\/ta_other?post=40194"}],"curies":[{"name":"wp","href":"https:\/\/api.w.org\/{rel}","templated":true}]}}