{"id":40191,"date":"2026-08-24T19:37:00","date_gmt":"2026-08-24T17:37:00","guid":{"rendered":"https:\/\/euapp01.newsmemory.com\/lamarseillaise\/news\/?p=40191"},"modified":"2026-08-29T08:42:26","modified_gmt":"2026-08-29T06:42:26","slug":"avignon-met-un-coup-de-regle-sur-le-kit-de-rentree-scolaire","status":"publish","type":"post","link":"https:\/\/euapp01.newsmemory.com\/lamarseillaise\/news\/2026\/08\/24\/avignon-met-un-coup-de-regle-sur-le-kit-de-rentree-scolaire\/","title":{"rendered":"Avignon met un coup de r\u00e8gle sur le kit de rentr\u00e9e scolaire"},"content":{"rendered":"<div class=\"paragraph\">\n<p>\u00ab <i>O<\/i><i>n <\/i><i>attend les \u00e9lections de 2026 avec un peu d\u2019inqui\u00e9tude. On esp\u00e8re que le futur maire ne d\u00e9cidera pas de supprimer ce dispositif au nom des \u00e9conomies<\/i><i>\u00a0<\/i>\u00bb. Il y a un an, Fr\u00e9d\u00e9rique Corcoral, alors adjointe au maire en charge du quartier Ouest et des personnes en grande pr\u00e9carit\u00e9, avait une vision pr\u00e9monitoire. Le dispositif en question\u00a0? Un kit de fournitures scolaires fourni par la Ville \u00e0 chacun des 8\u00a0750\u00a0\u00e9l\u00e8ves de maternelle et d\u2019\u00e9l\u00e9mentaire. Une mesure instaur\u00e9e \u00e0 la rentr\u00e9e de\u00a02024, qui \u00ab\u00a0<i>permet de r\u00e9tablir une forme d\u2019\u00e9quit\u00e9<\/i><i>\u00a0<\/i><i>: tous les enfants, quels que soient leurs milieux, arrivent \u00e0 l\u2019\u00e9cole avec le m\u00eame mat\u00e9riel<\/i><i>\u00a0<\/i>\u00bb, d\u00e9fendait alors Fr\u00e9d\u00e9rique Corcoral.<\/p>\n<p>Mais visiblement moins du go\u00fbt de la nouvelle municipalit\u00e9 Galzi (DVD) qui a d\u00e9cid\u00e9 de supprimer ce kit, \u00ab\u00a0<i>dans un contexte financier particuli\u00e8rement contraint et une d\u00e9marche de revue des d\u00e9penses ligne par ligne<\/i><i>\u00a0<\/i>\u00bb, r\u00e9pond-on en mairie, sollicit\u00e9e par <i>La<\/i><i>\u00a0<\/i><i>Marseillaise<\/i>. Elle juge le dispositif \u00ab\u00a0<i>co\u00fbteux<\/i><i>\u00a0<\/i>\u00bb [81\u00a0000\u00a0euros] et peu efficace, \u00ab\u00a0<i>un kit sur<\/i><i>\u00a0<\/i><i>4 n\u2019ayant pas \u00e9t\u00e9 retir\u00e9, ce qui interroge le besoin r\u00e9el des familles et la pertinence d\u2019une distribution syst\u00e9matique \u00e0 l\u2019ensemble des \u00e9l\u00e8ves<\/i><i>\u00a0<\/i>\u00bb. La municipalit\u00e9 estime que \u00ab<i>\u00a0<\/i><i>les r\u00e9ponses existent d\u00e9j\u00e0 au plus pr\u00e8s du terrain<\/i><i>\u00a0<\/i>\u00bb, entre allocation de rentr\u00e9e scolaire et une \u00ab\u00a0<i>part importante<\/i><i>\u00a0<\/i>\u00bb des fournitures \u00ab\u00a0<i>d\u00e9j\u00e0 achet\u00e9es directement par les \u00e9coles gr\u00e2ce aux dotations vers\u00e9es par la Ville<\/i><i>\u00a0<\/i>\u00bb. Des dotations en revanche maintenues, \u00e0 42\u00a0euros par \u00e9l\u00e8ve de primaire et 45\u00a0euros en maternelle. \u00ab\u00a0<i>En r\u00e9sum\u00e9, la Ville fait le choix d\u2019une gestion responsable de l\u2019argent public<\/i><i>\u00a0<\/i><i>: r\u00e9server ce qui fonctionne, recentrer les d\u00e9penses sur les besoins r\u00e9els et garantir que l\u2019effort \u00e9ducatif demeure intact<\/i><i>\u00a0<\/i>\u00bb, conclut-on \u00e0 l\u2019H\u00f4tel de ville.<\/p>\n<\/p><\/div>\n<div class=\"intext\"> Pas d\u2019augmentation des tarifs de cantine \u00e0 ce stade\n              <\/div>\n<div class=\"paragraph\">\n<p>Une d\u00e9cision, relev\u00e9e et d\u00e9nonc\u00e9e par la section PCF d\u2019Avignon\u00a0: \u00ab\u00a0<i>Olivier Galzi choisit de sabrer dans les politiques sociales engag\u00e9es par ses pr\u00e9d\u00e9cesseurs, plut\u00f4t que de poursuivre les efforts qui permettaient de mieux prot\u00e9ger les familles et d\u2019am\u00e9liorer le quotidien des enfants avignonnais<\/i>\u00a0\u00bb, poursuit, au nom de la section, Julien De Benito, ex-adjoint de C\u00e9cile Helle. Le PCF juge que cette mesure contribuait \u00e0 \u00ab\u00a0<i>rendre effectif le droit \u00e0 l\u2019\u00e9cole publique, la\u00efque et gratuite<\/i>\u00a0\u00bb. Notons par ailleurs<a rel=\"noopener noreferrer\" href=\"https:\/\/www.lamarseillaise.fr\/politique\/a-avignon-les-familles-verront-elles-la-facture-augmenter-PA19807459\" target=\"_blank\">, et pour l\u2019heure, que les tarifs de la restauration municipale ne bougeront pas. Baiss\u00e9s par trois fois<\/a> lors du pr\u00e9c\u00e9dent mandat, ils permettent \u00e0 un enfant sur deux de d\u00e9jeuner pour moins d\u2019un euro.<\/p>\n<\/p><\/div>\n","protected":false},"excerpt":{"rendered":"&laquo; On attend les &eacute;lections de 2026 avec un peu d&rsquo;inqui&eacute;tude. On esp&egrave;re que le futur maire ne d&eacute;cidera pas de supprimer ce dispositif au nom des &eacute;conomies&nbsp;&raquo;. Il y a un an, &#8230;","protected":false},"author":1,"featured_media":40192,"comment_status":"open","ping_status":"open","sticky":false,"template":"","format":"standard","meta":{"footnotes":""},"categories":[3926,3925,330,20],"tags":[495,1378,685,174,190,410,57,3488,4914,250,712,1773,171,720],"news-destination":[3944],"news-source":[475],"is_homepage":[],"ta_other":[],"class_list":["post-40191","post","type-post","status-publish","format-standard","has-post-thumbnail","hentry","category-accueil-merge","category-accueil-third","category-politique","category-societe","tag-495","tag-allocations","tag-argent-public","tag-avignon","tag-cecile-helle","tag-education","tag-enfants","tag-fournitures","tag-olivier-galzi","tag-pcf","tag-rentree-scolaire","tag-scolarite","tag-vaucluse","tag-ville","news-destination-homepage","news-source-website"],"_links":{"self":[{"href":"https:\/\/euapp01.newsmemory.com\/lamarseillaise\/news\/wp-json\/wp\/v2\/posts\/40191","targetHints":{"allow":["GET"]}}],"collection":[{"href":"https:\/\/euapp01.newsmemory.com\/lamarseillaise\/news\/wp-json\/wp\/v2\/posts"}],"about":[{"href":"https:\/\/euapp01.newsmemory.com\/lamarseillaise\/news\/wp-json\/wp\/v2\/types\/post"}],"author":[{"embeddable":true,"href":"https:\/\/euapp01.newsmemory.com\/lamarseillaise\/news\/wp-json\/wp\/v2\/users\/1"}],"replies":[{"embeddable":true,"href":"https:\/\/euapp01.newsmemory.com\/lamarseillaise\/news\/wp-json\/wp\/v2\/comments?post=40191"}],"version-history":[{"count":2,"href":"https:\/\/euapp01.newsmemory.com\/lamarseillaise\/news\/wp-json\/wp\/v2\/posts\/40191\/revisions"}],"predecessor-version":[{"id":40200,"href":"https:\/\/euapp01.newsmemory.com\/lamarseillaise\/news\/wp-json\/wp\/v2\/posts\/40191\/revisions\/40200"}],"wp:featuredmedia":[{"embeddable":true,"href":"https:\/\/euapp01.newsmemory.com\/lamarseillaise\/news\/wp-json\/wp\/v2\/media\/40192"}],"wp:attachment":[{"href":"https:\/\/euapp01.newsmemory.com\/lamarseillaise\/news\/wp-json\/wp\/v2\/media?parent=40191"}],"wp:term":[{"taxonomy":"category","embeddable":true,"href":"https:\/\/euapp01.newsmemory.com\/lamarseillaise\/news\/wp-json\/wp\/v2\/categories?post=40191"},{"taxonomy":"post_tag","embeddable":true,"href":"https:\/\/euapp01.newsmemory.com\/lamarseillaise\/news\/wp-json\/wp\/v2\/tags?post=40191"},{"taxonomy":"news-destination","embeddable":true,"href":"https:\/\/euapp01.newsmemory.com\/lamarseillaise\/news\/wp-json\/wp\/v2\/news-destination?post=40191"},{"taxonomy":"news-source","embeddable":true,"href":"https:\/\/euapp01.newsmemory.com\/lamarseillaise\/news\/wp-json\/wp\/v2\/news-source?post=40191"},{"taxonomy":"is_homepage","embeddable":true,"href":"https:\/\/euapp01.newsmemory.com\/lamarseillaise\/news\/wp-json\/wp\/v2\/is_homepage?post=40191"},{"taxonomy":"ta_other","embeddable":true,"href":"https:\/\/euapp01.newsmemory.com\/lamarseillaise\/news\/wp-json\/wp\/v2\/ta_other?post=40191"}],"curies":[{"name":"wp","href":"https:\/\/api.w.org\/{rel}","templated":true}]}}