{"id":40188,"date":"2026-08-24T12:00:00","date_gmt":"2026-08-24T10:00:00","guid":{"rendered":"https:\/\/euapp01.newsmemory.com\/lamarseillaise\/news\/?p=40188"},"modified":"2026-08-24T12:28:45","modified_gmt":"2026-08-24T10:28:45","slug":"passerelle-interculturelle-lijiang-et-evian-deux-villes-faconnees-par-leau","status":"publish","type":"post","link":"https:\/\/euapp01.newsmemory.com\/lamarseillaise\/news\/2026\/08\/24\/passerelle-interculturelle-lijiang-et-evian-deux-villes-faconnees-par-leau\/","title":{"rendered":"[Passerelle interculturelle] Lijiang et \u00c9vian: deux villes fa\u00e7onn\u00e9es par l\u2019eau"},"content":{"rendered":"<div class=\"paragraph\">\n<p>En juin 2026, \u00c9vian-les-Bains a accueilli le sommet du G7. Pendant quelques jours, cette petite ville situ\u00e9e entre le lac L\u00e9man et les Alpes s\u2019est retrouv\u00e9e au centre de l\u2019attention internationale. Mais en arrivant \u00e0 \u00c9vian, ce qui m\u2019a le plus frapp\u00e9e n\u2019\u00e9tait pas seulement l\u2019importance de l\u2019\u00e9v\u00e9nement. C\u2019\u00e9tait l\u2019eau, pr\u00e9sente partout dans le paysage et dans l\u2019histoire de la ville.<\/p>\n<p>Le lac s\u2019\u00e9tend devant \u00c9vian, les montagnes apparaissent sur l\u2019autre rive et les sources naturelles ont donn\u00e9 \u00e0 la ville sa r\u00e9putation mondiale. Cette pr\u00e9sence de l\u2019eau m\u2019a fait penser \u00e0 Lijiang, dans la province chinoise du Yunnan.<\/p>\n<p>Le Yunnan est l\u2019une des provinces chinoises les plus appr\u00e9ci\u00e9es pour la diversit\u00e9 de ses paysages et la douceur de son climat. On y passe des r\u00e9gions subtropicales du sud aux hauts plateaux et aux montagnes enneig\u00e9es du nord-ouest. Gr\u00e2ce \u00e0 cette diversit\u00e9, il est possible d\u2019y voyager presque toute l\u2019ann\u00e9e. Lijiang, situ\u00e9e \u00e0 environ 2 400 m\u00e8tres d\u2019altitude, b\u00e9n\u00e9ficie de nombreuses journ\u00e9es ensoleill\u00e9es et de temp\u00e9ratures g\u00e9n\u00e9ralement agr\u00e9ables, m\u00eame si les \u00e9carts entre le jour et la nuit peuvent \u00eatre importants. Au nord de la ville s\u2019\u00e9l\u00e8ve la montagne enneig\u00e9e du Dragon de Jade. Ses neiges, ses rivi\u00e8res et ses sources alimentent la plaine de Lijiang et le r\u00e9seau d\u2019eau de la vieille ville. La vieille ville n\u2019a pas \u00e9t\u00e9 construite selon un plan g\u00e9om\u00e9trique. Ses ruelles suivent la pente, le relief et le mouvement naturel de l\u2019eau. Celle-ci ne sert pas seulement de d\u00e9cor. Pendant des si\u00e8cles, elle a \u00e9t\u00e9 utilis\u00e9e pour boire, cuisiner, laver les aliments, nettoyer les rues et irriguer les jardins.<\/p>\n<\/p><\/div>\n<div class=\"intext\"> Terre de culture ancestrale\n              <\/div>\n<div class=\"paragraph\">\n<p>La culture naxi constitue une autre richesse de Lijiang. Elle se retrouve dans l\u2019architecture en bois, la musique traditionnelle, les f\u00eates locales et la culture dongba, notamment connue pour son ancienne \u00e9criture pictographique. Dans les villages comme dans les quartiers anciens, cette culture donne \u00e0 Lijiang une identit\u00e9 tr\u00e8s diff\u00e9rente de celle des grandes m\u00e9tropoles chinoises. Cette combinaison de paysages, de patrimoine et de douceur de vivre attire non seulement des touristes, mais aussi des personnes qui choisissent d\u2019y rester plus longtemps. Lijiang est ainsi devenue un lieu de s\u00e9jour prolong\u00e9 pour ceux qui recherchent la montagne, la nature et une vie moins rapide.<\/p>\n<p>Et j\u2019aimerais terminer cette petite s\u00e9rie par une chanson de Barbara, <i>Les Voyages<\/i>\u00a0: \u00ab\u00a0Qui m\u00fbrissent nos c\u0153urs, qui nous ouvrent au bonheur.\u00a0\u00bb<\/p>\n<p>Lorsque l\u2019on retourne chez soi, rien n\u2019est tout \u00e0 fait comme autrefois. Nos yeux ont chang\u00e9, et nous d\u00e9couvrons avec \u00e9tonnement que certains soucis qui nous semblaient autrefois si importants \u00e9taient finalement simples et petits. Bon voyage.<\/p>\n<p>Dong Qiao, correspondante de China Media Group \u00e0 Paris<\/p>\n<\/p><\/div>\n<div class=\"paragraph\">\n<p><b>\u00ab Passerelle interculturelle \u00bb, est un espace d\u00e9di\u00e9 aux \u00e9changes d\u2019id\u00e9es et de perspectives entre la France et la Chine. Chaque lundi, gr\u00e2ce \u00e0 des entretiens avec des personnalit\u00e9s fran\u00e7aises et chinoises ou des sujets sur les deux pays, notre ambition est de cr\u00e9er un pont entre deux traditions intellectuelles, deux sensibilit\u00e9s et deux visions du monde.<\/b><\/p>\n<\/p><\/div>\n","protected":false},"excerpt":{"rendered":"En juin 2026, &Eacute;vian-les-Bains a accueilli le sommet du G7. Pendant quelques jours, cette petite ville situ&eacute;e entre le lac L&eacute;man et les Alpes s&rsquo;est retrouv&eacute;e au centre de l&rsquo;attention internationale. Mais en &#8230;","protected":false},"author":1,"featured_media":40189,"comment_status":"open","ping_status":"open","sticky":false,"template":"","format":"standard","meta":{"footnotes":""},"categories":[337],"tags":[2171,35,309,572,155,347,641],"news-destination":[],"news-source":[475],"is_homepage":[],"ta_other":[],"class_list":["post-40188","post","type-post","status-publish","format-standard","has-post-thumbnail","hentry","category-international","tag-chine","tag-culture","tag-eau","tag-france","tag-passerelle","tag-tourisme","tag-villes","news-source-website"],"_links":{"self":[{"href":"https:\/\/euapp01.newsmemory.com\/lamarseillaise\/news\/wp-json\/wp\/v2\/posts\/40188","targetHints":{"allow":["GET"]}}],"collection":[{"href":"https:\/\/euapp01.newsmemory.com\/lamarseillaise\/news\/wp-json\/wp\/v2\/posts"}],"about":[{"href":"https:\/\/euapp01.newsmemory.com\/lamarseillaise\/news\/wp-json\/wp\/v2\/types\/post"}],"author":[{"embeddable":true,"href":"https:\/\/euapp01.newsmemory.com\/lamarseillaise\/news\/wp-json\/wp\/v2\/users\/1"}],"replies":[{"embeddable":true,"href":"https:\/\/euapp01.newsmemory.com\/lamarseillaise\/news\/wp-json\/wp\/v2\/comments?post=40188"}],"version-history":[{"count":1,"href":"https:\/\/euapp01.newsmemory.com\/lamarseillaise\/news\/wp-json\/wp\/v2\/posts\/40188\/revisions"}],"predecessor-version":[{"id":40190,"href":"https:\/\/euapp01.newsmemory.com\/lamarseillaise\/news\/wp-json\/wp\/v2\/posts\/40188\/revisions\/40190"}],"wp:featuredmedia":[{"embeddable":true,"href":"https:\/\/euapp01.newsmemory.com\/lamarseillaise\/news\/wp-json\/wp\/v2\/media\/40189"}],"wp:attachment":[{"href":"https:\/\/euapp01.newsmemory.com\/lamarseillaise\/news\/wp-json\/wp\/v2\/media?parent=40188"}],"wp:term":[{"taxonomy":"category","embeddable":true,"href":"https:\/\/euapp01.newsmemory.com\/lamarseillaise\/news\/wp-json\/wp\/v2\/categories?post=40188"},{"taxonomy":"post_tag","embeddable":true,"href":"https:\/\/euapp01.newsmemory.com\/lamarseillaise\/news\/wp-json\/wp\/v2\/tags?post=40188"},{"taxonomy":"news-destination","embeddable":true,"href":"https:\/\/euapp01.newsmemory.com\/lamarseillaise\/news\/wp-json\/wp\/v2\/news-destination?post=40188"},{"taxonomy":"news-source","embeddable":true,"href":"https:\/\/euapp01.newsmemory.com\/lamarseillaise\/news\/wp-json\/wp\/v2\/news-source?post=40188"},{"taxonomy":"is_homepage","embeddable":true,"href":"https:\/\/euapp01.newsmemory.com\/lamarseillaise\/news\/wp-json\/wp\/v2\/is_homepage?post=40188"},{"taxonomy":"ta_other","embeddable":true,"href":"https:\/\/euapp01.newsmemory.com\/lamarseillaise\/news\/wp-json\/wp\/v2\/ta_other?post=40188"}],"curies":[{"name":"wp","href":"https:\/\/api.w.org\/{rel}","templated":true}]}}