{"id":40185,"date":"2026-08-24T10:57:00","date_gmt":"2026-08-24T08:57:00","guid":{"rendered":"https:\/\/euapp01.newsmemory.com\/lamarseillaise\/news\/?p=40185"},"modified":"2026-08-29T08:29:35","modified_gmt":"2026-08-29T06:29:35","slug":"cest-lete-depuis-les-gilets-jaunes-sabine-raynaud-na-pas-cesse-de-lutter","status":"publish","type":"post","link":"https:\/\/euapp01.newsmemory.com\/lamarseillaise\/news\/2026\/08\/24\/cest-lete-depuis-les-gilets-jaunes-sabine-raynaud-na-pas-cesse-de-lutter\/","title":{"rendered":"[C\u2019est l\u2019\u00e9t\u00e9] Depuis les Gilets jaunes, Sabine Raynaud n\u2019a pas cess\u00e9 de lutter"},"content":{"rendered":"<div class=\"paragraph\">\n<p>C\u2019est \u00ab\u00a0<i>mains dans les poches<\/i><i>\u00a0<\/i>\u00bb que Sabine Raynaud a rencontr\u00e9 pour la premi\u00e8re fois un groupe de Gilets jaunes en 2018, sur le rond-point de la Lyre \u00e0 Montpellier. \u00ab<i>\u00a0<\/i><i>Ils m\u2019ont tendu un tract et puis ils m\u2019ont invit\u00e9e \u00e0 participer \u00e0 une de leurs r\u00e9unions, <\/i>se souvient-elle. <i>\u00c7a<\/i><i> a \u00e9t\u00e9 le point de d\u00e9part d\u2019une prise de conscience accrue chez moi, et le d\u00e9but de mon militantisme.<\/i><i>\u00a0<\/i>\u00bb <i><\/i><\/p>\n<p>\u00c0 cette \u00e9poque, \u00e0 Montpellier, le mouvement social initi\u00e9 sur les r\u00e9seaux sociaux pour protester contre l\u2019augmentation de la taxe sur les carburants automobiles se structure autour du rond-point des Pr\u00e9s d\u2019Ar\u00e8nes. Beaucoup de celles et ceux qui s\u2019y retrouvent formeront par la suite un groupe de militants actifs dans plusieurs mobilisations, jusqu\u2019\u00e0 aujourd\u2019hui. \u00ab<i>\u00a0<\/i><i>Pendant longtemps, j\u2019ai fait partie de ce collectif issu de la mobilisation de 2018, avec qui je garde des liens de fraternit\u00e9<\/i><i>\u00a0<\/i>\u00bb, raconte Sabine Raynaud. C\u2019est notamment \u00e0 l\u2019initiative des Gilets jaunes du rond-point des Pr\u00e9s d\u2019Ar\u00e8nes qu\u2019ont \u00e9t\u00e9 organis\u00e9es les premi\u00e8res assembl\u00e9es de pr\u00e9paration du 10\u00a0septembre dernier.<\/p>\n<p>\u00ab<i>\u00a0<\/i><i>\u00c0 l\u2019\u00e9poque, le rond-point \u00e9tait un lieu o\u00f9 on se retrouvait pour tracter, mais aussi pour discuter, organiser des conf\u00e9rences et des assembl\u00e9es<\/i><i>\u00a0<\/i>\u00bb, poursuit la militante, pour qui ces moments de lutte et de convivialit\u00e9 ont \u00e9t\u00e9 formateurs \u00e0 plusieurs niveaux. S\u2019ils lui ont notamment appris \u00e0 prendre la parole en public, Sabine Raynaud retient aussi que les Gilets jaunes ont permis de montrer qu\u2019il \u00e9tait possible de se rassembler malgr\u00e9 certains d\u00e9saccords. \u00ab<i>\u00a0<\/i><i>Je retiens de cette p\u00e9riode la soif de trouver des cadres permettant de se retrouver pour briser les divisions et regarder ensemble qui sont les vrais responsables.<\/i><i>\u00a0<\/i>\u00bb<i> <\/i>Parmi les le\u00e7ons apprises, la militante affirme que le mouvement a \u00e9t\u00e9 la preuve que le peuple est capable de \u00ab<i>\u00a0<\/i><i>s\u2019extirper des pi\u00e8ges qui lui sont tendus<\/i><i>\u00a0<\/i>\u00bb, mais aussi que, pour cela, il faut s\u2019organiser. \u00ab\u00a0<i>Nous ne sommes pas all\u00e9s jusqu\u2019au bout du cheminement concernant l\u2019organisation collective. Il faut r\u00e9fl\u00e9chir d\u00e9sormais \u00e0 la mani\u00e8re dont on peut s\u2019organiser pour aller jusqu\u2019au bout de ce type de mobilisation face \u00e0 un gouvernement qui, de son c\u00f4t\u00e9, est tr\u00e8s organis\u00e9 et n\u2019h\u00e9site pas \u00e0 r\u00e9primer tr\u00e8s violemment.<\/i><i>\u00a0<\/i>\u00bb <i><\/i><\/p>\n<\/p><\/div>\n<div class=\"intext\"> La col\u00e8re n\u2019a pas disparu\n              <\/div>\n<div class=\"paragraph\">\n<p>Sabine Raynaud en est convaincue\u00a0: \u00ab<i>\u00a0<\/i><i>Tous les ingr\u00e9dients qui ont conduit \u00e0 la naissance des Gilets jaunes sont encore d\u2019actualit\u00e9.<\/i><i>\u00a0<\/i>\u00bb Au premier rang desquels\u00a0: le d\u00e9saveu de la politique de Macron, contre laquelle la col\u00e8re n\u2019a fait que s\u2019amplifier depuis. La militante ne tarit pas sur les exemples de crises successives qu\u2019a connues le pays, lors de la r\u00e9forme des retraites, mais aussi plus r\u00e9cemment avec l\u2019explosion des prix des carburants.<i> <\/i>\u00ab<i>\u00a0<\/i><i>Nous avons d\u2019ailleurs assist\u00e9 \u00e0 une forme de r\u00e9plique des Gilets jaunes lors du mouvement Bloquons tout, le 10 septembre 2025<\/i><i>\u00a0<\/i>\u00bb<i>, <\/i>affirme-t-elle.<\/p>\n<p>D\u00e9sormais, l\u2019enseignante continue de militer sur plusieurs fronts. En plus de son combat syndical au SNUDI-FO 34, elle est membre d\u2019un groupe d\u2019action de la France insoumise. Son engagement a aussi pris une forme nouvelle qui n\u2019\u00e9tait pas d\u2019actualit\u00e9 lors du mouvement de 2018\u00a0: celle de la lutte contre la militarisation de la soci\u00e9t\u00e9 fran\u00e7aise. Elle a notamment particip\u00e9 \u00e0 deux meetings internationaux antiguerre, en octobre\u00a02025 \u00e0 Paris, puis en juin\u00a02026 \u00e0 Londres. \u00ab<i>\u00a0<\/i><i>Je fais partie de ceux qui organisent une r\u00e9sistance active pour bloquer cette marche \u00e0 la guerre. En tant qu\u2019enseignante, j\u2019assiste \u00e0 une augmentation des partenariats entre l\u2019arm\u00e9e et l\u2019\u00c9ducation nationale. J\u2019aimerais que la jeunesse ne tombe pas dans le pi\u00e8ge.<\/i><i>\u00a0<\/i>\u00bb<i> <\/i><\/p>\n<\/p><\/div>\n","protected":false},"excerpt":{"rendered":"C&rsquo;est &laquo;&nbsp;mains dans les poches&nbsp;&raquo; que Sabine Raynaud a rencontr&eacute; pour la premi&egrave;re fois un groupe de Gilets jaunes en 2018, sur le rond-point de la Lyre &agrave; Montpellier. &laquo;&nbsp;Ils m&rsquo;ont tendu &#8230;","protected":false},"author":1,"featured_media":40186,"comment_status":"open","ping_status":"open","sticky":false,"template":"","format":"standard","meta":{"footnotes":""},"categories":[3926,3925,331,20],"tags":[6085,1497,1520,239,1079,240,852,284,335,2150],"news-destination":[3944],"news-source":[475],"is_homepage":[],"ta_other":[],"class_list":["post-40185","post","type-post","status-publish","format-standard","has-post-thumbnail","hentry","category-accueil-merge","category-accueil-third","category-social","category-societe","tag-cest-lete","tag-colere","tag-gilets-jaunes","tag-herault","tag-militantisme","tag-montpellier","tag-mouvement-social","tag-occitanie","tag-portrait","tag-syndicalisme","news-destination-homepage","news-source-website"],"_links":{"self":[{"href":"https:\/\/euapp01.newsmemory.com\/lamarseillaise\/news\/wp-json\/wp\/v2\/posts\/40185","targetHints":{"allow":["GET"]}}],"collection":[{"href":"https:\/\/euapp01.newsmemory.com\/lamarseillaise\/news\/wp-json\/wp\/v2\/posts"}],"about":[{"href":"https:\/\/euapp01.newsmemory.com\/lamarseillaise\/news\/wp-json\/wp\/v2\/types\/post"}],"author":[{"embeddable":true,"href":"https:\/\/euapp01.newsmemory.com\/lamarseillaise\/news\/wp-json\/wp\/v2\/users\/1"}],"replies":[{"embeddable":true,"href":"https:\/\/euapp01.newsmemory.com\/lamarseillaise\/news\/wp-json\/wp\/v2\/comments?post=40185"}],"version-history":[{"count":1,"href":"https:\/\/euapp01.newsmemory.com\/lamarseillaise\/news\/wp-json\/wp\/v2\/posts\/40185\/revisions"}],"predecessor-version":[{"id":40187,"href":"https:\/\/euapp01.newsmemory.com\/lamarseillaise\/news\/wp-json\/wp\/v2\/posts\/40185\/revisions\/40187"}],"wp:featuredmedia":[{"embeddable":true,"href":"https:\/\/euapp01.newsmemory.com\/lamarseillaise\/news\/wp-json\/wp\/v2\/media\/40186"}],"wp:attachment":[{"href":"https:\/\/euapp01.newsmemory.com\/lamarseillaise\/news\/wp-json\/wp\/v2\/media?parent=40185"}],"wp:term":[{"taxonomy":"category","embeddable":true,"href":"https:\/\/euapp01.newsmemory.com\/lamarseillaise\/news\/wp-json\/wp\/v2\/categories?post=40185"},{"taxonomy":"post_tag","embeddable":true,"href":"https:\/\/euapp01.newsmemory.com\/lamarseillaise\/news\/wp-json\/wp\/v2\/tags?post=40185"},{"taxonomy":"news-destination","embeddable":true,"href":"https:\/\/euapp01.newsmemory.com\/lamarseillaise\/news\/wp-json\/wp\/v2\/news-destination?post=40185"},{"taxonomy":"news-source","embeddable":true,"href":"https:\/\/euapp01.newsmemory.com\/lamarseillaise\/news\/wp-json\/wp\/v2\/news-source?post=40185"},{"taxonomy":"is_homepage","embeddable":true,"href":"https:\/\/euapp01.newsmemory.com\/lamarseillaise\/news\/wp-json\/wp\/v2\/is_homepage?post=40185"},{"taxonomy":"ta_other","embeddable":true,"href":"https:\/\/euapp01.newsmemory.com\/lamarseillaise\/news\/wp-json\/wp\/v2\/ta_other?post=40185"}],"curies":[{"name":"wp","href":"https:\/\/api.w.org\/{rel}","templated":true}]}}