{"id":40182,"date":"2026-08-24T10:55:00","date_gmt":"2026-08-24T08:55:00","guid":{"rendered":"https:\/\/euapp01.newsmemory.com\/lamarseillaise\/news\/?p=40182"},"modified":"2026-08-28T14:24:57","modified_gmt":"2026-08-28T12:24:57","slug":"fabienne-decottignies-une-nouvelle-prefete-face-aux-defis-gardois","status":"publish","type":"post","link":"https:\/\/euapp01.newsmemory.com\/lamarseillaise\/news\/2026\/08\/24\/fabienne-decottignies-une-nouvelle-prefete-face-aux-defis-gardois\/","title":{"rendered":"Fabienne Decottignies : une nouvelle pr\u00e9f\u00e8te face aux d\u00e9fis gardois"},"content":{"rendered":"<div class=\"paragraph\">\n<p>Sous le soleil lourd du 17\u00a0ao\u00fbt, le c\u00e9r\u00e9monial a ouvert le bal. Gerbe d\u00e9pos\u00e9e au monument aux morts du square du 11-Novembre \u00e0 N\u00eemes, salut aux autorit\u00e9s civiles et militaires, Marseillaise\u00a0: Fabienne Decottignies a officiellement endoss\u00e9 les habits de pr\u00e9f\u00e8te du Gard. \u00c0 bient\u00f4t 55\u00a0ans, l\u2019ancienne pr\u00e9f\u00e8te de la Ni\u00e8vre succ\u00e8de \u00e0 J\u00e9r\u00f4me Bonet, parti en Haute-Savoie, et devient la 83<sup>e<\/sup> pr\u00e9f\u00e8te du d\u00e9partement, la deuxi\u00e8me femme \u00e0 occuper cette fonction apr\u00e8s Marie-Fran\u00e7oise Lecaillon.<\/p>\n<p>Quelques heures plus tard, changement de d\u00e9cor. Dans son bureau, la Nordiste d\u2019origine expose sa m\u00e9thode, avec un mot qui revient\u00a0: le terrain. \u00ab\u00a0<i>Un pr\u00e9fet, c\u2019est un g\u00e9ographe<\/i>\u00a0\u00bb, glisse l\u2019historienne de formation. \u00ab\u00a0<i>Il va sur le terrain, il ne reste pas dans son bureau.<\/i>\u00a0\u00bb Une fa\u00e7on de dire qu\u2019elle entend apprendre le Gard par ses routes, ses communes et ceux qui les font vivre. \u00ab\u00a0<i>Mon but, ce n\u2019est pas d\u2019\u00eatre la pr\u00e9f\u00e8te de N\u00eemes. Je suis pr\u00e9f\u00e8te du Gard<\/i>.\u00a0\u00bb<\/p>\n<p>Le territoire, elle le conna\u00eet encore par touches\u00a0: le Grau-du-Roi, la Camargue, N\u00eemes et sa Maison Carr\u00e9e, d\u00e9couverts lors de s\u00e9jours personnels. Mais cette fois, pas question de regarder le Gard avec des yeux de vacanci\u00e8re. \u00ab\u00a0<i>Je ne viens pas en touriste<\/i>\u00a0\u00bb, pr\u00e9vient-elle. Il faudra en saisir les contrastes, des C\u00e9vennes \u00e0 la Petite Camargue, des quartiers populaires aux terres viticoles, comprendre ses fractures comme ses forces\u00a0: \u00ab<i>\u00a0<\/i><i>Pour pouvoir servir les citoyens du Gard, il faut les conna\u00eetre.<\/i>\u00a0\u00bb<\/p>\n<p>D\u00e9sormais, il s\u2019agit donc d\u2019en saisir les besoins. Avant le 1<sup>er<\/sup>\u00a0septembre et la p\u00e9riode de r\u00e9serve li\u00e9e aux s\u00e9natoriales, elle veut multiplier les rencontres avec \u00e9lus, entrepreneurs, associations et citoyens. D\u00e8s sa prise de fonctions, elle s\u2019est entretenue avec le maire de N\u00eemes, Vincent Bouget, et avait d\u00e9j\u00e0 pris contact avec celui d\u2019Al\u00e8s, Christophe Rivenq. Elle a \u00e9galement demand\u00e9 aux sous-pr\u00e9fets de lui faire d\u00e9couvrir leurs arrondissements, histoire de ne pas laisser la pr\u00e9fecture devenir son unique poste d\u2019observation.<\/p>\n<\/p><\/div>\n<div class=\"intext\"> \u00ab\u00a0\u00catre au c\u0153ur de l\u2019action\u00a0\u00bb\n              <\/div>\n<div class=\"paragraph\">\n<p>Son parcours lui offre quelques boussoles. Onze ann\u00e9es \u00e0 la Direction g\u00e9n\u00e9rale de la sant\u00e9, marqu\u00e9es par la canicule de 2003 et la grippe H1N1, puis le minist\u00e8re de l\u2019Int\u00e9rieur, la s\u00e9curit\u00e9 civile, la pr\u00e9fecture de police de Paris, l\u2019Oise, le Nord et enfin la Ni\u00e8vre. \u00ab\u00a0<i>Nous sommes tous b\u00e2tis par l\u2019exp\u00e9rience<\/i>\u00a0\u00bb, r\u00e9sume-t-elle. Une succession de crises, de territoires ruraux ou urbains et de responsabilit\u00e9s qui lui permet aujourd\u2019hui de revendiquer une \u00ab\u00a0<i>fine connaissance de la gestion de crise<\/i>\u00a0\u00bb.<\/p>\n<p>Dans le Gard, celle-ci pourrait vite \u00eatre mise \u00e0 l\u2019\u00e9preuve\u00a0: incendies, inondations, \u00e9pisodes c\u00e9venols, tensions autour de l\u2019eau, pauvret\u00e9, agriculture fragilis\u00e9e ou narcotrafic. \u00ab\u00a0<i>Le Gard, c\u2019est presque la concentration de tous les risques naturels possibles<\/i><i>\u00a0<\/i>\u00bb, constate-t-elle. Un territoire o\u00f9 la d\u00e9cision pr\u00e9fectorale peut, \u00e0 certaines heures, se jouer dans l\u2019urgence d\u2019un feu qui progresse ou d\u2019une rivi\u00e8re qui monte. Sur l\u2019eau, la nouvelle pr\u00e9f\u00e8te ne cache pas son inqui\u00e9tude. \u00ab<i>\u00a0<\/i><i>Si l\u2019on veut \u00e9viter la guerre des usages, il faut y travailler maintenant. C\u2019est pour moi un sujet capital.<\/i>\u00a0\u00bb Face aux risques naturels, elle promet d\u2019\u00ab<i>\u00a0<\/i><i>\u00e9couter ceux qui savent<\/i><i>\u00a0<\/i>\u00bb\u00a0: pompiers, ONF, \u00e9lus locaux.<\/p>\n<p>Reste la m\u00e9thode. Fabienne Decottignies revendique \u00ab\u00a0<i>beaucoup d\u2019humilit\u00e9<\/i>\u00a0\u00bb, mais aussi le go\u00fbt de l\u2019action. \u00ab<i>\u00a0<\/i><i>Mon r\u00f4le est de mettre tous les services de l\u2019\u00c9tat autour de la table<\/i>\u00a0\u00bb, affirme-t-elle, pour \u00e9viter les fonctionnements en silo et \u00ab\u00a0<i>la suradministration<\/i><i>\u00a0<\/i>\u00bb. Elle veut aussi faire remonter \u00e0 Paris les r\u00e9alit\u00e9s d\u2019un d\u00e9partement qui ne peut se r\u00e9sumer \u00e0 des notes administratives. Dans un Gard o\u00f9 les dossiers br\u00fblent parfois aussi vite que la garrigue, la nouvelle pr\u00e9f\u00e8te veut commencer par \u00e9couter. Puis d\u00e9cider. Et surtout \u00ab<i>\u00a0<\/i><i>aller dans les communes<\/i>\u00a0\u00bb.<\/p>\n<\/p><\/div>\n","protected":false},"excerpt":{"rendered":"Sous le soleil lourd du 17&nbsp;ao&ucirc;t, le c&eacute;r&eacute;monial a ouvert le bal. Gerbe d&eacute;pos&eacute;e au monument aux morts du square du 11-Novembre &agrave; N&icirc;mes, salut aux autorit&eacute;s civiles et militaires, &#8230;","protected":false},"author":1,"featured_media":40183,"comment_status":"open","ping_status":"open","sticky":false,"template":"","format":"standard","meta":{"footnotes":""},"categories":[3926,3925,330,20],"tags":[3078,2346,635,208,1900,238,241,1131,3203,2418],"news-destination":[3944],"news-source":[475],"is_homepage":[],"ta_other":[],"class_list":["post-40182","post","type-post","status-publish","format-standard","has-post-thumbnail","hentry","category-accueil-merge","category-accueil-third","category-politique","category-societe","tag-administration","tag-ceremonie","tag-christophe-rivenq","tag-collectivites","tag-etat","tag-gard","tag-nimes","tag-prefecture","tag-prefete","tag-vincent-bouget","news-destination-homepage","news-source-website"],"_links":{"self":[{"href":"https:\/\/euapp01.newsmemory.com\/lamarseillaise\/news\/wp-json\/wp\/v2\/posts\/40182","targetHints":{"allow":["GET"]}}],"collection":[{"href":"https:\/\/euapp01.newsmemory.com\/lamarseillaise\/news\/wp-json\/wp\/v2\/posts"}],"about":[{"href":"https:\/\/euapp01.newsmemory.com\/lamarseillaise\/news\/wp-json\/wp\/v2\/types\/post"}],"author":[{"embeddable":true,"href":"https:\/\/euapp01.newsmemory.com\/lamarseillaise\/news\/wp-json\/wp\/v2\/users\/1"}],"replies":[{"embeddable":true,"href":"https:\/\/euapp01.newsmemory.com\/lamarseillaise\/news\/wp-json\/wp\/v2\/comments?post=40182"}],"version-history":[{"count":1,"href":"https:\/\/euapp01.newsmemory.com\/lamarseillaise\/news\/wp-json\/wp\/v2\/posts\/40182\/revisions"}],"predecessor-version":[{"id":40184,"href":"https:\/\/euapp01.newsmemory.com\/lamarseillaise\/news\/wp-json\/wp\/v2\/posts\/40182\/revisions\/40184"}],"wp:featuredmedia":[{"embeddable":true,"href":"https:\/\/euapp01.newsmemory.com\/lamarseillaise\/news\/wp-json\/wp\/v2\/media\/40183"}],"wp:attachment":[{"href":"https:\/\/euapp01.newsmemory.com\/lamarseillaise\/news\/wp-json\/wp\/v2\/media?parent=40182"}],"wp:term":[{"taxonomy":"category","embeddable":true,"href":"https:\/\/euapp01.newsmemory.com\/lamarseillaise\/news\/wp-json\/wp\/v2\/categories?post=40182"},{"taxonomy":"post_tag","embeddable":true,"href":"https:\/\/euapp01.newsmemory.com\/lamarseillaise\/news\/wp-json\/wp\/v2\/tags?post=40182"},{"taxonomy":"news-destination","embeddable":true,"href":"https:\/\/euapp01.newsmemory.com\/lamarseillaise\/news\/wp-json\/wp\/v2\/news-destination?post=40182"},{"taxonomy":"news-source","embeddable":true,"href":"https:\/\/euapp01.newsmemory.com\/lamarseillaise\/news\/wp-json\/wp\/v2\/news-source?post=40182"},{"taxonomy":"is_homepage","embeddable":true,"href":"https:\/\/euapp01.newsmemory.com\/lamarseillaise\/news\/wp-json\/wp\/v2\/is_homepage?post=40182"},{"taxonomy":"ta_other","embeddable":true,"href":"https:\/\/euapp01.newsmemory.com\/lamarseillaise\/news\/wp-json\/wp\/v2\/ta_other?post=40182"}],"curies":[{"name":"wp","href":"https:\/\/api.w.org\/{rel}","templated":true}]}}