{"id":40176,"date":"2026-08-24T10:54:00","date_gmt":"2026-08-24T08:54:00","guid":{"rendered":"https:\/\/euapp01.newsmemory.com\/lamarseillaise\/news\/?p=40176"},"modified":"2026-08-28T11:48:08","modified_gmt":"2026-08-28T09:48:08","slug":"une-petition-reclame-une-navette-estivale-mosson-plage","status":"publish","type":"post","link":"https:\/\/euapp01.newsmemory.com\/lamarseillaise\/news\/2026\/08\/24\/une-petition-reclame-une-navette-estivale-mosson-plage\/","title":{"rendered":"Une p\u00e9tition r\u00e9clame une navette estivale Mosson-Plage"},"content":{"rendered":"<div class=\"paragraph\">\n<p>Depuis que Hend Mendoza est devenue maman d\u2019une petite fille il y a trois ans, son quotidien a \u00e9t\u00e9 bouscul\u00e9.<i> <\/i>\u00ab<i>\u00a0<\/i><i>Beaucoup d\u2019activit\u00e9s qui semblaient banales deviennent plus difficiles avec un enfant en bas \u00e2ge<\/i><i>\u00a0<\/i>\u00bb<i>, <\/i>t\u00e9moigne cette habitante du quartier des Hauts de Massane, \u00e0 Montpellier. \u00ab<i>\u00a0<\/i><i>Notamment effectuer de longs trajets en transports en commun.<\/i><i>\u00a0<\/i>\u00bb<i> <\/i><\/p>\n<p>Cette jeune maman a ainsi constat\u00e9 que les familles qui ne partent pas en vacances rencontrent des difficult\u00e9s pour \u00e9chapper \u00e0 la chaleur des canicules \u00e0 r\u00e9p\u00e9tition en \u00e9t\u00e9, notamment avec la fermeture des cr\u00e8ches et de certaines m\u00e9diath\u00e8ques\u00a0: \u00ab<i>\u00a0<\/i><i>Emmener ma fille \u00e0 la plage serait une solution pour \u00e9chapper \u00e0 l\u2019isolement pendant les fortes chaleurs. Seulement, depuis les quartiers de la Mosson ou de La Paillade, cela repr\u00e9sente environ 1h30 de trajet, avec plusieurs changements. Ce n\u2019est donc pas envisageable avec ma fille.<\/i><i>\u00a0<\/i>\u00bb<i> <\/i>C\u2019est pour cette raison qu\u2019apr\u00e8s avoir consult\u00e9 toutes les alternatives, la jeune maman a lanc\u00e9 une p\u00e9tition en ligne il y a environ un mois, pour r\u00e9clamer une navette de bus estivale directe entre la Mosson et la mer. Celle-ci a d\u00e9j\u00e0 rassembl\u00e9 251 signatures.<\/p>\n<\/p><\/div>\n<div class=\"intext\"> R\u00e9duire les in\u00e9galit\u00e9s\n              <\/div>\n<div class=\"paragraph\">\n<p>\u00ab<i>\u00a0<\/i><i>La mise en place d\u2019une navette pourrait aussi aider les communes alentour, comme Grabels<\/i>, poursuit Hend Mendoza. <i>Je connais plusieurs jeunes mamans qui sont dans des situations difficiles et cela pourrait permettre de rompre leur isolement ou, a minima, de leur offrir un moment de r\u00e9pit.<\/i><i>\u00a0<\/i>\u00bb<i> <\/i><\/p>\n<p>Apr\u00e8s avoir r\u00e9fl\u00e9chi \u00e0 son id\u00e9e, la jeune femme a contact\u00e9 de nombreux \u00e9lus, mais la plupart de ses relances sont rest\u00e9es sans r\u00e9ponse. Une seule a manifest\u00e9 son int\u00e9r\u00eat pour le projet\u00a0: Alenka Doulain, conseill\u00e8re municipale d\u2019opposition \u00e0 la mairie de Montpellier et membre du groupe la France insoumise et les Verts populaires. Dans une vid\u00e9o publi\u00e9e sur son compte Instagram le 31\u00a0juillet, celle-ci reprend la demande d\u2019une navette \u00ab\u00a0Mosson-Plage\u00a0\u00bb en expliquant que rejoindre le littoral pour les familles avec des enfants en bas-\u00e2ge est \u00ab<i>\u00a0<\/i><i>mission impossible<\/i><i>\u00a0<\/i>\u00bb<i>.<\/i> Face \u00e0 la cam\u00e9ra, l\u2019\u00e9lue rappelle que la Paillade rassemble plus de 20\u00a0000\u00a0habitants, dont de nombreux enfants et adolescents qui vivent dans des logements collectifs. Elle affirme que l\u2019initiative sera donc port\u00e9e par son groupe \u00e0 la connaissance de la mairie de Montpellier.<\/p>\n<p>Au-del\u00e0 de l\u2019acc\u00e8s aux plages, Hend Mendoza \u00e9largit sa r\u00e9flexion sur les difficult\u00e9s que peuvent rencontrer les familles modestes quant \u00e0 l\u2019acc\u00e8s aux loisirs pour leurs enfants durant les p\u00e9riodes estivales. \u00ab<i>\u00a0<\/i><i>Beaucoup de parents connaissent des difficult\u00e9s financi\u00e8res et ne peuvent pas emmener leurs enfants en vacances, <\/i>d\u00e9plore-t-elle<i>.<\/i> <i>Il existe bien des initiatives pour r\u00e9duire ces in\u00e9galit\u00e9s, notamment \u00e0 travers ce que proposent les Maisons pour Tous, mais ces solutions concernent g\u00e9n\u00e9ralement les enfants plus \u00e2g\u00e9s. Quand nos enfants sont encore trop petits, c\u2019est comme si on \u00e9tait invisibles.<\/i>\u00a0\u00bb<\/p>\n<\/p><\/div>\n<div class=\"paragraph\">\n<p><i>* La p\u00e9tition est accessible sur <a rel=\"nofollow noopener noreferrer\" href=\"https:\/\/www.change.org\/p\/pour-une-navette-bus-estivale-directe-entre-la-mosson-et-la-mer?source_location=search\" target=\"_blank\">www.change.org<\/a><\/i><\/p>\n<\/p><\/div>\n","protected":false},"excerpt":{"rendered":"Depuis que Hend Mendoza est devenue maman d&rsquo;une petite fille il y a trois ans, son quotidien a &eacute;t&eacute; bouscul&eacute;. &laquo;&nbsp;Beaucoup d&rsquo;activit&eacute;s qui semblaient banales deviennent plus difficiles avec un enfant &#8230;","protected":false},"author":1,"featured_media":40177,"comment_status":"open","ping_status":"open","sticky":false,"template":"","format":"standard","meta":{"footnotes":""},"categories":[3926,3925,20],"tags":[4058,239,290,240,6309,284,2366,888,818],"news-destination":[3944],"news-source":[475],"is_homepage":[],"ta_other":[],"class_list":["post-40176","post","type-post","status-publish","format-standard","has-post-thumbnail","hentry","category-accueil-merge","category-accueil-third","category-societe","tag-alenka-doulain","tag-herault","tag-inegalites","tag-montpellier","tag-mosson","tag-occitanie","tag-paillade","tag-plages","tag-transports-en-commun","news-destination-homepage","news-source-website"],"_links":{"self":[{"href":"https:\/\/euapp01.newsmemory.com\/lamarseillaise\/news\/wp-json\/wp\/v2\/posts\/40176","targetHints":{"allow":["GET"]}}],"collection":[{"href":"https:\/\/euapp01.newsmemory.com\/lamarseillaise\/news\/wp-json\/wp\/v2\/posts"}],"about":[{"href":"https:\/\/euapp01.newsmemory.com\/lamarseillaise\/news\/wp-json\/wp\/v2\/types\/post"}],"author":[{"embeddable":true,"href":"https:\/\/euapp01.newsmemory.com\/lamarseillaise\/news\/wp-json\/wp\/v2\/users\/1"}],"replies":[{"embeddable":true,"href":"https:\/\/euapp01.newsmemory.com\/lamarseillaise\/news\/wp-json\/wp\/v2\/comments?post=40176"}],"version-history":[{"count":1,"href":"https:\/\/euapp01.newsmemory.com\/lamarseillaise\/news\/wp-json\/wp\/v2\/posts\/40176\/revisions"}],"predecessor-version":[{"id":40178,"href":"https:\/\/euapp01.newsmemory.com\/lamarseillaise\/news\/wp-json\/wp\/v2\/posts\/40176\/revisions\/40178"}],"wp:featuredmedia":[{"embeddable":true,"href":"https:\/\/euapp01.newsmemory.com\/lamarseillaise\/news\/wp-json\/wp\/v2\/media\/40177"}],"wp:attachment":[{"href":"https:\/\/euapp01.newsmemory.com\/lamarseillaise\/news\/wp-json\/wp\/v2\/media?parent=40176"}],"wp:term":[{"taxonomy":"category","embeddable":true,"href":"https:\/\/euapp01.newsmemory.com\/lamarseillaise\/news\/wp-json\/wp\/v2\/categories?post=40176"},{"taxonomy":"post_tag","embeddable":true,"href":"https:\/\/euapp01.newsmemory.com\/lamarseillaise\/news\/wp-json\/wp\/v2\/tags?post=40176"},{"taxonomy":"news-destination","embeddable":true,"href":"https:\/\/euapp01.newsmemory.com\/lamarseillaise\/news\/wp-json\/wp\/v2\/news-destination?post=40176"},{"taxonomy":"news-source","embeddable":true,"href":"https:\/\/euapp01.newsmemory.com\/lamarseillaise\/news\/wp-json\/wp\/v2\/news-source?post=40176"},{"taxonomy":"is_homepage","embeddable":true,"href":"https:\/\/euapp01.newsmemory.com\/lamarseillaise\/news\/wp-json\/wp\/v2\/is_homepage?post=40176"},{"taxonomy":"ta_other","embeddable":true,"href":"https:\/\/euapp01.newsmemory.com\/lamarseillaise\/news\/wp-json\/wp\/v2\/ta_other?post=40176"}],"curies":[{"name":"wp","href":"https:\/\/api.w.org\/{rel}","templated":true}]}}