{"id":40170,"date":"2026-08-24T10:28:00","date_gmt":"2026-08-24T08:28:00","guid":{"rendered":"https:\/\/euapp01.newsmemory.com\/lamarseillaise\/news\/?p=40170"},"modified":"2026-08-24T10:48:39","modified_gmt":"2026-08-24T08:48:39","slug":"cest-lete-concert-a-molines-en-queyras","status":"publish","type":"post","link":"https:\/\/euapp01.newsmemory.com\/lamarseillaise\/news\/2026\/08\/24\/cest-lete-concert-a-molines-en-queyras\/","title":{"rendered":"[C\u2019est l\u2019\u00e9t\u00e9] Concert \u00e0 Molines-en-Queyras"},"content":{"rendered":"<div class=\"paragraph\">\n<p>Ils sont compos\u00e9s d\u2019une quinzaine de musiciens et jouent une musique orchestrale dansante aux styles tr\u00e8s vari\u00e9s. Ils r\u00e9arrangent des po\u00e8mes, du rap, de la vari\u00e9t\u00e9 et du punk.<\/p>\n<p>G.C.<\/p>\n<p><i>En acc\u00e8s libre<\/i><\/p>\n<\/p><\/div>\n","protected":false},"excerpt":{"rendered":"Ils sont compos&eacute;s d&rsquo;une quinzaine de musiciens et jouent une musique orchestrale dansante aux styles tr&egrave;s vari&eacute;s. Ils r&eacute;arrangent des po&egrave;mes, du rap, de la vari&eacute;t&eacute; et du punk. G.C.En &#8230;","protected":false},"author":1,"featured_media":40171,"comment_status":"open","ping_status":"open","sticky":false,"template":"","format":"standard","meta":{"footnotes":""},"categories":[32],"tags":[4768,6085,5238,34,325,2641,3189],"news-destination":[],"news-source":[475],"is_homepage":[],"ta_other":[],"class_list":["post-40170","post","type-post","status-publish","format-standard","has-post-thumbnail","hentry","category-culture","tag-alpes","tag-cest-lete","tag-camping","tag-concert","tag-musique","tag-poesie","tag-rap","news-source-website"],"_links":{"self":[{"href":"https:\/\/euapp01.newsmemory.com\/lamarseillaise\/news\/wp-json\/wp\/v2\/posts\/40170","targetHints":{"allow":["GET"]}}],"collection":[{"href":"https:\/\/euapp01.newsmemory.com\/lamarseillaise\/news\/wp-json\/wp\/v2\/posts"}],"about":[{"href":"https:\/\/euapp01.newsmemory.com\/lamarseillaise\/news\/wp-json\/wp\/v2\/types\/post"}],"author":[{"embeddable":true,"href":"https:\/\/euapp01.newsmemory.com\/lamarseillaise\/news\/wp-json\/wp\/v2\/users\/1"}],"replies":[{"embeddable":true,"href":"https:\/\/euapp01.newsmemory.com\/lamarseillaise\/news\/wp-json\/wp\/v2\/comments?post=40170"}],"version-history":[{"count":1,"href":"https:\/\/euapp01.newsmemory.com\/lamarseillaise\/news\/wp-json\/wp\/v2\/posts\/40170\/revisions"}],"predecessor-version":[{"id":40172,"href":"https:\/\/euapp01.newsmemory.com\/lamarseillaise\/news\/wp-json\/wp\/v2\/posts\/40170\/revisions\/40172"}],"wp:featuredmedia":[{"embeddable":true,"href":"https:\/\/euapp01.newsmemory.com\/lamarseillaise\/news\/wp-json\/wp\/v2\/media\/40171"}],"wp:attachment":[{"href":"https:\/\/euapp01.newsmemory.com\/lamarseillaise\/news\/wp-json\/wp\/v2\/media?parent=40170"}],"wp:term":[{"taxonomy":"category","embeddable":true,"href":"https:\/\/euapp01.newsmemory.com\/lamarseillaise\/news\/wp-json\/wp\/v2\/categories?post=40170"},{"taxonomy":"post_tag","embeddable":true,"href":"https:\/\/euapp01.newsmemory.com\/lamarseillaise\/news\/wp-json\/wp\/v2\/tags?post=40170"},{"taxonomy":"news-destination","embeddable":true,"href":"https:\/\/euapp01.newsmemory.com\/lamarseillaise\/news\/wp-json\/wp\/v2\/news-destination?post=40170"},{"taxonomy":"news-source","embeddable":true,"href":"https:\/\/euapp01.newsmemory.com\/lamarseillaise\/news\/wp-json\/wp\/v2\/news-source?post=40170"},{"taxonomy":"is_homepage","embeddable":true,"href":"https:\/\/euapp01.newsmemory.com\/lamarseillaise\/news\/wp-json\/wp\/v2\/is_homepage?post=40170"},{"taxonomy":"ta_other","embeddable":true,"href":"https:\/\/euapp01.newsmemory.com\/lamarseillaise\/news\/wp-json\/wp\/v2\/ta_other?post=40170"}],"curies":[{"name":"wp","href":"https:\/\/api.w.org\/{rel}","templated":true}]}}