{"id":40167,"date":"2026-08-24T10:17:00","date_gmt":"2026-08-24T08:17:00","guid":{"rendered":"https:\/\/euapp01.newsmemory.com\/lamarseillaise\/news\/?p=40167"},"modified":"2026-08-24T10:48:39","modified_gmt":"2026-08-24T08:48:39","slug":"cest-lete-derniers-voyages-dans-lespace-de-lete","status":"publish","type":"post","link":"https:\/\/euapp01.newsmemory.com\/lamarseillaise\/news\/2026\/08\/24\/cest-lete-derniers-voyages-dans-lespace-de-lete\/","title":{"rendered":"[C\u2019est l\u2019\u00e9t\u00e9] Derniers voyages dans l\u2019espace de l\u2019\u00e9t\u00e9"},"content":{"rendered":"<div class=\"paragraph\">\n<p>Accompagn\u00e9s d\u2019\u00e9cureuils astronautes ou de vrais m\u00e9diateurs scientifiques, cette semaine, les astres de notre syst\u00e8me solaire r\u00e9v\u00e8lent leurs secrets aux plus jeunes. Du lundi au vendredi, l\u2019association Androm\u00e8de propose deux s\u00e9ances comment\u00e9es par jour : \u00e0 14h et 16h. Au programme, des projections et spectacles adress\u00e9s aux enfants \u00e0 partir de 5 ans, suivis de pr\u00e9sentations des astres par les astronomes et selon la m\u00e9t\u00e9o, d\u2019observations comment\u00e9es du ciel et du Soleil.<\/p>\n<p>Lundi 24 ao\u00fbt, toute la famille est invit\u00e9e \u00e0 d\u00e9couvrir la Voie lact\u00e9e \u00e0 travers le spectacle \u00ab <i>La petite \u00e9toile sans nom <\/i>\u00bb. Pour les passionn\u00e9s d\u2019histoire, le film \u00ab <i>Voyager<\/i> \u00bb sera projet\u00e9 directement sur la vo\u00fbte du plan\u00e9tarium mercredi. Il retracera la mission spatiale de 1977. Puis d\u00e8s 16h, petits et grands partiront en qu\u00eate de la plan\u00e8te id\u00e9ale aux c\u00f4t\u00e9s de Nino et Lili, les \u00e9cureuils astronautes du film \u00ab\u00a0<i>Noisette<\/i><i>\u00a0<\/i>\u00bb. Pour finir la journ\u00e9e, direction l\u2019exposition \u00ab <i>Les couleurs dans l\u2019univers<\/i> \u00bb et le t\u00e9lescope de Foucault. Le dernier temps fort de l\u2019\u00e9t\u00e9 se d\u00e9roulera au plan\u00e9tarium mardi 25 ao\u00fbt, de 21h \u00e0 23h, pour une soir\u00e9e d\u2019observation au t\u00e9lescope de V\u00e9nus et de la Lune.<\/p>\n<p><b>Andr\u00e9a Goyard-de Castro<\/b><\/p>\n<\/p><\/div>\n","protected":false},"excerpt":{"rendered":"Accompagn&eacute;s d&rsquo;&eacute;cureuils astronautes ou de vrais m&eacute;diateurs scientifiques, cette semaine, les astres de notre syst&egrave;me solaire r&eacute;v&egrave;lent leurs secrets aux plus jeunes. Du lundi au vendredi, &#8230;","protected":false},"author":1,"featured_media":40168,"comment_status":"open","ping_status":"open","sticky":false,"template":"","format":"standard","meta":{"footnotes":""},"categories":[20],"tags":[10,6085,225,57,58,216,16,6030,978,232,2872,1137,6218],"news-destination":[],"news-source":[475],"is_homepage":[],"ta_other":[],"class_list":["post-40167","post","type-post","status-publish","format-standard","has-post-thumbnail","hentry","category-societe","tag-bouches-du-rhone","tag-cest-lete","tag-ciel","tag-enfants","tag-famille","tag-lune","tag-marseille","tag-mission-spatiale","tag-parents","tag-projections","tag-scientifiques","tag-spectacles","tag-systeme-solaire","news-source-website"],"_links":{"self":[{"href":"https:\/\/euapp01.newsmemory.com\/lamarseillaise\/news\/wp-json\/wp\/v2\/posts\/40167","targetHints":{"allow":["GET"]}}],"collection":[{"href":"https:\/\/euapp01.newsmemory.com\/lamarseillaise\/news\/wp-json\/wp\/v2\/posts"}],"about":[{"href":"https:\/\/euapp01.newsmemory.com\/lamarseillaise\/news\/wp-json\/wp\/v2\/types\/post"}],"author":[{"embeddable":true,"href":"https:\/\/euapp01.newsmemory.com\/lamarseillaise\/news\/wp-json\/wp\/v2\/users\/1"}],"replies":[{"embeddable":true,"href":"https:\/\/euapp01.newsmemory.com\/lamarseillaise\/news\/wp-json\/wp\/v2\/comments?post=40167"}],"version-history":[{"count":1,"href":"https:\/\/euapp01.newsmemory.com\/lamarseillaise\/news\/wp-json\/wp\/v2\/posts\/40167\/revisions"}],"predecessor-version":[{"id":40169,"href":"https:\/\/euapp01.newsmemory.com\/lamarseillaise\/news\/wp-json\/wp\/v2\/posts\/40167\/revisions\/40169"}],"wp:featuredmedia":[{"embeddable":true,"href":"https:\/\/euapp01.newsmemory.com\/lamarseillaise\/news\/wp-json\/wp\/v2\/media\/40168"}],"wp:attachment":[{"href":"https:\/\/euapp01.newsmemory.com\/lamarseillaise\/news\/wp-json\/wp\/v2\/media?parent=40167"}],"wp:term":[{"taxonomy":"category","embeddable":true,"href":"https:\/\/euapp01.newsmemory.com\/lamarseillaise\/news\/wp-json\/wp\/v2\/categories?post=40167"},{"taxonomy":"post_tag","embeddable":true,"href":"https:\/\/euapp01.newsmemory.com\/lamarseillaise\/news\/wp-json\/wp\/v2\/tags?post=40167"},{"taxonomy":"news-destination","embeddable":true,"href":"https:\/\/euapp01.newsmemory.com\/lamarseillaise\/news\/wp-json\/wp\/v2\/news-destination?post=40167"},{"taxonomy":"news-source","embeddable":true,"href":"https:\/\/euapp01.newsmemory.com\/lamarseillaise\/news\/wp-json\/wp\/v2\/news-source?post=40167"},{"taxonomy":"is_homepage","embeddable":true,"href":"https:\/\/euapp01.newsmemory.com\/lamarseillaise\/news\/wp-json\/wp\/v2\/is_homepage?post=40167"},{"taxonomy":"ta_other","embeddable":true,"href":"https:\/\/euapp01.newsmemory.com\/lamarseillaise\/news\/wp-json\/wp\/v2\/ta_other?post=40167"}],"curies":[{"name":"wp","href":"https:\/\/api.w.org\/{rel}","templated":true}]}}