{"id":40158,"date":"2026-08-24T10:03:00","date_gmt":"2026-08-24T08:03:00","guid":{"rendered":"https:\/\/euapp01.newsmemory.com\/lamarseillaise\/news\/?p=40158"},"modified":"2026-08-24T10:29:37","modified_gmt":"2026-08-24T08:29:37","slug":"la-seyne-sur-mer-lhistoire-du-portrait-en-200-ans-a-la-villa-tamaris","status":"publish","type":"post","link":"https:\/\/euapp01.newsmemory.com\/lamarseillaise\/news\/2026\/08\/24\/la-seyne-sur-mer-lhistoire-du-portrait-en-200-ans-a-la-villa-tamaris\/","title":{"rendered":"La Seyne-sur-Mer : l\u2019histoire du portrait en 200 ans \u00e0 la Villa Tamaris"},"content":{"rendered":"<div class=\"paragraph\">\n<p>La premi\u00e8re photographie de l\u2019histoire aurait \u00e9t\u00e9 captur\u00e9e en 1826 par le Fran\u00e7ais Nic\u00e9phore Ni\u00e9pce. L\u2019inventeur avait captur\u00e9 la vue depuis sa fen\u00eatre de Saint-Loup-de-Varennes, en Sa\u00f4ne-et-Loire. 200 ans plus tard, la pratique a travers\u00e9 les \u00e9poques, les techniques ont \u00e9volu\u00e9, des styles ont \u00e9merg\u00e9, marquant l\u2019histoire. L\u2019exposition \u00ab\u00a0200 ans de portraits\u00a0\u00bb a choisi de leur rendre hommage. Du portrait pos\u00e9 aux approches les plus libres, chaque photographie r\u00e9v\u00e8le une mani\u00e8re singuli\u00e8re de capter une pr\u00e9sence, une expression, une identit\u00e9.<\/p>\n<p>C\u2019est une v\u00e9ritable invitation au voyage que nous lance l\u2019exposition au travers des centaines de clich\u00e9s.<\/p>\n<p>Ce voyage se fait surtout au travers du temps. Du photographe Nadar, pr\u00e9curseur, qui, au XIX<sup>e<\/sup> si\u00e8cle, immortalisait des figures de son \u00e9poque telles que Victor Hugo, Charles Baudelaire ou Auguste Rodin, aux \u0153uvres de Pierre Petit et Adolphe Dallemagne, aux origines du portrait photographique. L\u2019itin\u00e9raire se poursuit, passant par toutes les g\u00e9n\u00e9rations de photographes qui ont \u00e9crit l\u2019histoire vivante du portrait, port\u00e9e par la diversit\u00e9 des \u00e9critures et des intentions.<\/p>\n<\/p><\/div>\n<div class=\"intext\"> Entr\u00e9e gratuite\n              <\/div>\n<div class=\"paragraph\">\n<p>\u00c0 l\u2019origine de l\u2019exposition, la m\u00e9diath\u00e8que du patrimoine et de la photographie qui poss\u00e8de dans sa collection plus de 25 millions de photographies ayant fait l\u2019histoire, tous supports confondus.<\/p>\n<p>La visite de l\u2019exposition est gratuite et possible du mercredi au dimanche inclus, de 8h30 \u00e0 12h et de 14h \u00e0 17h30. Des ateliers en lien avec l\u2019exposition sont aussi propos\u00e9s comme le 29 ao\u00fbt et 12 septembre avec un atelier croquis et le 5 septembre avec un atelier cr\u00e9ation.<\/p>\n<p><b>Louis Golliot <\/b><\/p>\n<\/p><\/div>\n","protected":false},"excerpt":{"rendered":"La premi&egrave;re photographie de l&rsquo;histoire aurait &eacute;t&eacute; captur&eacute;e en 1826 par le Fran&ccedil;ais Nic&eacute;phore Ni&eacute;pce. L&rsquo;inventeur avait captur&eacute; la vue depuis sa fen&ecirc;tre de &#8230;","protected":false},"author":1,"featured_media":40159,"comment_status":"open","ping_status":"open","sticky":false,"template":"","format":"standard","meta":{"footnotes":""},"categories":[32],"tags":[6085,3251,279,1083,2459,398,31],"news-destination":[],"news-source":[475],"is_homepage":[],"ta_other":[],"class_list":["post-40158","post","type-post","status-publish","format-standard","has-post-thumbnail","hentry","category-culture","tag-cest-lete","tag-expo-photo","tag-exposition","tag-gratuit","tag-histoire-de-lart","tag-la-seyne-sur-mer","tag-var","news-source-website"],"_links":{"self":[{"href":"https:\/\/euapp01.newsmemory.com\/lamarseillaise\/news\/wp-json\/wp\/v2\/posts\/40158","targetHints":{"allow":["GET"]}}],"collection":[{"href":"https:\/\/euapp01.newsmemory.com\/lamarseillaise\/news\/wp-json\/wp\/v2\/posts"}],"about":[{"href":"https:\/\/euapp01.newsmemory.com\/lamarseillaise\/news\/wp-json\/wp\/v2\/types\/post"}],"author":[{"embeddable":true,"href":"https:\/\/euapp01.newsmemory.com\/lamarseillaise\/news\/wp-json\/wp\/v2\/users\/1"}],"replies":[{"embeddable":true,"href":"https:\/\/euapp01.newsmemory.com\/lamarseillaise\/news\/wp-json\/wp\/v2\/comments?post=40158"}],"version-history":[{"count":1,"href":"https:\/\/euapp01.newsmemory.com\/lamarseillaise\/news\/wp-json\/wp\/v2\/posts\/40158\/revisions"}],"predecessor-version":[{"id":40160,"href":"https:\/\/euapp01.newsmemory.com\/lamarseillaise\/news\/wp-json\/wp\/v2\/posts\/40158\/revisions\/40160"}],"wp:featuredmedia":[{"embeddable":true,"href":"https:\/\/euapp01.newsmemory.com\/lamarseillaise\/news\/wp-json\/wp\/v2\/media\/40159"}],"wp:attachment":[{"href":"https:\/\/euapp01.newsmemory.com\/lamarseillaise\/news\/wp-json\/wp\/v2\/media?parent=40158"}],"wp:term":[{"taxonomy":"category","embeddable":true,"href":"https:\/\/euapp01.newsmemory.com\/lamarseillaise\/news\/wp-json\/wp\/v2\/categories?post=40158"},{"taxonomy":"post_tag","embeddable":true,"href":"https:\/\/euapp01.newsmemory.com\/lamarseillaise\/news\/wp-json\/wp\/v2\/tags?post=40158"},{"taxonomy":"news-destination","embeddable":true,"href":"https:\/\/euapp01.newsmemory.com\/lamarseillaise\/news\/wp-json\/wp\/v2\/news-destination?post=40158"},{"taxonomy":"news-source","embeddable":true,"href":"https:\/\/euapp01.newsmemory.com\/lamarseillaise\/news\/wp-json\/wp\/v2\/news-source?post=40158"},{"taxonomy":"is_homepage","embeddable":true,"href":"https:\/\/euapp01.newsmemory.com\/lamarseillaise\/news\/wp-json\/wp\/v2\/is_homepage?post=40158"},{"taxonomy":"ta_other","embeddable":true,"href":"https:\/\/euapp01.newsmemory.com\/lamarseillaise\/news\/wp-json\/wp\/v2\/ta_other?post=40158"}],"curies":[{"name":"wp","href":"https:\/\/api.w.org\/{rel}","templated":true}]}}