{"id":40152,"date":"2026-08-24T09:52:00","date_gmt":"2026-08-24T07:52:00","guid":{"rendered":"https:\/\/euapp01.newsmemory.com\/lamarseillaise\/news\/?p=40152"},"modified":"2026-08-24T10:17:49","modified_gmt":"2026-08-24T08:17:49","slug":"cest-lete-les-gorges-de-trevans-a-estoublon","status":"publish","type":"post","link":"https:\/\/euapp01.newsmemory.com\/lamarseillaise\/news\/2026\/08\/24\/cest-lete-les-gorges-de-trevans-a-estoublon\/","title":{"rendered":"[C\u2019est l\u2019\u00e9t\u00e9] Les Gorges de Tr\u00e9vans \u00e0 Estoublon"},"content":{"rendered":"<div class=\"paragraph\">\n<p>Elles sont accessibles depuis le village d\u2019Estoublon, \u00e0 une trentaine de kilom\u00e8tres au sud de Digne-les-Bains. Vous pouvez y faire une randonn\u00e9e au fil de l\u2019eau, au bord de la rivi\u00e8re. Le torrent a creus\u00e9 un \u00e9troit canyon haut de 200 m\u00e8tres, dans un espace \u00e0 la biodiversit\u00e9 remarquable. Vous pouvez y trouver une quarantaine d\u2019esp\u00e8ces d\u2019oiseaux et de chauves-souris, ainsi que des chamois. De nombreux vestiges vous attendent \u00e9galement le long du sentier.<\/p>\n<\/p><\/div>\n","protected":false},"excerpt":{"rendered":"Elles sont accessibles depuis le village d&rsquo;Estoublon, &agrave; une trentaine de kilom&egrave;tres au sud de Digne-les-Bains. Vous pouvez y faire une randonn&eacute;e au fil de l&rsquo;eau, au bord de la rivi&egrave;re. Le torrent a &#8230;","protected":false},"author":1,"featured_media":40153,"comment_status":"open","ping_status":"open","sticky":false,"template":"","format":"standard","meta":{"footnotes":""},"categories":[333],"tags":[4768,4467,84,6085,372,373,1375,376,569,1439,1899],"news-destination":[],"news-source":[475],"is_homepage":[],"ta_other":[],"class_list":["post-40152","post","type-post","status-publish","format-standard","has-post-thumbnail","hentry","category-environnement","tag-alpes","tag-alpes-de-haute-provence","tag-biodiversite","tag-cest-lete","tag-canicule","tag-chaleur","tag-chauves-souris","tag-faune-sauvage","tag-oiseaux","tag-reserve-naturelle","tag-riviere","news-source-website"],"_links":{"self":[{"href":"https:\/\/euapp01.newsmemory.com\/lamarseillaise\/news\/wp-json\/wp\/v2\/posts\/40152","targetHints":{"allow":["GET"]}}],"collection":[{"href":"https:\/\/euapp01.newsmemory.com\/lamarseillaise\/news\/wp-json\/wp\/v2\/posts"}],"about":[{"href":"https:\/\/euapp01.newsmemory.com\/lamarseillaise\/news\/wp-json\/wp\/v2\/types\/post"}],"author":[{"embeddable":true,"href":"https:\/\/euapp01.newsmemory.com\/lamarseillaise\/news\/wp-json\/wp\/v2\/users\/1"}],"replies":[{"embeddable":true,"href":"https:\/\/euapp01.newsmemory.com\/lamarseillaise\/news\/wp-json\/wp\/v2\/comments?post=40152"}],"version-history":[{"count":1,"href":"https:\/\/euapp01.newsmemory.com\/lamarseillaise\/news\/wp-json\/wp\/v2\/posts\/40152\/revisions"}],"predecessor-version":[{"id":40154,"href":"https:\/\/euapp01.newsmemory.com\/lamarseillaise\/news\/wp-json\/wp\/v2\/posts\/40152\/revisions\/40154"}],"wp:featuredmedia":[{"embeddable":true,"href":"https:\/\/euapp01.newsmemory.com\/lamarseillaise\/news\/wp-json\/wp\/v2\/media\/40153"}],"wp:attachment":[{"href":"https:\/\/euapp01.newsmemory.com\/lamarseillaise\/news\/wp-json\/wp\/v2\/media?parent=40152"}],"wp:term":[{"taxonomy":"category","embeddable":true,"href":"https:\/\/euapp01.newsmemory.com\/lamarseillaise\/news\/wp-json\/wp\/v2\/categories?post=40152"},{"taxonomy":"post_tag","embeddable":true,"href":"https:\/\/euapp01.newsmemory.com\/lamarseillaise\/news\/wp-json\/wp\/v2\/tags?post=40152"},{"taxonomy":"news-destination","embeddable":true,"href":"https:\/\/euapp01.newsmemory.com\/lamarseillaise\/news\/wp-json\/wp\/v2\/news-destination?post=40152"},{"taxonomy":"news-source","embeddable":true,"href":"https:\/\/euapp01.newsmemory.com\/lamarseillaise\/news\/wp-json\/wp\/v2\/news-source?post=40152"},{"taxonomy":"is_homepage","embeddable":true,"href":"https:\/\/euapp01.newsmemory.com\/lamarseillaise\/news\/wp-json\/wp\/v2\/is_homepage?post=40152"},{"taxonomy":"ta_other","embeddable":true,"href":"https:\/\/euapp01.newsmemory.com\/lamarseillaise\/news\/wp-json\/wp\/v2\/ta_other?post=40152"}],"curies":[{"name":"wp","href":"https:\/\/api.w.org\/{rel}","templated":true}]}}