{"id":40149,"date":"2026-08-24T09:39:00","date_gmt":"2026-08-24T07:39:00","guid":{"rendered":"https:\/\/euapp01.newsmemory.com\/lamarseillaise\/news\/?p=40149"},"modified":"2026-08-24T10:17:49","modified_gmt":"2026-08-24T08:17:49","slug":"journee-dhommage-aux-tirailleurs-senegalais","status":"publish","type":"post","link":"https:\/\/euapp01.newsmemory.com\/lamarseillaise\/news\/2026\/08\/24\/journee-dhommage-aux-tirailleurs-senegalais\/","title":{"rendered":"Journ\u00e9e d\u2019hommage aux tirailleurs s\u00e9n\u00e9galais"},"content":{"rendered":"<div class=\"paragraph\">\n<p>C\u2019est au c\u0153ur du jardin africain, dans le parc du 26<sup>e<\/sup> centenaire, que la Ville de Marseille a c\u00e9l\u00e9br\u00e9 la Journ\u00e9e des tirailleurs. Cette comm\u00e9moration fix\u00e9e le 23 ao\u00fbt au S\u00e9n\u00e9gal, rend hommage aux tirailleurs s\u00e9n\u00e9galais. Ces soldats d\u2019Afrique subsaharienne qui ont combattu pour la France dans les guerres mondiales et coloniales. \u00ab\u00a0<i>Quand je pense aux tirailleurs s\u00e9n\u00e9galais je pense tout \u00e0 la fois \u00e0 l\u2019h\u00e9ro\u00efsme du chemin des Dames, \u00e0 la blessure non cicatris\u00e9e de Thiaroye, aux recrutements pol\u00e9miques, au massacre de Chasselay mais aussi \u00e0 Blaise Diagne ou \u00e0 Samory Tour\u00e9<\/i><i>\u00a0<\/i>\u00bb, relate Jo\u00ebl Broquet, pr\u00e9sident du Partenariat Eurafricain.<\/p>\n<p>Au total, quelque 350 000 tirailleurs s\u00e9n\u00e9galais ont combattu sous le drapeau fran\u00e7ais lors des deux guerres mondiales et 60 000 sont morts au front. \u00ab\u00a0<i>Beaucoup furent enr\u00f4l\u00e9s de force, arrach\u00e9s \u00e0 leurs villages, \u00e0 leurs familles, pour un continent qu\u2019ils ne connaissaient pas, projet\u00e9s dans une guerre, que bien souvent, ils ne comprenaient pas<\/i><i>\u00a0<\/i>\u00bb, rappelle Hassan Guenfici, adjoint au maire de Marseille, en charge de l\u2019\u00e9ducation populaire. La c\u00e9r\u00e9monie se d\u00e9roule devant la seule plaque de Provence qui rend hommage \u00e0 ces combattants. \u00ab\u00a0<i>Ce n\u2019est pas un simple monument, c\u2019est une promesse faite aux g\u00e9n\u00e9rations futures, que le sacrifice de nos a\u00een\u00e9s ne sera jamais r\u00e9duit au silence<\/i><i>\u00a0<\/i>\u00bb, mart\u00e8le Serigne Falilou Diouf, consul g\u00e9n\u00e9ral du S\u00e9n\u00e9gal \u00e0 Marseille devant les \u00e9lus et membres de la diaspora.<\/p>\n<p>\u00ab\u00a0<i>Faire vivre aujourd\u2019hui la m\u00e9moire des tirailleurs s\u00e9n\u00e9galais (&#8230;) c\u2019est permettre aux nouvelles g\u00e9n\u00e9rations de comprendre que la libert\u00e9 dont nous avons h\u00e9rit\u00e9 fut conquise par des femmes et des hommes venus d\u2019horizons tr\u00e8s diff\u00e9rents<\/i><i>\u00a0<\/i>\u00bb, conclut Romain Delmon, secr\u00e9taire g\u00e9n\u00e9ral de la pr\u00e9fecture des Bouches-du-Rh\u00f4ne.<\/p>\n<\/p><\/div>\n","protected":false},"excerpt":{"rendered":"C&rsquo;est au c&oelig;ur du jardin africain, dans le parc du 26e centenaire, que la Ville de Marseille a c&eacute;l&eacute;br&eacute; la Journ&eacute;e des tirailleurs. Cette comm&eacute;moration fix&eacute;e le 23 ao&ucirc;t au &#8230;","protected":false},"author":1,"featured_media":40150,"comment_status":"open","ping_status":"open","sticky":false,"template":"","format":"standard","meta":{"footnotes":""},"categories":[20],"tags":[10,389,2197,16,4316,2157,2164],"news-destination":[],"news-source":[475],"is_homepage":[],"ta_other":[],"class_list":["post-40149","post","type-post","status-publish","format-standard","has-post-thumbnail","hentry","category-societe","tag-bouches-du-rhone","tag-hommage","tag-liberte","tag-marseille","tag-senegal","tag-soldats","tag-tirailleurs-senegalais","news-source-website"],"_links":{"self":[{"href":"https:\/\/euapp01.newsmemory.com\/lamarseillaise\/news\/wp-json\/wp\/v2\/posts\/40149","targetHints":{"allow":["GET"]}}],"collection":[{"href":"https:\/\/euapp01.newsmemory.com\/lamarseillaise\/news\/wp-json\/wp\/v2\/posts"}],"about":[{"href":"https:\/\/euapp01.newsmemory.com\/lamarseillaise\/news\/wp-json\/wp\/v2\/types\/post"}],"author":[{"embeddable":true,"href":"https:\/\/euapp01.newsmemory.com\/lamarseillaise\/news\/wp-json\/wp\/v2\/users\/1"}],"replies":[{"embeddable":true,"href":"https:\/\/euapp01.newsmemory.com\/lamarseillaise\/news\/wp-json\/wp\/v2\/comments?post=40149"}],"version-history":[{"count":1,"href":"https:\/\/euapp01.newsmemory.com\/lamarseillaise\/news\/wp-json\/wp\/v2\/posts\/40149\/revisions"}],"predecessor-version":[{"id":40151,"href":"https:\/\/euapp01.newsmemory.com\/lamarseillaise\/news\/wp-json\/wp\/v2\/posts\/40149\/revisions\/40151"}],"wp:featuredmedia":[{"embeddable":true,"href":"https:\/\/euapp01.newsmemory.com\/lamarseillaise\/news\/wp-json\/wp\/v2\/media\/40150"}],"wp:attachment":[{"href":"https:\/\/euapp01.newsmemory.com\/lamarseillaise\/news\/wp-json\/wp\/v2\/media?parent=40149"}],"wp:term":[{"taxonomy":"category","embeddable":true,"href":"https:\/\/euapp01.newsmemory.com\/lamarseillaise\/news\/wp-json\/wp\/v2\/categories?post=40149"},{"taxonomy":"post_tag","embeddable":true,"href":"https:\/\/euapp01.newsmemory.com\/lamarseillaise\/news\/wp-json\/wp\/v2\/tags?post=40149"},{"taxonomy":"news-destination","embeddable":true,"href":"https:\/\/euapp01.newsmemory.com\/lamarseillaise\/news\/wp-json\/wp\/v2\/news-destination?post=40149"},{"taxonomy":"news-source","embeddable":true,"href":"https:\/\/euapp01.newsmemory.com\/lamarseillaise\/news\/wp-json\/wp\/v2\/news-source?post=40149"},{"taxonomy":"is_homepage","embeddable":true,"href":"https:\/\/euapp01.newsmemory.com\/lamarseillaise\/news\/wp-json\/wp\/v2\/is_homepage?post=40149"},{"taxonomy":"ta_other","embeddable":true,"href":"https:\/\/euapp01.newsmemory.com\/lamarseillaise\/news\/wp-json\/wp\/v2\/ta_other?post=40149"}],"curies":[{"name":"wp","href":"https:\/\/api.w.org\/{rel}","templated":true}]}}