{"id":40146,"date":"2026-08-24T09:34:00","date_gmt":"2026-08-24T07:34:00","guid":{"rendered":"https:\/\/euapp01.newsmemory.com\/lamarseillaise\/news\/?p=40146"},"modified":"2026-08-28T10:29:36","modified_gmt":"2026-08-28T08:29:36","slug":"les-syndicats-preparent-une-rentree-de-mobilisations","status":"publish","type":"post","link":"https:\/\/euapp01.newsmemory.com\/lamarseillaise\/news\/2026\/08\/24\/les-syndicats-preparent-une-rentree-de-mobilisations\/","title":{"rendered":"Les syndicats pr\u00e9parent une rentr\u00e9e de mobilisations"},"content":{"rendered":"<div class=\"paragraph\">\n<p>\u00ab <i>C<\/i><i>\u2019est scandaleux<\/i><i>\u00a0<\/i>\u00bb. C\u2019est le premier mot qui sort de la bouche de Kadal, militant du syndicat \u00e9tudiant le Poing lev\u00e9 \u00e0 Aix Marseille Universit\u00e9 (AMU), quand on \u00e9voque les pr\u00e9conisations du rapport de l\u2019IGF et de l\u2019Igas. Pour l\u2019\u00e9tudiant, bien qu\u2019il ne s\u2019agisse pour le moment que d\u2019une pr\u00e9conisation, il y voit \u00ab\u00a0<i>la volont\u00e9 de la part du gouvernement d\u2019essayer de faire payer la crise aux \u00e9tudiants<\/i><i>\u00a0<\/i>\u00bb.<\/p>\n<p>\u00ab\u00a0<i>D\u2019autant plus que sans cette aide, les \u00e9tudiants vont r\u00e9duire d\u2019autres d\u00e9penses, car on ne peut pas \u00e9conomiser sur le loyer,<\/i> explique Louis Marjollet, membre du collectif d\u2019\u00e9tudiants de l\u2019Universit\u00e9 d\u2019Avignon. <i>Comme leur frais de sant\u00e9, ou sur la nourriture<\/i> \u00bb. Un enjeu d\u2019autant plus grand pour les loyers dans les villes d\u2019Aix-en-Provence, Marseille et Avignon ne cessent d\u2019augmenter. \u00ab <i>On est dans une situation telle, que certains \u00e9tudiants commencent la rentr\u00e9e au camping<\/i><i>\u00a0<\/i>\u00bb, insiste Kadal.<\/p>\n<p>Pour les syndicalistes, c\u2019est une fa\u00e7on d\u00e9tourn\u00e9e de faire de la s\u00e9lection \u00e0 l\u2019universit\u00e9. \u00ab\u00a0<i>En faisant en sorte que l\u2019universit\u00e9 soit le lieu o\u00f9 seules les personnes les plus ais\u00e9es peuvent aller \u00e9tudier<\/i><i>\u00a0<\/i>\u00bb, soutient Younes Dufresnes, repr\u00e9sentant de l\u2019Union \u00e9tudiante de AMU.<\/p>\n<p>Une attaque suppl\u00e9mentaire contre les \u00e9tudiants dont le co\u00fbt de la vie aurait augment\u00e9 de 35% depuis l\u2019\u00e9lection d\u2019Emmanuel Macron, d\u2019apr\u00e8s un rapport de l\u2019UNEF. Une politique hostile qui s\u2019est d\u2019abord port\u00e9e contre les \u00e9tudiants extra-europ\u00e9ens, avec l\u2019augmentation des leurs frais d\u2019inscription, puis la suppression de leurs APL en juillet dernier. \u00ab\u00a0<i>Ils ont fait un premier test avec les \u00e9trangers. Ils ont vu que \u00e7a passait. Et l\u00e0, ils essayent de g\u00e9n\u00e9raliser<\/i><i>\u00a0<\/i>\u00bb, se d\u00e9sole Kadal.<\/p>\n<p>Face \u00e0 ce constat, une grande journ\u00e9e de mobilisation intersyndicale \u00e9tudiante est donc pr\u00e9vue ce 15 septembre. \u00ab\u00a0<i>Il faut que les \u00e9tudiants pr\u00e9caires, et les futurs pr\u00e9caires se mobilisent pour d\u00e9fendre les derniers droits qu\u2019il nous reste<\/i><i>\u00a0<\/i>\u00bb, argue Younes Dufresnes. Une mobilisation contre la pr\u00e9conisation du rapport mais \u00e9galement contre les frais suppl\u00e9mentaires impos\u00e9s aux \u00e9tudiants \u00e9trangers. \u00ab\u00a0<i>Il faut que l\u2019on se montre solidaire avec les \u00e9tudiants \u00e9trangers qui sont en train d\u2019\u00eatre inqui\u00e9t\u00e9s par le go<\/i><i>uvernement, sinon on va se retrouver dans la m\u00eame situation quelques mois plus tard<\/i><i>\u00a0<\/i>\u00bb, ajoute Kadal.<\/p>\n<p>Une nouvelle attaque du gouvernement contre des \u00e9tudiants qui se pr\u00e9carisent et que les syndicats appellent \u00e0 combattre\u00a0: \u00ab <i>On a plus le choix, car ce ne sera que par la lutte sociale que l\u2019on arrivera \u00e0 repousser ce genre de pr\u00e9conisation<\/i>\u00a0\u00bb, insiste Louis Marjollet.<\/p>\n<\/p><\/div>\n","protected":false},"excerpt":{"rendered":"&laquo; C&rsquo;est scandaleux&nbsp;&raquo;. C&rsquo;est le premier mot qui sort de la bouche de Kadal, militant du syndicat &eacute;tudiant le Poing lev&eacute; &agrave; Aix Marseille Universit&eacute; (AMU), quand on &eacute;voque les &#8230;","protected":false},"author":1,"featured_media":40147,"comment_status":"open","ping_status":"open","sticky":false,"template":"","format":"standard","meta":{"footnotes":""},"categories":[3926,3925,331],"tags":[1057,1617,10,575,1518,528,806,784,560,16,364,6307,1615,3221],"news-destination":[3944],"news-source":[475],"is_homepage":[],"ta_other":[],"class_list":["post-40146","post","type-post","status-publish","format-standard","has-post-thumbnail","hentry","category-accueil-merge","category-accueil-third","category-social","tag-aix-marseille","tag-amu","tag-bouches-du-rhone","tag-emmanuel-macron","tag-etudiants","tag-gouvernement","tag-inscriptions","tag-intersyndicale","tag-manifestation","tag-marseille","tag-syndicats","tag-unef","tag-universite","tag-universite-aix-marseille","news-destination-homepage","news-source-website"],"_links":{"self":[{"href":"https:\/\/euapp01.newsmemory.com\/lamarseillaise\/news\/wp-json\/wp\/v2\/posts\/40146","targetHints":{"allow":["GET"]}}],"collection":[{"href":"https:\/\/euapp01.newsmemory.com\/lamarseillaise\/news\/wp-json\/wp\/v2\/posts"}],"about":[{"href":"https:\/\/euapp01.newsmemory.com\/lamarseillaise\/news\/wp-json\/wp\/v2\/types\/post"}],"author":[{"embeddable":true,"href":"https:\/\/euapp01.newsmemory.com\/lamarseillaise\/news\/wp-json\/wp\/v2\/users\/1"}],"replies":[{"embeddable":true,"href":"https:\/\/euapp01.newsmemory.com\/lamarseillaise\/news\/wp-json\/wp\/v2\/comments?post=40146"}],"version-history":[{"count":1,"href":"https:\/\/euapp01.newsmemory.com\/lamarseillaise\/news\/wp-json\/wp\/v2\/posts\/40146\/revisions"}],"predecessor-version":[{"id":40148,"href":"https:\/\/euapp01.newsmemory.com\/lamarseillaise\/news\/wp-json\/wp\/v2\/posts\/40146\/revisions\/40148"}],"wp:featuredmedia":[{"embeddable":true,"href":"https:\/\/euapp01.newsmemory.com\/lamarseillaise\/news\/wp-json\/wp\/v2\/media\/40147"}],"wp:attachment":[{"href":"https:\/\/euapp01.newsmemory.com\/lamarseillaise\/news\/wp-json\/wp\/v2\/media?parent=40146"}],"wp:term":[{"taxonomy":"category","embeddable":true,"href":"https:\/\/euapp01.newsmemory.com\/lamarseillaise\/news\/wp-json\/wp\/v2\/categories?post=40146"},{"taxonomy":"post_tag","embeddable":true,"href":"https:\/\/euapp01.newsmemory.com\/lamarseillaise\/news\/wp-json\/wp\/v2\/tags?post=40146"},{"taxonomy":"news-destination","embeddable":true,"href":"https:\/\/euapp01.newsmemory.com\/lamarseillaise\/news\/wp-json\/wp\/v2\/news-destination?post=40146"},{"taxonomy":"news-source","embeddable":true,"href":"https:\/\/euapp01.newsmemory.com\/lamarseillaise\/news\/wp-json\/wp\/v2\/news-source?post=40146"},{"taxonomy":"is_homepage","embeddable":true,"href":"https:\/\/euapp01.newsmemory.com\/lamarseillaise\/news\/wp-json\/wp\/v2\/is_homepage?post=40146"},{"taxonomy":"ta_other","embeddable":true,"href":"https:\/\/euapp01.newsmemory.com\/lamarseillaise\/news\/wp-json\/wp\/v2\/ta_other?post=40146"}],"curies":[{"name":"wp","href":"https:\/\/api.w.org\/{rel}","templated":true}]}}