{"id":40140,"date":"2026-08-24T09:17:00","date_gmt":"2026-08-24T07:17:00","guid":{"rendered":"https:\/\/euapp01.newsmemory.com\/lamarseillaise\/news\/?p=40140"},"modified":"2026-08-24T10:03:23","modified_gmt":"2026-08-24T08:03:23","slug":"avignon-deviee-apres-des-fusillades-la-lignede-bus-c2-retablie","status":"publish","type":"post","link":"https:\/\/euapp01.newsmemory.com\/lamarseillaise\/news\/2026\/08\/24\/avignon-deviee-apres-des-fusillades-la-lignede-bus-c2-retablie\/","title":{"rendered":"Avignon : d\u00e9vi\u00e9e apr\u00e8s des fusillades, la lignede bus C2 r\u00e9tablie"},"content":{"rendered":"<div class=\"paragraph\">\n<p>Depuis le mois de juin, et apr\u00e8s des fusillades successives dans le quartier, les lignes de bus C2 et C10 avaient \u00e9t\u00e9 d\u00e9vi\u00e9es pour assurer la s\u00e9curit\u00e9 des passagers et des personnels. Apr\u00e8s un retour progressif \u00e0 la normale, la ligne C2 retrouve son itin\u00e9raire habituel via l\u2019avenue Monclar d\u00e8s le lundi 24 ao\u00fbt. Les arr\u00eats Monclar, Verdi, Quiot, Scheppler et Fabrica seront de nouveau desservis. Toutefois, l\u2019itin\u00e9raire via les arr\u00eats La Fabrica, Levant et Eglantines est maintenu le vendredi toute la journ\u00e9e et tous les jours \u00e0 partir de 18\u00a0heures, pr\u00e9cise Orizo.<\/p>\n<\/p><\/div>\n","protected":false},"excerpt":{"rendered":"Depuis le mois de juin, et apr&egrave;s des fusillades successives dans le quartier, les lignes de bus C2 et C10 avaient &eacute;t&eacute; d&eacute;vi&eacute;es pour assurer la s&eacute;curit&eacute; des passagers et des personnels. Apr&egrave;s un &#8230;","protected":false},"author":1,"featured_media":40141,"comment_status":"open","ping_status":"open","sticky":false,"template":"","format":"standard","meta":{"footnotes":""},"categories":[20],"tags":[174,1386,111,666,818,2396,171],"news-destination":[],"news-source":[475],"is_homepage":[],"ta_other":[],"class_list":["post-40140","post","type-post","status-publish","format-standard","has-post-thumbnail","hentry","category-societe","tag-avignon","tag-bus","tag-securite","tag-transports","tag-transports-en-commun","tag-usagers","tag-vaucluse","news-source-website"],"_links":{"self":[{"href":"https:\/\/euapp01.newsmemory.com\/lamarseillaise\/news\/wp-json\/wp\/v2\/posts\/40140","targetHints":{"allow":["GET"]}}],"collection":[{"href":"https:\/\/euapp01.newsmemory.com\/lamarseillaise\/news\/wp-json\/wp\/v2\/posts"}],"about":[{"href":"https:\/\/euapp01.newsmemory.com\/lamarseillaise\/news\/wp-json\/wp\/v2\/types\/post"}],"author":[{"embeddable":true,"href":"https:\/\/euapp01.newsmemory.com\/lamarseillaise\/news\/wp-json\/wp\/v2\/users\/1"}],"replies":[{"embeddable":true,"href":"https:\/\/euapp01.newsmemory.com\/lamarseillaise\/news\/wp-json\/wp\/v2\/comments?post=40140"}],"version-history":[{"count":1,"href":"https:\/\/euapp01.newsmemory.com\/lamarseillaise\/news\/wp-json\/wp\/v2\/posts\/40140\/revisions"}],"predecessor-version":[{"id":40142,"href":"https:\/\/euapp01.newsmemory.com\/lamarseillaise\/news\/wp-json\/wp\/v2\/posts\/40140\/revisions\/40142"}],"wp:featuredmedia":[{"embeddable":true,"href":"https:\/\/euapp01.newsmemory.com\/lamarseillaise\/news\/wp-json\/wp\/v2\/media\/40141"}],"wp:attachment":[{"href":"https:\/\/euapp01.newsmemory.com\/lamarseillaise\/news\/wp-json\/wp\/v2\/media?parent=40140"}],"wp:term":[{"taxonomy":"category","embeddable":true,"href":"https:\/\/euapp01.newsmemory.com\/lamarseillaise\/news\/wp-json\/wp\/v2\/categories?post=40140"},{"taxonomy":"post_tag","embeddable":true,"href":"https:\/\/euapp01.newsmemory.com\/lamarseillaise\/news\/wp-json\/wp\/v2\/tags?post=40140"},{"taxonomy":"news-destination","embeddable":true,"href":"https:\/\/euapp01.newsmemory.com\/lamarseillaise\/news\/wp-json\/wp\/v2\/news-destination?post=40140"},{"taxonomy":"news-source","embeddable":true,"href":"https:\/\/euapp01.newsmemory.com\/lamarseillaise\/news\/wp-json\/wp\/v2\/news-source?post=40140"},{"taxonomy":"is_homepage","embeddable":true,"href":"https:\/\/euapp01.newsmemory.com\/lamarseillaise\/news\/wp-json\/wp\/v2\/is_homepage?post=40140"},{"taxonomy":"ta_other","embeddable":true,"href":"https:\/\/euapp01.newsmemory.com\/lamarseillaise\/news\/wp-json\/wp\/v2\/ta_other?post=40140"}],"curies":[{"name":"wp","href":"https:\/\/api.w.org\/{rel}","templated":true}]}}