{"id":40131,"date":"2026-08-24T09:11:00","date_gmt":"2026-08-24T07:11:00","guid":{"rendered":"https:\/\/euapp01.newsmemory.com\/lamarseillaise\/news\/?p=40131"},"modified":"2026-08-28T10:29:36","modified_gmt":"2026-08-28T08:29:36","slug":"cible-par-stephane-ravier-theo-challande-reagit","status":"publish","type":"post","link":"https:\/\/euapp01.newsmemory.com\/lamarseillaise\/news\/2026\/08\/24\/cible-par-stephane-ravier-theo-challande-reagit\/","title":{"rendered":"Cibl\u00e9 par St\u00e9phane Ravier, Th\u00e9o Challande r\u00e9agit"},"content":{"rendered":"<div class=\"paragraph\">\n<p>Dix jours apr\u00e8s avoir \u00e9t\u00e9 pris pour cible par le s\u00e9nateur (ex-RN) St\u00e9phane Ravier, l\u2019ancien adjoint (EELV) \u00e0 la lutte contre les discriminations Th\u00e9o Challande N\u00e9voret indique ce dimanche \u00e0 <i>La Marseillaise<\/i> qu\u2019il va porter plainte face aux menaces re\u00e7ues. En se filmant au volant de son v\u00e9hicule, le parlementaire l\u2019accuse de \u00ab\u00a0<i>christianophobie<\/i>\u00a0\u00bb pour avoir organis\u00e9 dans le bar LGBT le Boum, (6<sup>e<\/sup>) une \u00ab\u00a0f\u00eate de la v(i)erge\u00a0\u00bb le jour de l\u2019Assomption. \u00ab\u00a0<i>C\u2019est d\u00e9gueulasse, c\u2019est ignoble<\/i><i>\u00a0<\/i>\u00bb l\u00e2che le s\u00e9nateur qui d\u00e9signe l\u2019ex-adjoint comme un \u00ab\u00a0<i>artisan assum\u00e9 de l\u2019islamisation de la ville<\/i><i>\u00a0<\/i>\u00bb, tandis qu\u2019en r\u00e9ponse des commentaires appellent \u00e0 \u00ab\u00a0<i>r\u00e9organiser les croisades et les milices<\/i>\u00a0\u00bb ou estiment que \u00ab\u00a0<i>la peur doit changer de camp<\/i><i>\u00a0<\/i>\u00bb.<\/p>\n<p>\u00ab\u00a0<i>Quand cela s\u2019est pass\u00e9, j\u2019\u00e9tais tr\u00e8s en col\u00e8re, cela nous prend du temps, de la sant\u00e9 mentale,<\/i> reconna\u00eet Th\u00e9o Challande N\u00e9voret. <i>Mais nous nous sommes rendu compte qu\u2019il valait mieux en rire, retourner la situation en continuant \u00e0 caricaturer, \u00e0 \u00eatre dr\u00f4les, \u00e0 d\u00e9noncer un utilisant un langage non violent, artistique plut\u00f4t que de propager des haines<\/i><i>\u00a0<\/i>\u00bb. Face aux menaces, la publication a \u00e9t\u00e9 imm\u00e9diatement signal\u00e9e sur la plateforme du minist\u00e8re de l\u2019Int\u00e9rieur Pharos, et une plainte devrait \u00eatre d\u00e9pos\u00e9e cette semaine face aux propos tenus en commentaire. \u00ab\u00a0<i>Nous nous r\u00e9servons le droit de d\u00e9poser une plainte si le s\u00e9nateur \u00e0 un comportement d\u00e9lictuel \u00e0 mon encontre<\/i><i>\u00a0<\/i>\u00bb, pr\u00e9cise l\u2019ancien adjoint. Il d\u00e9nonce surtout le proc\u00e9d\u00e9 employ\u00e9 par le parlementaire : \u00ab\u00a0<i>Ce qu\u2019il fait, c\u2019est d\u00e9signer une cible et sans le dire il ouvre la voie aux violences. L\u2019extr\u00eame droite montre de mani\u00e8re franche qu\u2019elle veut nous censurer, que l\u2019on n\u2019a pas le droit d\u2018avoir une pens\u00e9e la\u00efque, de caricaturer, que l\u2019on n\u2019a pas le droit \u00e0 la libert\u00e9 artistique<\/i><i>\u00a0<\/i>\u00bb.<\/p>\n<\/p><\/div>\n","protected":false},"excerpt":{"rendered":"Dix jours apr&egrave;s avoir &eacute;t&eacute; pris pour cible par le s&eacute;nateur (ex-RN) St&eacute;phane Ravier, l&rsquo;ancien adjoint (EELV) &agrave; la lutte contre les discriminations Th&eacute;o Challande N&eacute;voret indique ce dimanche &#8230;","protected":false},"author":1,"featured_media":40132,"comment_status":"open","ping_status":"open","sticky":false,"template":"","format":"standard","meta":{"footnotes":""},"categories":[3926,3925,330,20],"tags":[3668,10,441,1069,1116,16,2636,2361,3351,2546,6306],"news-destination":[3944],"news-source":[475],"is_homepage":[],"ta_other":[],"class_list":["post-40131","post","type-post","status-publish","format-standard","has-post-thumbnail","hentry","category-accueil-merge","category-accueil-third","category-politique","category-societe","tag-bars","tag-bouches-du-rhone","tag-extreme-droite","tag-haine","tag-lgbt","tag-marseille","tag-menaces","tag-plainte","tag-provocation-a-la-haine","tag-stephane-ravier","tag-theo-challande-nevoret","news-destination-homepage","news-source-website"],"_links":{"self":[{"href":"https:\/\/euapp01.newsmemory.com\/lamarseillaise\/news\/wp-json\/wp\/v2\/posts\/40131","targetHints":{"allow":["GET"]}}],"collection":[{"href":"https:\/\/euapp01.newsmemory.com\/lamarseillaise\/news\/wp-json\/wp\/v2\/posts"}],"about":[{"href":"https:\/\/euapp01.newsmemory.com\/lamarseillaise\/news\/wp-json\/wp\/v2\/types\/post"}],"author":[{"embeddable":true,"href":"https:\/\/euapp01.newsmemory.com\/lamarseillaise\/news\/wp-json\/wp\/v2\/users\/1"}],"replies":[{"embeddable":true,"href":"https:\/\/euapp01.newsmemory.com\/lamarseillaise\/news\/wp-json\/wp\/v2\/comments?post=40131"}],"version-history":[{"count":1,"href":"https:\/\/euapp01.newsmemory.com\/lamarseillaise\/news\/wp-json\/wp\/v2\/posts\/40131\/revisions"}],"predecessor-version":[{"id":40133,"href":"https:\/\/euapp01.newsmemory.com\/lamarseillaise\/news\/wp-json\/wp\/v2\/posts\/40131\/revisions\/40133"}],"wp:featuredmedia":[{"embeddable":true,"href":"https:\/\/euapp01.newsmemory.com\/lamarseillaise\/news\/wp-json\/wp\/v2\/media\/40132"}],"wp:attachment":[{"href":"https:\/\/euapp01.newsmemory.com\/lamarseillaise\/news\/wp-json\/wp\/v2\/media?parent=40131"}],"wp:term":[{"taxonomy":"category","embeddable":true,"href":"https:\/\/euapp01.newsmemory.com\/lamarseillaise\/news\/wp-json\/wp\/v2\/categories?post=40131"},{"taxonomy":"post_tag","embeddable":true,"href":"https:\/\/euapp01.newsmemory.com\/lamarseillaise\/news\/wp-json\/wp\/v2\/tags?post=40131"},{"taxonomy":"news-destination","embeddable":true,"href":"https:\/\/euapp01.newsmemory.com\/lamarseillaise\/news\/wp-json\/wp\/v2\/news-destination?post=40131"},{"taxonomy":"news-source","embeddable":true,"href":"https:\/\/euapp01.newsmemory.com\/lamarseillaise\/news\/wp-json\/wp\/v2\/news-source?post=40131"},{"taxonomy":"is_homepage","embeddable":true,"href":"https:\/\/euapp01.newsmemory.com\/lamarseillaise\/news\/wp-json\/wp\/v2\/is_homepage?post=40131"},{"taxonomy":"ta_other","embeddable":true,"href":"https:\/\/euapp01.newsmemory.com\/lamarseillaise\/news\/wp-json\/wp\/v2\/ta_other?post=40131"}],"curies":[{"name":"wp","href":"https:\/\/api.w.org\/{rel}","templated":true}]}}