{"id":40125,"date":"2026-08-24T08:18:00","date_gmt":"2026-08-24T06:18:00","guid":{"rendered":"https:\/\/euapp01.newsmemory.com\/lamarseillaise\/news\/?p=40125"},"modified":"2026-08-28T08:45:11","modified_gmt":"2026-08-28T06:45:11","slug":"le-maire-de-saint-raphael-poursuit-sa-croisade-anticommuniste","status":"publish","type":"post","link":"https:\/\/euapp01.newsmemory.com\/lamarseillaise\/news\/2026\/08\/24\/le-maire-de-saint-raphael-poursuit-sa-croisade-anticommuniste\/","title":{"rendered":"Le maire de Saint-Rapha\u00ebl poursuit sa croisade anticommuniste"},"content":{"rendered":"<div class=\"paragraph\">\n<p>Inaugur\u00e9 l\u2019\u00e9t\u00e9 dernier une st\u00e8le d\u00e9di\u00e9e aux \u00ab\u00a0cent millions de morts du communisme\u00a0\u00bb, le maire De Saint-Rapha\u00ebl a organis\u00e9 ce week-end plusieurs \u00e9v\u00e9nements sur ce th\u00e8me devenu semble-t-il pour lui obsessionnel. Une focale tr\u00e8s politique permettant tout en pointant les d\u00e9rives de ceux qui se sont accapar\u00e9s l\u2019id\u00e9al d\u2019\u00e9mancipation pour exercer leur tyrannie, comme les Khmers rouges au Cambodge, de salir les r\u00e9sistants communistes et banaliser les dictatures d\u2019extr\u00eame droite. C\u2019est ce que d\u00e9nonce avec force la section du PCF de Fr\u00e9jus-Saint-Rapha\u00ebl \u00ab\u00a0<i>choqu\u00e9e par cette falsification de l\u2019Histoire<\/i><i>\u00a0<\/i>\u00bb.<\/p>\n<p>\u00ab\u00a0<i>M. Masquelier poursuit sa croisade anticommuniste cette ann\u00e9e encore oubliant tous les totalitarismes du XX<\/i><i><sup>e<\/sup><\/i><i> si\u00e8cle \u00e0 commencer par la barbarie nazie<\/i>\u00a0\u00bb, s\u2019indigne-t-elle.<\/p>\n<p>Et de conclure : \u00ab <i>Les Khmers rouges ont commis un g\u00e9nocide au nom d\u2019un ultranationalisme \u00e0 l\u2019oppos\u00e9 de l\u2019internationalisme des communistes et de la lib\u00e9ration des peuple<\/i><i>s<\/i><i>\u00a0<\/i>\u00bb.<i><\/i><\/p>\n<\/p><\/div>\n","protected":false},"excerpt":{"rendered":"Inaugur&eacute; l&rsquo;&eacute;t&eacute; dernier une st&egrave;le d&eacute;di&eacute;e aux &laquo;&nbsp;cent millions de morts du communisme&nbsp;&raquo;, le maire De Saint-Rapha&euml;l a organis&eacute; ce week-end plusieurs &#8230;","protected":false},"author":1,"featured_media":40126,"comment_status":"open","ping_status":"open","sticky":false,"template":"","format":"standard","meta":{"footnotes":""},"categories":[3926,3925,330],"tags":[465,618,642,615,280,920,4253,605,31],"news-destination":[3944],"news-source":[475],"is_homepage":[],"ta_other":[],"class_list":["post-40125","post","type-post","status-publish","format-standard","has-post-thumbnail","hentry","category-accueil-merge","category-accueil-third","category-politique","tag-communistes","tag-devoir-de-memoire","tag-droite","tag-frederic-masquelier","tag-histoire","tag-memoire","tag-resistants","tag-saint-raphael","tag-var","news-destination-homepage","news-source-website"],"_links":{"self":[{"href":"https:\/\/euapp01.newsmemory.com\/lamarseillaise\/news\/wp-json\/wp\/v2\/posts\/40125","targetHints":{"allow":["GET"]}}],"collection":[{"href":"https:\/\/euapp01.newsmemory.com\/lamarseillaise\/news\/wp-json\/wp\/v2\/posts"}],"about":[{"href":"https:\/\/euapp01.newsmemory.com\/lamarseillaise\/news\/wp-json\/wp\/v2\/types\/post"}],"author":[{"embeddable":true,"href":"https:\/\/euapp01.newsmemory.com\/lamarseillaise\/news\/wp-json\/wp\/v2\/users\/1"}],"replies":[{"embeddable":true,"href":"https:\/\/euapp01.newsmemory.com\/lamarseillaise\/news\/wp-json\/wp\/v2\/comments?post=40125"}],"version-history":[{"count":1,"href":"https:\/\/euapp01.newsmemory.com\/lamarseillaise\/news\/wp-json\/wp\/v2\/posts\/40125\/revisions"}],"predecessor-version":[{"id":40127,"href":"https:\/\/euapp01.newsmemory.com\/lamarseillaise\/news\/wp-json\/wp\/v2\/posts\/40125\/revisions\/40127"}],"wp:featuredmedia":[{"embeddable":true,"href":"https:\/\/euapp01.newsmemory.com\/lamarseillaise\/news\/wp-json\/wp\/v2\/media\/40126"}],"wp:attachment":[{"href":"https:\/\/euapp01.newsmemory.com\/lamarseillaise\/news\/wp-json\/wp\/v2\/media?parent=40125"}],"wp:term":[{"taxonomy":"category","embeddable":true,"href":"https:\/\/euapp01.newsmemory.com\/lamarseillaise\/news\/wp-json\/wp\/v2\/categories?post=40125"},{"taxonomy":"post_tag","embeddable":true,"href":"https:\/\/euapp01.newsmemory.com\/lamarseillaise\/news\/wp-json\/wp\/v2\/tags?post=40125"},{"taxonomy":"news-destination","embeddable":true,"href":"https:\/\/euapp01.newsmemory.com\/lamarseillaise\/news\/wp-json\/wp\/v2\/news-destination?post=40125"},{"taxonomy":"news-source","embeddable":true,"href":"https:\/\/euapp01.newsmemory.com\/lamarseillaise\/news\/wp-json\/wp\/v2\/news-source?post=40125"},{"taxonomy":"is_homepage","embeddable":true,"href":"https:\/\/euapp01.newsmemory.com\/lamarseillaise\/news\/wp-json\/wp\/v2\/is_homepage?post=40125"},{"taxonomy":"ta_other","embeddable":true,"href":"https:\/\/euapp01.newsmemory.com\/lamarseillaise\/news\/wp-json\/wp\/v2\/ta_other?post=40125"}],"curies":[{"name":"wp","href":"https:\/\/api.w.org\/{rel}","templated":true}]}}