{"id":40122,"date":"2026-08-24T08:25:00","date_gmt":"2026-08-24T06:25:00","guid":{"rendered":"https:\/\/euapp01.newsmemory.com\/lamarseillaise\/news\/?p=40122"},"modified":"2026-08-28T08:58:40","modified_gmt":"2026-08-28T06:58:40","slug":"il-y-a-82-ans-la-naissance-legale-de-la-marseillaise","status":"publish","type":"post","link":"https:\/\/euapp01.newsmemory.com\/lamarseillaise\/news\/2026\/08\/24\/il-y-a-82-ans-la-naissance-legale-de-la-marseillaise\/","title":{"rendered":"Il y a 82 ans&#8230; la naissance l\u00e9gale de \u00ab&nbsp;La Marseillaise&nbsp;\u00bb"},"content":{"rendered":"<div class=\"paragraph\">\n<p><b>Apr\u00e8s des num\u00e9ros clandestins diffus\u00e9s au p\u00e9ril de la vie de nos fondateurs, traqu\u00e9s par l\u2019occupant et ses complices de Vichy, notre journal sort enfin de l\u2019ombre pour jouer pleinement son r\u00f4le d\u2019information de la population et d\u2019appel \u00e0 la mobilisation, afin que notre r\u00e9gion et la France tout enti\u00e8re recouvrent leur libert\u00e9. Les efforts conjugu\u00e9s de la R\u00e9sistance et des troupes du d\u00e9barquement de Provence permettront la lib\u00e9ration d\u00e9finitive de Marseille le 27 ao\u00fbt 1944.<\/b><\/p>\n<\/p><\/div>\n<div class=\"intext\"> Extraits du t\u00e9moignage d\u2019Andr\u00e9 Remacle, livr\u00e9 en 1979, r\u00e9sistant et principal artisan de ce num\u00e9ro<br \/>\n               <br \/>avec sa femme Rosette.\n              <\/div>\n<div class=\"paragraph\">\n<p>La nuit du 23 au 24 ao\u00fbt, Marseille est secou\u00e9e par les bruits du canon. D\u2019incessantes rafales troublent les rues du quartier. Dans l\u2019imprimerie, l\u2019agitation joyeuse bat son plein&#8230; Sur le \u00ab\u00a0marbre \u00bb s\u2019\u00e9laborent unis dans cette premi\u00e8re victoire, comme ils l\u2019ont \u00e9t\u00e9 dans le combat commun, <i>La<\/i><i>\u00a0<\/i><i>Marseillaise<\/i> et <i>Rouge Midi<\/i>.<\/p>\n<p>Les \u00ab\u00a0formes\u00a0\u00bb sont serr\u00e9es, press\u00e9es sous la prise d\u2019empreinte, coul\u00e9es, port\u00e9es aux rotatives, et bient\u00f4t le premier num\u00e9ro de <i>La Marseillaise <\/i>dans le papier tendu autour du rouleau jaillit de la rotative, avec sous une bande tricolore ce titre sur huit colonnes\u00a0: \u00ab\u00a0Marseille est lib\u00e9r\u00e9e\u00a0\u00bb et des photos du g\u00e9n\u00e9ral de Gaulle, de Roosevelt, de Staline et Churchill. Elle dit la ville en armes, la prise de la pr\u00e9fecture racont\u00e9e par un t\u00e9moin, la disparition des journaux locaux, l\u2019entr\u00e9e \u00e0 Marseille des troupes, un r\u00e9sum\u00e9 de ce qu\u2019avait \u00e9t\u00e9 cette longue et dramatique semaine du mois d\u2019ao\u00fbt.<\/p>\n<p>Au petit matin, dans les quartiers lib\u00e9r\u00e9s, dans ceux qui sont encore au combat comme Endoume, le Roucas Blanc, les quartiers Nord, <i>La Marseillaise<\/i> et <i>Rouge Midi <\/i>sont litt\u00e9ralement arrach\u00e9s dans les mains de ceux qui les vendent.<\/p>\n<p><i>La Marseillaise<\/i> a tenu son r\u00f4le&#8230; Tout son r\u00f4le, c\u2019est une autre histoire\u00a0! Les illusions de ces journ\u00e9es o\u00f9 \u00e9clatait la libert\u00e9 n\u2019ont pas \u00e9t\u00e9 perdues mais parfois rogn\u00e9es.<\/p>\n<p>Nous roulions il y a quelques jours avec des amis sur les routes de l\u2019Embrunais et un \u00e9criteau nous sauta aux yeux sur un de ces rudes chemins au flanc de la montagne\u00a0: \u00ab\u00a0route non d\u00e9neig\u00e9e, chauss\u00e9e d\u00e9form\u00e9e\u00a0\u00bb. Il y a encore devant nous beaucoup de routes non d\u00e9neig\u00e9es et de chauss\u00e9es d\u00e9form\u00e9es, beaucoup de travail reste \u00e0 faire et \u00e0 refaire pour d\u00e9blayer une voie qui, nous l\u2019avons appris, n\u2019est pas une voie royale.<\/p>\n<p>Oui, mais je veux toujours et longtemps encore entendre les vers de Verlaine\u00a0: \u00ab\u00a0<i>L\u2019espoir luit comme un brin de paille dans l\u2019\u00e9table.<\/i>\u00a0\u00bb<\/p>\n<\/p><\/div>\n","protected":false},"excerpt":{"rendered":"Apr&egrave;s des num&eacute;ros clandestins diffus&eacute;s au p&eacute;ril de la vie de nos fondateurs, traqu&eacute;s par l&rsquo;occupant et ses complices de Vichy, notre journal sort enfin de l&rsquo;ombre pour jouer pleinement son r&ocirc;le &#8230;","protected":false},"author":1,"featured_media":40123,"comment_status":"open","ping_status":"open","sticky":false,"template":"","format":"standard","meta":{"footnotes":""},"categories":[3926,3925,330,20],"tags":[10,1732,280,1133,126,1647,16,1186,2938,1729,3082],"news-destination":[3944],"news-source":[475],"is_homepage":[],"ta_other":[],"class_list":["post-40122","post","type-post","status-publish","format-standard","has-post-thumbnail","hentry","category-accueil-merge","category-accueil-third","category-politique","category-societe","tag-bouches-du-rhone","tag-conseil-national-de-la-resistance","tag-histoire","tag-journal","tag-la-marseillaise","tag-liberation","tag-marseille","tag-presse","tag-recit","tag-resistance","tag-seconde-guerre-mondiale","news-destination-homepage","news-source-website"],"_links":{"self":[{"href":"https:\/\/euapp01.newsmemory.com\/lamarseillaise\/news\/wp-json\/wp\/v2\/posts\/40122","targetHints":{"allow":["GET"]}}],"collection":[{"href":"https:\/\/euapp01.newsmemory.com\/lamarseillaise\/news\/wp-json\/wp\/v2\/posts"}],"about":[{"href":"https:\/\/euapp01.newsmemory.com\/lamarseillaise\/news\/wp-json\/wp\/v2\/types\/post"}],"author":[{"embeddable":true,"href":"https:\/\/euapp01.newsmemory.com\/lamarseillaise\/news\/wp-json\/wp\/v2\/users\/1"}],"replies":[{"embeddable":true,"href":"https:\/\/euapp01.newsmemory.com\/lamarseillaise\/news\/wp-json\/wp\/v2\/comments?post=40122"}],"version-history":[{"count":1,"href":"https:\/\/euapp01.newsmemory.com\/lamarseillaise\/news\/wp-json\/wp\/v2\/posts\/40122\/revisions"}],"predecessor-version":[{"id":40124,"href":"https:\/\/euapp01.newsmemory.com\/lamarseillaise\/news\/wp-json\/wp\/v2\/posts\/40122\/revisions\/40124"}],"wp:featuredmedia":[{"embeddable":true,"href":"https:\/\/euapp01.newsmemory.com\/lamarseillaise\/news\/wp-json\/wp\/v2\/media\/40123"}],"wp:attachment":[{"href":"https:\/\/euapp01.newsmemory.com\/lamarseillaise\/news\/wp-json\/wp\/v2\/media?parent=40122"}],"wp:term":[{"taxonomy":"category","embeddable":true,"href":"https:\/\/euapp01.newsmemory.com\/lamarseillaise\/news\/wp-json\/wp\/v2\/categories?post=40122"},{"taxonomy":"post_tag","embeddable":true,"href":"https:\/\/euapp01.newsmemory.com\/lamarseillaise\/news\/wp-json\/wp\/v2\/tags?post=40122"},{"taxonomy":"news-destination","embeddable":true,"href":"https:\/\/euapp01.newsmemory.com\/lamarseillaise\/news\/wp-json\/wp\/v2\/news-destination?post=40122"},{"taxonomy":"news-source","embeddable":true,"href":"https:\/\/euapp01.newsmemory.com\/lamarseillaise\/news\/wp-json\/wp\/v2\/news-source?post=40122"},{"taxonomy":"is_homepage","embeddable":true,"href":"https:\/\/euapp01.newsmemory.com\/lamarseillaise\/news\/wp-json\/wp\/v2\/is_homepage?post=40122"},{"taxonomy":"ta_other","embeddable":true,"href":"https:\/\/euapp01.newsmemory.com\/lamarseillaise\/news\/wp-json\/wp\/v2\/ta_other?post=40122"}],"curies":[{"name":"wp","href":"https:\/\/api.w.org\/{rel}","templated":true}]}}