{"id":40119,"date":"2026-08-24T08:07:00","date_gmt":"2026-08-24T06:07:00","guid":{"rendered":"https:\/\/euapp01.newsmemory.com\/lamarseillaise\/news\/?p=40119"},"modified":"2026-08-24T10:03:41","modified_gmt":"2026-08-24T08:03:41","slug":"voile-nouvelles-salves-de-championnats-a-martigues","status":"publish","type":"post","link":"https:\/\/euapp01.newsmemory.com\/lamarseillaise\/news\/2026\/08\/24\/voile-nouvelles-salves-de-championnats-a-martigues\/","title":{"rendered":"[Voile] Nouvelles salves de championnats \u00e0 Martigues"},"content":{"rendered":"<div class=\"paragraph\">\n<p>Le passage de t\u00e9moin, c\u2019est fait dans une bonne ambiance.<\/p>\n<p>Samedi, Optimists, ILCA 4, 6 et 7, 29er, 420 et Open 5.70 en ont termin\u00e9 avec \u00ab\u00a0leurs\u00a0\u00bb championnats de France. La flottille a v\u00e9cu quatre jours de r\u00e9gates, dans de bonnes conditions de vent. Ce qui a permis aux participants de prendre du plaisir et offrir du spectacle, sur les eaux de l\u2019\u00c9tang de Berre.<\/p>\n<p>Ce championnat de France a montr\u00e9 qu\u2019il est bien plus qu\u2019une simple comp\u00e9tition. C\u2019est une c\u00e9l\u00e9bration de la voile sur l\u2019ensemble du territoire fran\u00e7ais. Comme le souligne Nathalie Peberel, Vice-pr\u00e9sidente de la FFVoile. \u00ab\u00a0<i>C\u2019est un championnat de France, donc les participants viennent de l\u2019Hexagone, mais aussi de beaucoup plus loin. Nous avons ici des Guadeloup\u00e9ens, Martiniquais, Cal\u00e9doniens ainsi que Tahiti. Nous avons les territoires ultramarins. Nous avons les ligues hexagonales. Nous avons notre ligue \u00celienne la plus proche qui est la Corse. Effectivement, on vient de l\u2019int\u00e9gralit\u00e9 du territoire fran\u00e7ais.<\/i><i>\u00a0<\/i>\u00bb<\/p>\n<p>Au final, deux titres reviennent \u00e0 des locales. Lilou Back\u00e8s, de La Pointe Rouge, conserve le sien en Optimist. Un doubl\u00e9 qui lui permet de mieux appr\u00e9hender son changement de s\u00e9rie, puisqu\u2019elle va \u00ab\u00a0monter\u00a0\u00bb en ILCA 4. Tandis qu\u2019Elena Ezraty, de La Pelle, d\u00e9croche le titre de cette s\u00e9rie. Sur le podium, elle est accompagn\u00e9e de sa co\u00e9quipi\u00e8re Luce Langumier.<\/p>\n<\/p><\/div>\n<div class=\"intext\"> Seconde flottille\n              <\/div>\n<div class=\"paragraph\">\n<p>Trois autres pensionnaires de La Pelle \u00e9taient sur le podium de 29er. \u00c0 savoir Salom\u00e9 Joly et Aline Tacquet sur la deuxi\u00e8me, tandis que Camille Caullier, associ\u00e9e \u00e0 l\u2019Antiboise Justine Barbarin, termine troisi\u00e8me. En 420, le duo Simon Prot (ASPTT Marseille) et Juliette Peyre (La Pelle Marseille) d\u00e9croche \u00e9galement une m\u00e9daille de bronze.<\/p>\n<p>La station de Tholon reste en mode ruche active, avec une nouvelle s\u00e9quence de championnats de France. Dimanche, cinq nouvelles s\u00e9ries ont pris le relais. \u00c0 savoir les Nacra 15, Open Skiff, RS Feva, Tyka, Flotte Partag\u00e9e.<\/p>\n<p>Jusqu\u2019\u00e0 mercredi, il y aura donc \u00e0 nouveau du spectacle sur les quatre parcours dessin\u00e9s sur les eaux de l\u2019\u00c9tang de Berre.<\/p>\n<\/p><\/div>\n<div class=\"paragraph\">\n<p><i><b>Des champions en planche \u00e0 voile<\/b><\/i><\/p>\n<p><i>Les championnats de France de planche \u00e0 voile se d\u00e9roulaient \u00e0 Brest.<\/i><\/p>\n<p><i>En Finist\u00e8re, plusieurs Proven\u00e7aix ont termin\u00e9 sur le podium. Avec un tripl\u00e9 Mah\u00e9, Pelet, Gutton du club de la Pointe Rouge en technofoil hommes et deux m\u00e9dailles de bronze pour la pensionnaire de la Pointe Rouge Agarhe Hanoun, \u00e9galement en technifoil, et la Miramass\u00e9enne Pauline Hermitant en windfoil.<\/i><\/p>\n<\/p><\/div>\n","protected":false},"excerpt":{"rendered":"Le passage de t&eacute;moin, c&rsquo;est fait dans une bonne ambiance.","protected":false},"author":1,"featured_media":40120,"comment_status":"open","ping_status":"open","sticky":false,"template":"","format":"standard","meta":{"footnotes":""},"categories":[7],"tags":[10,1162,1456,63,1198],"news-destination":[],"news-source":[475],"is_homepage":[],"ta_other":[],"class_list":["post-40119","post","type-post","status-publish","format-standard","has-post-thumbnail","hentry","category-sports","tag-bouches-du-rhone","tag-championnats","tag-etang-de-berre","tag-martigues","tag-voile","news-source-website"],"_links":{"self":[{"href":"https:\/\/euapp01.newsmemory.com\/lamarseillaise\/news\/wp-json\/wp\/v2\/posts\/40119","targetHints":{"allow":["GET"]}}],"collection":[{"href":"https:\/\/euapp01.newsmemory.com\/lamarseillaise\/news\/wp-json\/wp\/v2\/posts"}],"about":[{"href":"https:\/\/euapp01.newsmemory.com\/lamarseillaise\/news\/wp-json\/wp\/v2\/types\/post"}],"author":[{"embeddable":true,"href":"https:\/\/euapp01.newsmemory.com\/lamarseillaise\/news\/wp-json\/wp\/v2\/users\/1"}],"replies":[{"embeddable":true,"href":"https:\/\/euapp01.newsmemory.com\/lamarseillaise\/news\/wp-json\/wp\/v2\/comments?post=40119"}],"version-history":[{"count":1,"href":"https:\/\/euapp01.newsmemory.com\/lamarseillaise\/news\/wp-json\/wp\/v2\/posts\/40119\/revisions"}],"predecessor-version":[{"id":40121,"href":"https:\/\/euapp01.newsmemory.com\/lamarseillaise\/news\/wp-json\/wp\/v2\/posts\/40119\/revisions\/40121"}],"wp:featuredmedia":[{"embeddable":true,"href":"https:\/\/euapp01.newsmemory.com\/lamarseillaise\/news\/wp-json\/wp\/v2\/media\/40120"}],"wp:attachment":[{"href":"https:\/\/euapp01.newsmemory.com\/lamarseillaise\/news\/wp-json\/wp\/v2\/media?parent=40119"}],"wp:term":[{"taxonomy":"category","embeddable":true,"href":"https:\/\/euapp01.newsmemory.com\/lamarseillaise\/news\/wp-json\/wp\/v2\/categories?post=40119"},{"taxonomy":"post_tag","embeddable":true,"href":"https:\/\/euapp01.newsmemory.com\/lamarseillaise\/news\/wp-json\/wp\/v2\/tags?post=40119"},{"taxonomy":"news-destination","embeddable":true,"href":"https:\/\/euapp01.newsmemory.com\/lamarseillaise\/news\/wp-json\/wp\/v2\/news-destination?post=40119"},{"taxonomy":"news-source","embeddable":true,"href":"https:\/\/euapp01.newsmemory.com\/lamarseillaise\/news\/wp-json\/wp\/v2\/news-source?post=40119"},{"taxonomy":"is_homepage","embeddable":true,"href":"https:\/\/euapp01.newsmemory.com\/lamarseillaise\/news\/wp-json\/wp\/v2\/is_homepage?post=40119"},{"taxonomy":"ta_other","embeddable":true,"href":"https:\/\/euapp01.newsmemory.com\/lamarseillaise\/news\/wp-json\/wp\/v2\/ta_other?post=40119"}],"curies":[{"name":"wp","href":"https:\/\/api.w.org\/{rel}","templated":true}]}}