{"id":40116,"date":"2026-08-24T08:08:00","date_gmt":"2026-08-24T06:08:00","guid":{"rendered":"https:\/\/euapp01.newsmemory.com\/lamarseillaise\/news\/?p=40116"},"modified":"2026-08-24T10:03:41","modified_gmt":"2026-08-24T08:03:41","slug":"le-coup-denvoi-de-la-quadra-solo-duo-de-marseille-aux-embiez-a-ete-donne","status":"publish","type":"post","link":"https:\/\/euapp01.newsmemory.com\/lamarseillaise\/news\/2026\/08\/24\/le-coup-denvoi-de-la-quadra-solo-duo-de-marseille-aux-embiez-a-ete-donne\/","title":{"rendered":"Le coup d\u2019envoi de la Quadra solo &#8211; duo de Marseille aux Embiez a \u00e9t\u00e9 donn\u00e9"},"content":{"rendered":"<div class=\"paragraph\">\n<p>C\u2019est une nouvelle formule qui r\u00e9git la Quadra solo &#8211; duo, qui \u00e9largit les perspectives de l\u2019\u00e9preuve.<\/p>\n<p>Afin de soutenir la navigation en \u00e9quipage r\u00e9duit en M\u00e9diterran\u00e9e, la Soci\u00e9t\u00e9 Nautique de Marseille a d\u00e9cid\u00e9 d\u2019ouvrir la Quadra Solo Duo \u00e0 tous les r\u00e9gatiers, sans restriction d\u2019\u00e2ge. Auparavant, le r\u00e8glement imposait que le skipper, ou au moins l\u2019un des \u00e9quipiers pour les duos, ait 40 ans minimum dans l\u2019ann\u00e9e en cours. Cette nouvelle disposition rend l\u2019\u00e9preuve accessible au plus grand nombre.<\/p>\n<p>Sur le parcours Marseille \u2013 Les Embiez \u2013 Marseille, la Quadra solo-duo constitue un rendez-vous particuli\u00e8rement s\u00e9duisant du calendrier des r\u00e9gates en M\u00e9diterran\u00e9e. \u00ab\u00a0<i>La course en solitaire ou en double est souvent un r\u00eave. L\u2019exp\u00e9rience permet de se lancer dans le grand bain<\/i>\u00a0\u00bb explique St\u00e9phane Sollari, membre du comit\u00e9 directeur et responsable du p\u00f4le course, qui a lui-m\u00eame d\u00e9j\u00e0 disput\u00e9 plusieurs fois la grande classique.<\/p>\n<p>\u00ab\u00a0<i>En participant \u00e0 une course, on b\u00e9n\u00e9ficie de l\u2019accompagnement et de la s\u00e9curit\u00e9 du groupe. De l\u2019ambiance aussi !&#8230; <\/i>\u00bb. Avec six journ\u00e9es de r\u00e9gate dont une course de nuit et une escale aux Embiez, la Quadra solo-duo est une \u00e9preuve toujours particuli\u00e8rement pris\u00e9e par les r\u00e9gatiers. Son succ\u00e8s tient \u00e0 la fois \u00e0 l\u2019aspect tr\u00e8s sportif et \u00e0 la bonne ambiance \u00e0 terre, o\u00f9 l\u2019amiti\u00e9 unit les coureurs. En mer, c\u2019est une bataille acharn\u00e9e ! \u00ab <i>L\u2019id\u00e9e c\u2019est de permettre au plus grand nombre de franchir le pas<\/i><i>\u00a0<\/i><i>\u00bb <\/i>ajoute-t-il encore. \u00ab<i>\u00a0<\/i><i>Notre souhait est vraiment que chacun se sente bien dans ce nouveau format<\/i>\u00a0\u00bb.<\/p>\n<\/p><\/div>\n","protected":false},"excerpt":{"rendered":"C&rsquo;est une nouvelle formule qui r&eacute;git la Quadra solo &#8211; duo, qui &eacute;largit les perspectives de l&rsquo;&eacute;preuve.Afin de soutenir la navigation en &eacute;quipage r&eacute;duit en M&eacute;diterran&eacute;e, la &#8230;","protected":false},"author":1,"featured_media":40117,"comment_status":"open","ping_status":"open","sticky":false,"template":"","format":"standard","meta":{"footnotes":""},"categories":[7],"tags":[10,16,128,1200,1198],"news-destination":[],"news-source":[475],"is_homepage":[],"ta_other":[],"class_list":["post-40116","post","type-post","status-publish","format-standard","has-post-thumbnail","hentry","category-sports","tag-bouches-du-rhone","tag-marseille","tag-mediterranee","tag-nautisme","tag-voile","news-source-website"],"_links":{"self":[{"href":"https:\/\/euapp01.newsmemory.com\/lamarseillaise\/news\/wp-json\/wp\/v2\/posts\/40116","targetHints":{"allow":["GET"]}}],"collection":[{"href":"https:\/\/euapp01.newsmemory.com\/lamarseillaise\/news\/wp-json\/wp\/v2\/posts"}],"about":[{"href":"https:\/\/euapp01.newsmemory.com\/lamarseillaise\/news\/wp-json\/wp\/v2\/types\/post"}],"author":[{"embeddable":true,"href":"https:\/\/euapp01.newsmemory.com\/lamarseillaise\/news\/wp-json\/wp\/v2\/users\/1"}],"replies":[{"embeddable":true,"href":"https:\/\/euapp01.newsmemory.com\/lamarseillaise\/news\/wp-json\/wp\/v2\/comments?post=40116"}],"version-history":[{"count":1,"href":"https:\/\/euapp01.newsmemory.com\/lamarseillaise\/news\/wp-json\/wp\/v2\/posts\/40116\/revisions"}],"predecessor-version":[{"id":40118,"href":"https:\/\/euapp01.newsmemory.com\/lamarseillaise\/news\/wp-json\/wp\/v2\/posts\/40116\/revisions\/40118"}],"wp:featuredmedia":[{"embeddable":true,"href":"https:\/\/euapp01.newsmemory.com\/lamarseillaise\/news\/wp-json\/wp\/v2\/media\/40117"}],"wp:attachment":[{"href":"https:\/\/euapp01.newsmemory.com\/lamarseillaise\/news\/wp-json\/wp\/v2\/media?parent=40116"}],"wp:term":[{"taxonomy":"category","embeddable":true,"href":"https:\/\/euapp01.newsmemory.com\/lamarseillaise\/news\/wp-json\/wp\/v2\/categories?post=40116"},{"taxonomy":"post_tag","embeddable":true,"href":"https:\/\/euapp01.newsmemory.com\/lamarseillaise\/news\/wp-json\/wp\/v2\/tags?post=40116"},{"taxonomy":"news-destination","embeddable":true,"href":"https:\/\/euapp01.newsmemory.com\/lamarseillaise\/news\/wp-json\/wp\/v2\/news-destination?post=40116"},{"taxonomy":"news-source","embeddable":true,"href":"https:\/\/euapp01.newsmemory.com\/lamarseillaise\/news\/wp-json\/wp\/v2\/news-source?post=40116"},{"taxonomy":"is_homepage","embeddable":true,"href":"https:\/\/euapp01.newsmemory.com\/lamarseillaise\/news\/wp-json\/wp\/v2\/is_homepage?post=40116"},{"taxonomy":"ta_other","embeddable":true,"href":"https:\/\/euapp01.newsmemory.com\/lamarseillaise\/news\/wp-json\/wp\/v2\/ta_other?post=40116"}],"curies":[{"name":"wp","href":"https:\/\/api.w.org\/{rel}","templated":true}]}}