{"id":40110,"date":"2026-08-24T07:54:00","date_gmt":"2026-08-24T05:54:00","guid":{"rendered":"https:\/\/euapp01.newsmemory.com\/lamarseillaise\/news\/?p=40110"},"modified":"2026-08-24T10:03:23","modified_gmt":"2026-08-24T08:03:23","slug":"cest-lete-balade-troglodyte-a-bollene","status":"publish","type":"post","link":"https:\/\/euapp01.newsmemory.com\/lamarseillaise\/news\/2026\/08\/24\/cest-lete-balade-troglodyte-a-bollene\/","title":{"rendered":"[C\u2019est l\u2019\u00e9t\u00e9] Balade troglodyte \u00e0 Boll\u00e8ne"},"content":{"rendered":"<div class=\"paragraph\">\n<p>Les traces du village remontent \u00e0 la pr\u00e9histoire, le ch\u00e2teau a \u00e9t\u00e9 construit au IX<sup>e <\/sup>si\u00e8cle. Au XIX<sup>e<\/sup> si\u00e8cle avec les r\u00e9volutions industrielles, le village a commenc\u00e9 \u00e0 se vider. Le dernier habitant \u00e9tait un ermite qui cultivait le ver \u00e0 soie. Il y a v\u00e9cu jusqu\u2019\u00e0 sa mort en 1976. Depuis, le village a \u00e9t\u00e9 s\u00e9curis\u00e9 pour les visiteurs gr\u00e2ce \u00e0 des travaux. Le site a rouvert en mars 2026. Le rendez-vous est \u00e0 9h45 derri\u00e8re le restaurant l\u2019Intemporelle.<\/p>\n<p>G.C.<\/p>\n<\/p><\/div>\n","protected":false},"excerpt":{"rendered":"Les traces du village remontent &agrave; la pr&eacute;histoire, le ch&acirc;teau a &eacute;t&eacute; construit au IXe si&egrave;cle. Au XIXe si&egrave;cle avec les r&eacute;volutions industrielles, le village a commenc&eacute; &agrave; se vider. Le &#8230;","protected":false},"author":1,"featured_media":40111,"comment_status":"open","ping_status":"open","sticky":false,"template":"","format":"standard","meta":{"footnotes":""},"categories":[20],"tags":[1289,10,6085,1288,336,1349,1796,6305,347,61],"news-destination":[],"news-source":[475],"is_homepage":[],"ta_other":[],"class_list":["post-40110","post","type-post","status-publish","format-standard","has-post-thumbnail","hentry","category-societe","tag-balade","tag-bouches-du-rhone","tag-cest-lete","tag-decouverte","tag-ete","tag-marignane","tag-prehistoire","tag-sollies-ville","tag-tourisme","tag-visite","news-source-website"],"_links":{"self":[{"href":"https:\/\/euapp01.newsmemory.com\/lamarseillaise\/news\/wp-json\/wp\/v2\/posts\/40110","targetHints":{"allow":["GET"]}}],"collection":[{"href":"https:\/\/euapp01.newsmemory.com\/lamarseillaise\/news\/wp-json\/wp\/v2\/posts"}],"about":[{"href":"https:\/\/euapp01.newsmemory.com\/lamarseillaise\/news\/wp-json\/wp\/v2\/types\/post"}],"author":[{"embeddable":true,"href":"https:\/\/euapp01.newsmemory.com\/lamarseillaise\/news\/wp-json\/wp\/v2\/users\/1"}],"replies":[{"embeddable":true,"href":"https:\/\/euapp01.newsmemory.com\/lamarseillaise\/news\/wp-json\/wp\/v2\/comments?post=40110"}],"version-history":[{"count":1,"href":"https:\/\/euapp01.newsmemory.com\/lamarseillaise\/news\/wp-json\/wp\/v2\/posts\/40110\/revisions"}],"predecessor-version":[{"id":40112,"href":"https:\/\/euapp01.newsmemory.com\/lamarseillaise\/news\/wp-json\/wp\/v2\/posts\/40110\/revisions\/40112"}],"wp:featuredmedia":[{"embeddable":true,"href":"https:\/\/euapp01.newsmemory.com\/lamarseillaise\/news\/wp-json\/wp\/v2\/media\/40111"}],"wp:attachment":[{"href":"https:\/\/euapp01.newsmemory.com\/lamarseillaise\/news\/wp-json\/wp\/v2\/media?parent=40110"}],"wp:term":[{"taxonomy":"category","embeddable":true,"href":"https:\/\/euapp01.newsmemory.com\/lamarseillaise\/news\/wp-json\/wp\/v2\/categories?post=40110"},{"taxonomy":"post_tag","embeddable":true,"href":"https:\/\/euapp01.newsmemory.com\/lamarseillaise\/news\/wp-json\/wp\/v2\/tags?post=40110"},{"taxonomy":"news-destination","embeddable":true,"href":"https:\/\/euapp01.newsmemory.com\/lamarseillaise\/news\/wp-json\/wp\/v2\/news-destination?post=40110"},{"taxonomy":"news-source","embeddable":true,"href":"https:\/\/euapp01.newsmemory.com\/lamarseillaise\/news\/wp-json\/wp\/v2\/news-source?post=40110"},{"taxonomy":"is_homepage","embeddable":true,"href":"https:\/\/euapp01.newsmemory.com\/lamarseillaise\/news\/wp-json\/wp\/v2\/is_homepage?post=40110"},{"taxonomy":"ta_other","embeddable":true,"href":"https:\/\/euapp01.newsmemory.com\/lamarseillaise\/news\/wp-json\/wp\/v2\/ta_other?post=40110"}],"curies":[{"name":"wp","href":"https:\/\/api.w.org\/{rel}","templated":true}]}}