{"id":40107,"date":"2026-08-24T08:01:00","date_gmt":"2026-08-24T06:01:00","guid":{"rendered":"https:\/\/euapp01.newsmemory.com\/lamarseillaise\/news\/?p=40107"},"modified":"2026-08-28T08:32:13","modified_gmt":"2026-08-28T06:32:13","slug":"cest-lete-un-festival-gratuit-pour-preparer-la-rentree-a-marseille","status":"publish","type":"post","link":"https:\/\/euapp01.newsmemory.com\/lamarseillaise\/news\/2026\/08\/24\/cest-lete-un-festival-gratuit-pour-preparer-la-rentree-a-marseille\/","title":{"rendered":"[C\u2019est l\u2019\u00e9t\u00e9] Un festival gratuit pour pr\u00e9parer la rentr\u00e9e \u00e0 Marseille"},"content":{"rendered":"<div class=\"paragraph\">\n<p>\u00ab <i>R<\/i><i>\u00e9galez les jeunes avant la rentr\u00e9e.<\/i><i>\u00a0<\/i><i>\u00bb<\/i> Sa\u00efd Sardi r\u00e9p\u00e8te inlassablement cette formule pour r\u00e9sumer l\u2019esprit du festival Back to School, dont la troisi\u00e8me \u00e9dition se tient ce lundi, de 13h \u00e0 23h, au Parc Mistral, \u00e0 l\u2019Estaque (16<sup>e<\/sup>).<\/p>\n<p>Organis\u00e9 par le cr\u00e9ateur de contenu originaire de la Castellane et son association Castelife, en partenariat avec la Ville de Marseille et l\u2019association humanitaire Life Ong, le rendez-vous entend d\u2019abord soulager les familles avant la rentr\u00e9e. \u00ab\u00a0<i>Le but, c\u2019est d\u2019aider les parents pour la rentr\u00e9e en leur donnant un gros coup de main avec la distribution gratuite des fournitures scolaires<\/i><i>\u00a0<\/i>\u00bb, rappelle Sa\u00efd Sardi.<\/p>\n<p>Au total, 750 kits scolaires complets seront offerts, tandis que stands de coiffure, village aquatique, maquillage, jeux, espace bien-\u00eatre, rencontres avec des entrepreneurs et restauration gratuite rythmeront l\u2019apr\u00e8s-midi. \u00ab\u00a0<i>Ce festival, ce n\u2019est pas que la distribution de fournitures scolaires, c\u2019est une vraie pr\u00e9paration compl\u00e8te \u00e0 la rentr\u00e9e pour r\u00e9galer les jeunes et leurs parents<\/i>\u00a0\u00bb, r\u00e9sume-t-il.<\/p>\n<\/p><\/div>\n<div class=\"intext\"> Favoriser l\u2019insertion professionnelle des jeunes\n              <\/div>\n<div class=\"paragraph\">\n<p>Cet \u00e9v\u00e9nement s\u2019inscrit pleinement dans la mission quotidienne de l\u2019association\u00a0: \u00ab\u00a0<i>Accompagner la jeunesse des quartiers populaires sur l\u2019insertion professionnelle, <\/i>pr\u00e9cise le fondateur de Castelife<i>. Avec cet \u00e9v\u00e9nement, on incarne cette mission de faire le pont entre la jeunesse et les structures d\u2019insertion<\/i><i>\u00a0<\/i>\u00bb.<\/p>\n<p>Apr\u00e8s deux \u00e9ditions \u00e0 La\u00a0Castellane, le festival s\u2019installe cette ann\u00e9e \u00e0 l\u2019Estaque. \u00ab\u00a0<i>J\u2019ai re\u00e7u tellement de demandes de jeunes d\u2019autres quartiers que je me suis dit que l\u2019Estaque \u00e9tait le lieu adapt\u00e9 car il est au carrefour de plein de quartiers populaires<\/i><i>\u00a0<\/i>\u00bb, justifie Sa\u00efd Sardi.<\/p>\n<p>Plusieurs personnalit\u00e9s connues et des cr\u00e9ateurs de contenu, dont Bengous, Johan et Racha ou encore Houria Les Yeux Verts, sont attendus. De quoi nourrir les ambitions de Sa\u00efd Sardi : <i>\u00ab En 2024, 1 000 personnes sont venues, l\u2019ann\u00e9e derni\u00e8re 1 500 et cette ann\u00e9e on en attend encore bien plus ! \u00bb<\/i>, conclut-il.<\/p>\n<\/p><\/div>\n<div class=\"paragraph\">\n<p><i>De 13h \u00e0 23h. R\u00e9servations pour les kits via le lien disponible sur la page <a rel=\"nofollow noopener noreferrer\" href=\"https:\/\/www.instagram.com\/saho_castelife\/\" target=\"_blank\">Instagram Castelife<\/a><\/i><\/p>\n<\/p><\/div>\n","protected":false},"excerpt":{"rendered":"&laquo; R&eacute;galez les jeunes avant la rentr&eacute;e.&nbsp;&raquo; Sa&iuml;d Sardi r&eacute;p&egrave;te inlassablement cette formule pour r&eacute;sumer l&rsquo;esprit du festival Back to School, dont la troisi&egrave;me &eacute;dition se tient &#8230;","protected":false},"author":1,"featured_media":40108,"comment_status":"open","ping_status":"open","sticky":false,"template":"","format":"standard","meta":{"footnotes":""},"categories":[3926,3925,5772,20],"tags":[100,168,6020,10,6085,212,91,754,329,3488,1083,59,1063,4012,16,978,2290,716,804,99],"news-destination":[3944],"news-source":[475],"is_homepage":[],"ta_other":[],"class_list":["post-40107","post","type-post","status-publish","format-standard","has-post-thumbnail","hentry","category-accueil-merge","category-accueil-third","category-jeunesse","category-societe","tag-activites","tag-association","tag-bengous","tag-bouches-du-rhone","tag-cest-lete","tag-distribution","tag-estaque","tag-familles","tag-festival","tag-fournitures","tag-gratuit","tag-jeunes","tag-jeunesse","tag-la-castellane","tag-marseille","tag-parents","tag-quartiers-populaires","tag-rentree","tag-scolaires","tag-ville-de-marseille","news-destination-homepage","news-source-website"],"_links":{"self":[{"href":"https:\/\/euapp01.newsmemory.com\/lamarseillaise\/news\/wp-json\/wp\/v2\/posts\/40107","targetHints":{"allow":["GET"]}}],"collection":[{"href":"https:\/\/euapp01.newsmemory.com\/lamarseillaise\/news\/wp-json\/wp\/v2\/posts"}],"about":[{"href":"https:\/\/euapp01.newsmemory.com\/lamarseillaise\/news\/wp-json\/wp\/v2\/types\/post"}],"author":[{"embeddable":true,"href":"https:\/\/euapp01.newsmemory.com\/lamarseillaise\/news\/wp-json\/wp\/v2\/users\/1"}],"replies":[{"embeddable":true,"href":"https:\/\/euapp01.newsmemory.com\/lamarseillaise\/news\/wp-json\/wp\/v2\/comments?post=40107"}],"version-history":[{"count":1,"href":"https:\/\/euapp01.newsmemory.com\/lamarseillaise\/news\/wp-json\/wp\/v2\/posts\/40107\/revisions"}],"predecessor-version":[{"id":40109,"href":"https:\/\/euapp01.newsmemory.com\/lamarseillaise\/news\/wp-json\/wp\/v2\/posts\/40107\/revisions\/40109"}],"wp:featuredmedia":[{"embeddable":true,"href":"https:\/\/euapp01.newsmemory.com\/lamarseillaise\/news\/wp-json\/wp\/v2\/media\/40108"}],"wp:attachment":[{"href":"https:\/\/euapp01.newsmemory.com\/lamarseillaise\/news\/wp-json\/wp\/v2\/media?parent=40107"}],"wp:term":[{"taxonomy":"category","embeddable":true,"href":"https:\/\/euapp01.newsmemory.com\/lamarseillaise\/news\/wp-json\/wp\/v2\/categories?post=40107"},{"taxonomy":"post_tag","embeddable":true,"href":"https:\/\/euapp01.newsmemory.com\/lamarseillaise\/news\/wp-json\/wp\/v2\/tags?post=40107"},{"taxonomy":"news-destination","embeddable":true,"href":"https:\/\/euapp01.newsmemory.com\/lamarseillaise\/news\/wp-json\/wp\/v2\/news-destination?post=40107"},{"taxonomy":"news-source","embeddable":true,"href":"https:\/\/euapp01.newsmemory.com\/lamarseillaise\/news\/wp-json\/wp\/v2\/news-source?post=40107"},{"taxonomy":"is_homepage","embeddable":true,"href":"https:\/\/euapp01.newsmemory.com\/lamarseillaise\/news\/wp-json\/wp\/v2\/is_homepage?post=40107"},{"taxonomy":"ta_other","embeddable":true,"href":"https:\/\/euapp01.newsmemory.com\/lamarseillaise\/news\/wp-json\/wp\/v2\/ta_other?post=40107"}],"curies":[{"name":"wp","href":"https:\/\/api.w.org\/{rel}","templated":true}]}}