{"id":40104,"date":"2026-08-24T07:41:00","date_gmt":"2026-08-24T05:41:00","guid":{"rendered":"https:\/\/euapp01.newsmemory.com\/lamarseillaise\/news\/?p=40104"},"modified":"2026-08-28T08:19:20","modified_gmt":"2026-08-28T06:19:20","slug":"les-salles-de-repos-du-personnel-de-lhopital-de-brignoles-bientot-toutes-rehabilitees","status":"publish","type":"post","link":"https:\/\/euapp01.newsmemory.com\/lamarseillaise\/news\/2026\/08\/24\/les-salles-de-repos-du-personnel-de-lhopital-de-brignoles-bientot-toutes-rehabilitees\/","title":{"rendered":"Les salles de repos du personnel de l\u2019h\u00f4pital de Brignoles bient\u00f4t toutes r\u00e9habilit\u00e9es"},"content":{"rendered":"<div class=\"paragraph\">\n<p>Ce ne sont pas les agents engag\u00e9s au quotidien, jour et nuit, sur les nombreux sites du centre hospitalier intercommunal qui vont s\u2019en plaindre. Bien au contraire, m\u00eame. Puisqu\u2019ils vont pouvoir disposer de lieux fonctionnels pour profiter d\u2019un temps de repos m\u00e9rit\u00e9 et surtout indispensable pour assurer leur mission en s\u00e9curit\u00e9. Et supporter les conditions de travail tr\u00e8s d\u00e9grad\u00e9es avec entre autres une hausse constante des charges de travail du fait d\u2019un manque d\u2019effectif chronique.<\/p>\n<p>C\u2019est d\u2019ailleurs ce que souligne la direction, elle-m\u00eame, en mettant en avant leur d\u00e9vouement malgr\u00e9 \u00ab\u00a0<i>un environnement mat\u00e9riel de travail en assez mauvais \u00e9tat<\/i>\u00a0\u00bb, pr\u00e9cisant que les personnels assurent une qualit\u00e9 de prise en charge reconnue par tous les usagers.<\/p>\n<p>Une satisfaction qui ne doit surtout pas faire oublier, poursuit-elle, les difficult\u00e9s que les personnels rencontrent au quotidien.<\/p>\n<p>L\u2019occasion de rappeler que le m\u00e9tier de soignant est en effet une des activit\u00e9s professionnelles les plus expos\u00e9es. Leur engagement les confrontant quotidiennement \u00e0 des risques infectieux, des blessures et Troubles MusculoSqueletiques (lombalgies, pathologie \u00e9paules&#8230;) avec les manutentions r\u00e9p\u00e9t\u00e9es de charges et de personnes, aux chutes et aux glissades. Mais aussi \u00e0 de nombreuses sources de stress telles qu\u2019un \u00e9puisement induit par les cadences intenses et r\u00e9p\u00e9t\u00e9es, la confrontation constante \u00e0 la maladie, \u00e0 la fin de vie et \u00e0 la mort, ainsi qu\u2019aux petites et grandes violences en provenance des patients et de leur entourage.<\/p>\n<\/p><\/div>\n<div class=\"intext\"> Le recours au priv\u00e9<br \/>\n               <br \/>qui interroge\n              <\/div>\n<div class=\"paragraph\">\n<p>D\u2019o\u00f9 l\u2019importance de pouvoir avoir acc\u00e8s \u00e0 des salles de pause pour, le temps d\u2019un moment, se mettre \u00e0 l\u2019abri et recharger ses accus.<\/p>\n<p>D\u2019autant que la majorit\u00e9 des professionnels travaillent 12\u00a0heures cons\u00e9cutives et ne quittent pas ou tr\u00e8s peu leur service sur ce temps. Les pauses s\u2019organisent en fonction de l\u2019activit\u00e9 de service avec l\u2019obligation l\u00e9gale d\u2019une, de 20 minutes, toutes les 6 heures, comprenant la restauration.<\/p>\n<p>L\u2019am\u00e9nagement de leur environnement de travail devient donc d\u2019autant plus indispensable. D\u2019autant que cela permet aussi, outre l\u2019indispensable repos physique et mental, de se retrouver pour les besoins de l\u2019organisation m\u00eame du service. Des lieux, pointe la direction, propice \u00e0 plus de concertation et de coop\u00e9ration entre soignants et de coh\u00e9sions des \u00e9quipes, o\u00f9 l\u2019on peut retrouver des informations important aussi. Et peut-\u00eatre m\u00eame o\u00f9 l\u2019on peut questionner ensemble le manque de moyens pour exercer ses missions.<\/p>\n<p>\u00ab<i>\u00a0<\/i><i>L\u2019enjeu \u00e0 proposer aux soignants des salles de pause agr\u00e9ables et fonctionnelles est donc crucial et l\u2019\u00e9tablissement en a fait une priorit\u00e9 dans ses appels \u00e0 m\u00e9c\u00e9nat avec la chance extraordinaire d\u2019avoir \u00e9t\u00e9 entendu et soutenu imm\u00e9diatement par le fonds de dotation MGL des entreprises Lauvige<\/i>\u00a0\u00bb, pr\u00e9cise l\u2019\u00e9tablissement.<\/p>\n<p>En tout ce sont 30 salles qui vont \u00eatre modernis\u00e9es sur l\u2019ensemble des sites du centre hospitalier pour un co\u00fbt de 55\u00a0000\u00a0euros prix en charge en int\u00e9gralit\u00e9 par le m\u00e9c\u00e9nat.<\/p>\n<p>Le centre hospitalier annonce \u00e9galement lancer en fin d\u2019ann\u00e9e via son nouveau fonds de dotation C\u00f2rdea, un appel \u00e0 dons \u00e0 destination des commer\u00e7ants et habitants du territoire pour \u00e9quiper en \u00e9lectrom\u00e9nager et en fauteuil de repos ces salles de pause r\u00e9nov\u00e9es.<\/p>\n<p>Solliciter la \u00ab\u00a0g\u00e9n\u00e9rosit\u00e9\u00a0\u00bb du priv\u00e9, pourquoi pas. Mais \u00e7a en dit long tout de m\u00eame sur le sous-investissement de l\u2019\u00c9tat dans l\u2019h\u00f4pital public et le service public de sant\u00e9.<\/p>\n<\/p><\/div>\n","protected":false},"excerpt":{"rendered":"Ce ne sont pas les agents engag&eacute;s au quotidien, jour et nuit, sur les nombreux sites du centre hospitalier intercommunal qui vont s&rsquo;en plaindre. Bien au contraire, m&ecirc;me. Puisqu&rsquo;ils vont pouvoir disposer de lieux fonctionnels &#8230;","protected":false},"author":1,"featured_media":40105,"comment_status":"open","ping_status":"open","sticky":false,"template":"","format":"standard","meta":{"footnotes":""},"categories":[3926,3925,20],"tags":[1707,1476,195,1501,361,2912,3099,521,157,1582,256,1530,31],"news-destination":[3944],"news-source":[475],"is_homepage":[],"ta_other":[],"class_list":["post-40104","post","type-post","status-publish","format-standard","has-post-thumbnail","hentry","category-accueil-merge","category-accueil-third","category-societe","tag-agents","tag-brignoles","tag-conditions-de-travail","tag-hopital","tag-hopital-public","tag-maladie","tag-modernisation","tag-personnel","tag-rehabilitation","tag-renovation","tag-sante","tag-soignants","tag-var","news-destination-homepage","news-source-website"],"_links":{"self":[{"href":"https:\/\/euapp01.newsmemory.com\/lamarseillaise\/news\/wp-json\/wp\/v2\/posts\/40104","targetHints":{"allow":["GET"]}}],"collection":[{"href":"https:\/\/euapp01.newsmemory.com\/lamarseillaise\/news\/wp-json\/wp\/v2\/posts"}],"about":[{"href":"https:\/\/euapp01.newsmemory.com\/lamarseillaise\/news\/wp-json\/wp\/v2\/types\/post"}],"author":[{"embeddable":true,"href":"https:\/\/euapp01.newsmemory.com\/lamarseillaise\/news\/wp-json\/wp\/v2\/users\/1"}],"replies":[{"embeddable":true,"href":"https:\/\/euapp01.newsmemory.com\/lamarseillaise\/news\/wp-json\/wp\/v2\/comments?post=40104"}],"version-history":[{"count":1,"href":"https:\/\/euapp01.newsmemory.com\/lamarseillaise\/news\/wp-json\/wp\/v2\/posts\/40104\/revisions"}],"predecessor-version":[{"id":40106,"href":"https:\/\/euapp01.newsmemory.com\/lamarseillaise\/news\/wp-json\/wp\/v2\/posts\/40104\/revisions\/40106"}],"wp:featuredmedia":[{"embeddable":true,"href":"https:\/\/euapp01.newsmemory.com\/lamarseillaise\/news\/wp-json\/wp\/v2\/media\/40105"}],"wp:attachment":[{"href":"https:\/\/euapp01.newsmemory.com\/lamarseillaise\/news\/wp-json\/wp\/v2\/media?parent=40104"}],"wp:term":[{"taxonomy":"category","embeddable":true,"href":"https:\/\/euapp01.newsmemory.com\/lamarseillaise\/news\/wp-json\/wp\/v2\/categories?post=40104"},{"taxonomy":"post_tag","embeddable":true,"href":"https:\/\/euapp01.newsmemory.com\/lamarseillaise\/news\/wp-json\/wp\/v2\/tags?post=40104"},{"taxonomy":"news-destination","embeddable":true,"href":"https:\/\/euapp01.newsmemory.com\/lamarseillaise\/news\/wp-json\/wp\/v2\/news-destination?post=40104"},{"taxonomy":"news-source","embeddable":true,"href":"https:\/\/euapp01.newsmemory.com\/lamarseillaise\/news\/wp-json\/wp\/v2\/news-source?post=40104"},{"taxonomy":"is_homepage","embeddable":true,"href":"https:\/\/euapp01.newsmemory.com\/lamarseillaise\/news\/wp-json\/wp\/v2\/is_homepage?post=40104"},{"taxonomy":"ta_other","embeddable":true,"href":"https:\/\/euapp01.newsmemory.com\/lamarseillaise\/news\/wp-json\/wp\/v2\/ta_other?post=40104"}],"curies":[{"name":"wp","href":"https:\/\/api.w.org\/{rel}","templated":true}]}}