{"id":40101,"date":"2026-08-24T07:42:00","date_gmt":"2026-08-24T05:42:00","guid":{"rendered":"https:\/\/euapp01.newsmemory.com\/lamarseillaise\/news\/?p=40101"},"modified":"2026-08-28T08:32:13","modified_gmt":"2026-08-28T06:32:13","slug":"a-avignon-le-plan-faubourgs-encore-detricote-par-lavenue-monclar","status":"publish","type":"post","link":"https:\/\/euapp01.newsmemory.com\/lamarseillaise\/news\/2026\/08\/24\/a-avignon-le-plan-faubourgs-encore-detricote-par-lavenue-monclar\/","title":{"rendered":"\u00c0 Avignon, le plan Faubourgs encore d\u00e9tricot\u00e9 par l\u2019avenue Monclar"},"content":{"rendered":"<div class=\"paragraph\">\n<p>Il est presque midi vendredi dernier. Au croisement de l\u2019avenue Monclar et des boulevards Monod et Ferry, les automobilistes ralentissent et peinent \u00e0 savoir s\u2019il faut se fier au stop ou au nouveau feu tricolore encore \u00e9teint pour adopter la bonne conduite. Normalement, ce lundi \u00e0 9h, le feu fera foi et sera mis en service dans le cadre de la r\u00e9vision du plan Faubourgs, mis en place par la nouvelle majorit\u00e9. <a rel=\"noopener noreferrer\" href=\"https:\/\/www.lamarseillaise.fr\/politique\/a-avignon-le-maire-lance-la-revision-du-plan-de-circulation-faubourg-BC20220313\" target=\"_blank\">Une nouvelle \u00e9tape importante de franchie depuis trois mois et le lancement, en grande pompe, <\/a>du premier ajustement de circulation autour de l\u2019inflammable sujet des mobilit\u00e9s.<\/p>\n<p>Malgr\u00e9 l\u2019absence de concertation,<a rel=\"noopener noreferrer\" href=\"https:\/\/www.lamarseillaise.fr\/politique\/le-double-sens-porte-saint-lazare-inquiete-des-riverains-d-avignon-KD20543786\" target=\"_blank\"> et trois semaines apr\u00e8s la remise en double sens de la porte Saint-Lazare (notre \u00e9dition du 28 juillet)<\/a>, le maire Olivier Galzi (DVD) continue de d\u00e9tricoter une des mesures phares du mandat pr\u00e9c\u00e9dent de sa pr\u00e9d\u00e9cesseure, C\u00e9cile Helle (PS). Lors du conseil municipal de fin juin,<a rel=\"noopener noreferrer\" href=\"https:\/\/www.lamarseillaise.fr\/politique\/forte-mobilisation-contre-la-refonte-du-plan-de-circulation-d-avignon-GC20440701\" target=\"_blank\"> au moins 300 personnes avaient bruyamment manifest\u00e9 leur hostilit\u00e9 \u00e0 ce d\u00e9mant\u00e8lement <\/a>sous les fen\u00eatres de l\u2019H\u00f4tel de ville, r\u00e9clamant un moratoire. Olivier Galzi reste, lui, persuad\u00e9 d\u2019avoir l\u2019adh\u00e9sion d\u2019une majorit\u00e9 silencieuse&#8230;<\/p>\n<\/p><\/div>\n<div class=\"intext\"> \u00ab\u00a0J\u2019ai peur des risques pour nos enfants\u00a0\u00bb\n              <\/div>\n<div class=\"paragraph\">\n<p>Le changement sur l\u2019avenue Monclar est encore per\u00e7u comme \u00ab\u00a0<i>une autre modification sans concertation ni \u00e9tude d\u2019impact<\/i><i>\u00a0<\/i>\u00bb par l\u2019association des 4 boulevards qui invite les riverains \u00e0 faire remonter \u00ab\u00a0<i>les probl\u00e9matiques nouvelles soulev\u00e9es par cette d\u00e9cision unilat\u00e9rale<\/i>\u00a0\u00bb. L\u2019opposition de gauche, qui avait port\u00e9 ce dossier, parle d\u2019un \u00ab\u00a0<i>contre sens historique<\/i><i>\u00a0<\/i>\u00bb, craignant \u00ab\u00a0<i>une ins\u00e9curit\u00e9 routi\u00e8re<\/i>\u00a0\u00bb.<\/p>\n<p>Principal bouleversement, la r\u00e9ouverture de l\u2019avenue Monclar dans le sens sud\/nord (vers les remparts) depuis le croisement des boulevards Monod et Ferry. Les automobilistes pourront \u00e0 nouveau passer devant l\u2019\u00e9cole Marcel-Perrin, o\u00f9 plus aucune voiture ne circulait depuis plus de deux ans. La Ville assure que la \u00ab\u00a0<i>borne r\u00e9tractable sera relev\u00e9e aux heures d\u2019entr\u00e9e et de sortie<\/i><i>\u00a0<\/i>\u00bb des classes. \u00ab<i>\u00a0<\/i><i>J\u2019ai peur qu\u2019il y ait beaucoup plus de bruit et de risques pour nos enfants<\/i>\u00a0\u00bb, redoute une maman d\u2019\u00e9l\u00e8ve crois\u00e9e \u00e0 proximit\u00e9, anxieuse \u00e0 une grosse semaine de la rentr\u00e9e.<\/p>\n<p>Parmi les ajustements notables, la remise en circulation \u00e0 double sens des boulevards Ferry et Monod dans ce secteur. La piste cyclable sur Monclar est maintenue en l\u2019\u00e9tat. \u00ab\u00a0<i>Je suis assez partag\u00e9e<\/i><i>\u00a0<\/i>\u00bb, ne sait pas trop quoi encore penser Lise Demeyer. Depuis mars, elle a ouvert le caf\u00e9 cr\u00e9atif L\u2019\u00c9kl\u00e2, au quasi-croisement Monclar-Monod. \u00ab\u00a0<i>J\u2019ai \u00e0 la fois peur de perdre en calme avec plus de bruit, des difficult\u00e9s de stationnement alors que je tiens un lieu de cr\u00e9ativit\u00e9 et, d\u2019un autre c\u00f4t\u00e9, je vais gagner en visibilit\u00e9 et avoir moins de bouchons pour venir travailler, ce changement pourrait d\u00e9bloquer tout \u00e7a<\/i>\u00a0\u00bb, d\u00e9veloppe-t-elle.<\/p>\n<p>\u00c0 quelques m\u00e8tres de l\u00e0, le pharmacien est, lui, beaucoup plus tranch\u00e9. <i>\u00ab<\/i><i>\u00a0<\/i><i>Je vois clairement ce changement d\u2019un tr\u00e8s bon \u0153il m\u00eame s\u2019il faut \u00eatre prudent le temps des nouvelles habitudes<\/i>\u00a0\u00bb, se projette Michel Paulet. Install\u00e9 depuis 20 ans, il estime que les travaux de l\u2019avenue Monclar lui ont fait perdre 100 clients par an depuis deux ans. \u00ab<i>\u00a0<\/i><i>On \u00e9tait un peu coup\u00e9 du reste de la ville, le plan Faubourgs c\u2019est peut-\u00eatre bien pour ceux qui y vivent, mais c\u2019est catastrophique pour ceux qui y travaillent<\/i>\u00a0\u00bb, juge le pharmacien. D\u2019autres r\u00e9visions sont encore pr\u00e9vues, mais pas dat\u00e9es officiellement, c\u00f4t\u00e9 Saint-Ruf ou Sixte Isnard.<\/p>\n<\/p><\/div>\n","protected":false},"excerpt":{"rendered":"Il est presque midi vendredi dernier. Au croisement de l&rsquo;avenue Monclar et des boulevards Monod et Ferry, les automobilistes ralentissent et peinent &agrave; savoir s&rsquo;il faut se fier au stop ou au nouveau feu tricolore encore &#8230;","protected":false},"author":1,"featured_media":40102,"comment_status":"open","ping_status":"open","sticky":false,"template":"","format":"standard","meta":{"footnotes":""},"categories":[3926,3925,20],"tags":[495,174,190,1420,148,670,4914,6304,3039,166,171,2552,1175],"news-destination":[3944],"news-source":[475],"is_homepage":[],"ta_other":[],"class_list":["post-40101","post","type-post","status-publish","format-standard","has-post-thumbnail","hentry","category-accueil-merge","category-accueil-third","category-societe","tag-495","tag-avignon","tag-cecile-helle","tag-circulation","tag-conseil-municipal","tag-deplacements","tag-olivier-galzi","tag-piste-cyclable","tag-trafic-routier","tag-travaux","tag-vaucluse","tag-velos","tag-voitures","news-destination-homepage","news-source-website"],"_links":{"self":[{"href":"https:\/\/euapp01.newsmemory.com\/lamarseillaise\/news\/wp-json\/wp\/v2\/posts\/40101","targetHints":{"allow":["GET"]}}],"collection":[{"href":"https:\/\/euapp01.newsmemory.com\/lamarseillaise\/news\/wp-json\/wp\/v2\/posts"}],"about":[{"href":"https:\/\/euapp01.newsmemory.com\/lamarseillaise\/news\/wp-json\/wp\/v2\/types\/post"}],"author":[{"embeddable":true,"href":"https:\/\/euapp01.newsmemory.com\/lamarseillaise\/news\/wp-json\/wp\/v2\/users\/1"}],"replies":[{"embeddable":true,"href":"https:\/\/euapp01.newsmemory.com\/lamarseillaise\/news\/wp-json\/wp\/v2\/comments?post=40101"}],"version-history":[{"count":1,"href":"https:\/\/euapp01.newsmemory.com\/lamarseillaise\/news\/wp-json\/wp\/v2\/posts\/40101\/revisions"}],"predecessor-version":[{"id":40103,"href":"https:\/\/euapp01.newsmemory.com\/lamarseillaise\/news\/wp-json\/wp\/v2\/posts\/40101\/revisions\/40103"}],"wp:featuredmedia":[{"embeddable":true,"href":"https:\/\/euapp01.newsmemory.com\/lamarseillaise\/news\/wp-json\/wp\/v2\/media\/40102"}],"wp:attachment":[{"href":"https:\/\/euapp01.newsmemory.com\/lamarseillaise\/news\/wp-json\/wp\/v2\/media?parent=40101"}],"wp:term":[{"taxonomy":"category","embeddable":true,"href":"https:\/\/euapp01.newsmemory.com\/lamarseillaise\/news\/wp-json\/wp\/v2\/categories?post=40101"},{"taxonomy":"post_tag","embeddable":true,"href":"https:\/\/euapp01.newsmemory.com\/lamarseillaise\/news\/wp-json\/wp\/v2\/tags?post=40101"},{"taxonomy":"news-destination","embeddable":true,"href":"https:\/\/euapp01.newsmemory.com\/lamarseillaise\/news\/wp-json\/wp\/v2\/news-destination?post=40101"},{"taxonomy":"news-source","embeddable":true,"href":"https:\/\/euapp01.newsmemory.com\/lamarseillaise\/news\/wp-json\/wp\/v2\/news-source?post=40101"},{"taxonomy":"is_homepage","embeddable":true,"href":"https:\/\/euapp01.newsmemory.com\/lamarseillaise\/news\/wp-json\/wp\/v2\/is_homepage?post=40101"},{"taxonomy":"ta_other","embeddable":true,"href":"https:\/\/euapp01.newsmemory.com\/lamarseillaise\/news\/wp-json\/wp\/v2\/ta_other?post=40101"}],"curies":[{"name":"wp","href":"https:\/\/api.w.org\/{rel}","templated":true}]}}