{"id":40098,"date":"2026-08-24T07:43:00","date_gmt":"2026-08-24T05:43:00","guid":{"rendered":"https:\/\/euapp01.newsmemory.com\/lamarseillaise\/news\/?p=40098"},"modified":"2026-08-28T08:32:13","modified_gmt":"2026-08-28T06:32:13","slug":"une-expedition-pour-montrer-la-fonte-des-glaciers-dans-les-hautes-alpes","status":"publish","type":"post","link":"https:\/\/euapp01.newsmemory.com\/lamarseillaise\/news\/2026\/08\/24\/une-expedition-pour-montrer-la-fonte-des-glaciers-dans-les-hautes-alpes\/","title":{"rendered":"Une exp\u00e9dition pour montrer la fonte des glaciers dans les Hautes-Alpes"},"content":{"rendered":"<div class=\"paragraph\">\n<p>Parcourir en un mois 1\u00a0500\u00a0km parcourus dont 45 000m de d\u00e9nivel\u00e9 positifs. C\u2019est une aventure aux airs d\u2019\u00e9pop\u00e9e dans laquelle s\u2019est lanc\u00e9 le 19 ao\u00fbt un petit groupe m\u00ealant M\u00e9lanie Corthay, guide de haute montagne, Aur\u00e9lie Gonin, r\u00e9alisatrice de documentaire et un couple de cyclistes, Nathalie et Fabien Monnier, qui ont dessin\u00e9 le parcours \u00e0 v\u00e9lo. \u00c0 leur t\u00eate, Loubna Freih, sportive de haute montagne, est \u00e0 l\u2019initiative de cette \u00ab\u00a0Alpine Quest II\u00a0\u00bb, apr\u00e8s une premi\u00e8re \u00e9dition effectu\u00e9e en mars 2025. <i>\u00ab<\/i><i>\u00a0<\/i><i>Pour le premier jour, on est arriv\u00e9s au pied du glacier blanc<\/i>, raconte Loubna Freih depuis le refuge du Pr\u00e9 de Madame Carle. <i>On va traverser tout l\u2019arc alpin jusqu\u2019en Slov\u00e9nie, \u00e0 travers la France, l\u2019Italie et la Suisse, en v\u00e9lo. L\u2019id\u00e9e est de connecter des glaciers importants pour raconter et documenter ce que vont devenir les Alpes apr\u00e8s les glaciers<\/i><i>\u00a0<\/i><i>\u00bb.<\/i><\/p>\n<p>L\u2019exp\u00e9dition ira \u00e0 la rencontre d\u2019une dizaine de scientifiques fran\u00e7ais, suisses et italiens et traversera une quinzaine de glaciers, en passant notamment par celui d\u2019Aletsch, en Suisse, le plus grand d\u2019Europe centrale. <i>\u00ab<\/i><i>\u00a0<\/i><i>On pr\u00e9l\u00e8ve des eaux \u00e0 l\u2019embouchure de chaque glacier, pour r\u00e9cup\u00e9rer l\u2019eau profonde du glacier, pas de la neige en surface. Les pr\u00e9l\u00e8vements sont ensuite envoy\u00e9s au CNRS de Nancy avec l\u2019aide de Cluster Eau, une association bas\u00e9e \u00e0 \u00c9vian<\/i><i>\u00a0<\/i><i>\u00bb, <\/i>d\u00e9taille Loubna Freih.<i> On travaille aussi avec un g\u00e9obiologiste qui nous parle de la flore et des changements dans ce qu\u2019on appelle les marges des glaciers. C\u2019est l\u00e0 o\u00f9 le glacier se retire et c\u2019est une zone tr\u00e8s int\u00e9ressante pour la science pour comprendre ce que laisse le glacier, ce qui dispara\u00eet, mais aussi ce qui vient \u00e0 la place<\/i><i>\u00a0<\/i><i>\u00bb.<\/i><\/p>\n<\/p><\/div>\n<div class=\"intext\"> <\/div>\n<div class=\"intext\"> Agir, que l\u2019on soit sportif ou scientifique\n              <\/div>\n<div class=\"paragraph\">\n<p>Alors que la moyenne de la temp\u00e9rature mondiale a augment\u00e9 d\u20191,5 degr\u00e9 par rapport \u00e0 l\u2019\u00e8re pr\u00e9industrielle, ce chiffre est multipli\u00e9 par deux dans les Alpes, o\u00f9 la fonte des glaciers s\u2019acc\u00e9l\u00e8re. Pour ces athl\u00e8tes de montagne, aux premi\u00e8res loges du bouleversement, agir est vital. \u00ab\u00a0<i>\u00c0 Verbier, en Suisse, o\u00f9 je vis, on a eu une premi\u00e8re canicule \u00e0 la fin du printemps, puis une deuxi\u00e8me, une troisi\u00e8me et on vient de finir la quatri\u00e8me<\/i>, t\u00e9moigne Loubna. <i>Je vois les massifs du Grand et du Petit Combin changer sous mes yeux. Je ne peux pas rester sur mon balcon \u00e0 regarder<\/i><i>\u00a0<\/i><i>\u00bb. <\/i>Comme pour la premi\u00e8re, le but d\u2019Alpine Quest 2 est de produire un documentaire pour toucher le grand public. \u00ab<i>\u00a0<\/i><i>L\u2019id\u00e9e est d\u2019aller voir avec nos jambes puis d\u2019en faire une narration, de raconter une histoire bas\u00e9e sur la science mais aussi sur ce qu\u2019on vit et ce qu\u2019on voit<\/i><i>\u00a0<\/i><i>\u00bb,<\/i> conclut Loubna.<\/p>\n<\/p><\/div>\n","protected":false},"excerpt":{"rendered":"Parcourir en un mois 1&nbsp;500&nbsp;km parcourus dont 45 000m de d&eacute;nivel&eacute; positifs. C&rsquo;est une aventure aux airs d&rsquo;&eacute;pop&eacute;e dans laquelle s&rsquo;est lanc&eacute; le 19 ao&ucirc;t un petit groupe m&ecirc;lant &#8230;","protected":false},"author":1,"featured_media":40099,"comment_status":"open","ping_status":"open","sticky":false,"template":"","format":"standard","meta":{"footnotes":""},"categories":[3926,3925,333,5237,20],"tags":[5521,4768,5014,5058,1795,207,2482,309,1434,5181,444,3415,419,416,420,2552],"news-destination":[3944],"news-source":[475],"is_homepage":[],"ta_other":[],"class_list":["post-40098","post","type-post","status-publish","format-standard","has-post-thumbnail","hentry","category-accueil-merge","category-accueil-third","category-environnement","category-locale","category-societe","tag-activiste","tag-alpes","tag-alpinisme","tag-athletes","tag-biologie","tag-changement-climatique","tag-cnrs","tag-eau","tag-ecologie","tag-expedition","tag-glaciers","tag-montagne","tag-rechauffement-climatique","tag-recherche-scientifique","tag-scientifique","tag-velos","news-destination-homepage","news-source-website"],"_links":{"self":[{"href":"https:\/\/euapp01.newsmemory.com\/lamarseillaise\/news\/wp-json\/wp\/v2\/posts\/40098","targetHints":{"allow":["GET"]}}],"collection":[{"href":"https:\/\/euapp01.newsmemory.com\/lamarseillaise\/news\/wp-json\/wp\/v2\/posts"}],"about":[{"href":"https:\/\/euapp01.newsmemory.com\/lamarseillaise\/news\/wp-json\/wp\/v2\/types\/post"}],"author":[{"embeddable":true,"href":"https:\/\/euapp01.newsmemory.com\/lamarseillaise\/news\/wp-json\/wp\/v2\/users\/1"}],"replies":[{"embeddable":true,"href":"https:\/\/euapp01.newsmemory.com\/lamarseillaise\/news\/wp-json\/wp\/v2\/comments?post=40098"}],"version-history":[{"count":1,"href":"https:\/\/euapp01.newsmemory.com\/lamarseillaise\/news\/wp-json\/wp\/v2\/posts\/40098\/revisions"}],"predecessor-version":[{"id":40100,"href":"https:\/\/euapp01.newsmemory.com\/lamarseillaise\/news\/wp-json\/wp\/v2\/posts\/40098\/revisions\/40100"}],"wp:featuredmedia":[{"embeddable":true,"href":"https:\/\/euapp01.newsmemory.com\/lamarseillaise\/news\/wp-json\/wp\/v2\/media\/40099"}],"wp:attachment":[{"href":"https:\/\/euapp01.newsmemory.com\/lamarseillaise\/news\/wp-json\/wp\/v2\/media?parent=40098"}],"wp:term":[{"taxonomy":"category","embeddable":true,"href":"https:\/\/euapp01.newsmemory.com\/lamarseillaise\/news\/wp-json\/wp\/v2\/categories?post=40098"},{"taxonomy":"post_tag","embeddable":true,"href":"https:\/\/euapp01.newsmemory.com\/lamarseillaise\/news\/wp-json\/wp\/v2\/tags?post=40098"},{"taxonomy":"news-destination","embeddable":true,"href":"https:\/\/euapp01.newsmemory.com\/lamarseillaise\/news\/wp-json\/wp\/v2\/news-destination?post=40098"},{"taxonomy":"news-source","embeddable":true,"href":"https:\/\/euapp01.newsmemory.com\/lamarseillaise\/news\/wp-json\/wp\/v2\/news-source?post=40098"},{"taxonomy":"is_homepage","embeddable":true,"href":"https:\/\/euapp01.newsmemory.com\/lamarseillaise\/news\/wp-json\/wp\/v2\/is_homepage?post=40098"},{"taxonomy":"ta_other","embeddable":true,"href":"https:\/\/euapp01.newsmemory.com\/lamarseillaise\/news\/wp-json\/wp\/v2\/ta_other?post=40098"}],"curies":[{"name":"wp","href":"https:\/\/api.w.org\/{rel}","templated":true}]}}