{"id":40092,"date":"2026-08-24T07:30:00","date_gmt":"2026-08-24T05:30:00","guid":{"rendered":"https:\/\/euapp01.newsmemory.com\/lamarseillaise\/news\/?p=40092"},"modified":"2026-08-28T08:06:06","modified_gmt":"2026-08-28T06:06:06","slug":"la-liberation-fetee-par-tous-partout-dans-la-region","status":"publish","type":"post","link":"https:\/\/euapp01.newsmemory.com\/lamarseillaise\/news\/2026\/08\/24\/la-liberation-fetee-par-tous-partout-dans-la-region\/","title":{"rendered":"La Lib\u00e9ration f\u00eat\u00e9e par tous partout dans la r\u00e9gion"},"content":{"rendered":"<div class=\"paragraph\">\n<p>Vendredi 21 ao\u00fbt, Jean-Pierre Squillari (DVG) \u00e9lu en mai dernier et ses adjoints ont c\u00e9l\u00e9br\u00e9 la journ\u00e9e durant les lib\u00e9rateurs. <i>\u00ab Le 21 ao\u00fbt 1944, un jour historique pour notre ville, l\u2019entr\u00e9e des forces alli\u00e9es et des mouvements de R\u00e9sistance qui mettait fin \u00e0 l\u2019occupation nazie et rendait \u00e0 Aubagne sa libert\u00e9<\/i><i>\u00a0<\/i><i>\u00bb <\/i>relatait la municipalit\u00e9 invitant la population \u00e0 les rejoindre <i>\u00ab<\/i><i>\u00a0<\/i><i>pour honorer la m\u00e9moire de celles et ceux qui se sont battus pour notre libert\u00e9<\/i><i>\u00a0<\/i><i>\u00bb .<\/i><\/p>\n<p>\u00c0 Port-de-Bouc, les c\u00e9r\u00e9monies du souvenir se sont tenues samedi 22, Laurent Belsola (PCF) et son \u00e9quipe ont aussi rappel\u00e9 \u00e0 la population de ne \u00ab\u00a0<i>jamais oublier<\/i>\u00a0\u00bb. Attention le concert du 24 ao\u00fbt se tiendra exceptionnellement salle Youri Gagarine en raison de la m\u00e9t\u00e9o, et le feu d\u2019artifice est report\u00e9 au samedi 29 ao\u00fbt.<\/p>\n<p>\u00c0 Istres, c\u2019est ce dimanche 23 ao\u00fbt que Robin Pr\u00e9tot (LR) et son \u00e9quipe ont tenu \u00e0 \u00ab\u00a0r\u00e9parer un oubli\u00a0\u00bb en instituant une journ\u00e9e de la Lib\u00e9ration.<i> \u00ab<\/i><i>\u00a0<\/i><i>C\u2019est un rendez-vous pour honorer celles et ceux qui ont choisi la France, la libert\u00e9 et l\u2019honneur, mais aussi pour transmettre aux jeunes g\u00e9n\u00e9rations le sens de notre h\u00e9ritage r\u00e9publicain<\/i><i>\u00a0<\/i>\u00bb indique la Ville.<\/p>\n<\/p><\/div>\n","protected":false},"excerpt":{"rendered":"Vendredi 21 ao&ucirc;t, Jean-Pierre Squillari (DVG) &eacute;lu en mai dernier et ses adjoints ont c&eacute;l&eacute;br&eacute; la journ&eacute;e durant les lib&eacute;rateurs. &laquo; Le 21 ao&ucirc;t 1944, un jour historique pour notre ville, &#8230;","protected":false},"author":1,"featured_media":40093,"comment_status":"open","ping_status":"open","sticky":false,"template":"","format":"standard","meta":{"footnotes":""},"categories":[3926,3925,20],"tags":[493,10,133,3162,389,534,3499,59,2206,1647,2197,920,178,667,895,5793,641],"news-destination":[3944],"news-source":[475],"is_homepage":[],"ta_other":[],"class_list":["post-40092","post","type-post","status-publish","format-standard","has-post-thumbnail","hentry","category-accueil-merge","category-accueil-third","category-societe","tag-aubagne","tag-bouches-du-rhone","tag-departement","tag-elu","tag-hommage","tag-istres","tag-jean-pierre-squillari","tag-jeunes","tag-laurent-belsola","tag-liberation","tag-liberte","tag-memoire","tag-population","tag-port-de-bouc","tag-provence","tag-robin-pretot","tag-villes","news-destination-homepage","news-source-website"],"_links":{"self":[{"href":"https:\/\/euapp01.newsmemory.com\/lamarseillaise\/news\/wp-json\/wp\/v2\/posts\/40092","targetHints":{"allow":["GET"]}}],"collection":[{"href":"https:\/\/euapp01.newsmemory.com\/lamarseillaise\/news\/wp-json\/wp\/v2\/posts"}],"about":[{"href":"https:\/\/euapp01.newsmemory.com\/lamarseillaise\/news\/wp-json\/wp\/v2\/types\/post"}],"author":[{"embeddable":true,"href":"https:\/\/euapp01.newsmemory.com\/lamarseillaise\/news\/wp-json\/wp\/v2\/users\/1"}],"replies":[{"embeddable":true,"href":"https:\/\/euapp01.newsmemory.com\/lamarseillaise\/news\/wp-json\/wp\/v2\/comments?post=40092"}],"version-history":[{"count":1,"href":"https:\/\/euapp01.newsmemory.com\/lamarseillaise\/news\/wp-json\/wp\/v2\/posts\/40092\/revisions"}],"predecessor-version":[{"id":40094,"href":"https:\/\/euapp01.newsmemory.com\/lamarseillaise\/news\/wp-json\/wp\/v2\/posts\/40092\/revisions\/40094"}],"wp:featuredmedia":[{"embeddable":true,"href":"https:\/\/euapp01.newsmemory.com\/lamarseillaise\/news\/wp-json\/wp\/v2\/media\/40093"}],"wp:attachment":[{"href":"https:\/\/euapp01.newsmemory.com\/lamarseillaise\/news\/wp-json\/wp\/v2\/media?parent=40092"}],"wp:term":[{"taxonomy":"category","embeddable":true,"href":"https:\/\/euapp01.newsmemory.com\/lamarseillaise\/news\/wp-json\/wp\/v2\/categories?post=40092"},{"taxonomy":"post_tag","embeddable":true,"href":"https:\/\/euapp01.newsmemory.com\/lamarseillaise\/news\/wp-json\/wp\/v2\/tags?post=40092"},{"taxonomy":"news-destination","embeddable":true,"href":"https:\/\/euapp01.newsmemory.com\/lamarseillaise\/news\/wp-json\/wp\/v2\/news-destination?post=40092"},{"taxonomy":"news-source","embeddable":true,"href":"https:\/\/euapp01.newsmemory.com\/lamarseillaise\/news\/wp-json\/wp\/v2\/news-source?post=40092"},{"taxonomy":"is_homepage","embeddable":true,"href":"https:\/\/euapp01.newsmemory.com\/lamarseillaise\/news\/wp-json\/wp\/v2\/is_homepage?post=40092"},{"taxonomy":"ta_other","embeddable":true,"href":"https:\/\/euapp01.newsmemory.com\/lamarseillaise\/news\/wp-json\/wp\/v2\/ta_other?post=40092"}],"curies":[{"name":"wp","href":"https:\/\/api.w.org\/{rel}","templated":true}]}}