{"id":40086,"date":"2026-08-24T07:07:00","date_gmt":"2026-08-24T05:07:00","guid":{"rendered":"https:\/\/euapp01.newsmemory.com\/lamarseillaise\/news\/?p=40086"},"modified":"2026-08-28T08:06:06","modified_gmt":"2026-08-28T06:06:06","slug":"mercato-et-europe-une-semaine-decisive-pour-lom","status":"publish","type":"post","link":"https:\/\/euapp01.newsmemory.com\/lamarseillaise\/news\/2026\/08\/24\/mercato-et-europe-une-semaine-decisive-pour-lom\/","title":{"rendered":"Mercato et Europe, une semaine d\u00e9cisive pour l\u2019OM"},"content":{"rendered":"<div class=\"paragraph\">\n<p>Agatha Christie aurait pu r\u00e9diger un chapitre suppl\u00e9mentaire \u00e0 ses \u00ab\u00a0Dix petits n\u00e8gres\u00a0\u00bb.<\/p>\n<p>La reine du polar aurait pu s\u2019inspirer d\u2019un \u00e9t\u00e9 olympien marqu\u00e9 par des ventes \u00e0 gogo. Et surtout utiliser le onze de d\u00e9part de vendredi, face \u00e0 Strasbourg, pour imaginer qui se cache derri\u00e8re les \u00ab\u00a0<i>trois, quatre ou cinq joueurs<\/i><i>\u00a0<\/i>\u00bb pouvant encore \u00eatre transf\u00e9r\u00e9 d\u2019ici la fermeture du mercato, le 31\u00a0ao\u00fbt.<\/p>\n<p>Au micro de Ligue 1+, alors que son \u00e9quipe venait de r\u00e9ussir une belle d\u00e9monstration collective en s\u2019imposant 4 &#8211; 0, Bruno Genesio s\u2019est montr\u00e9 fataliste. \u00ab\u00a0<i>On doit baisser la masse salariale. Tant que \u00e7a ne sera pas fait, on ne pourra pas recruter. \u00c7a peut \u00eatre trois, quatre, cinq joueurs.<\/i><i>\u00a0<\/i>\u00bb<\/p>\n<p>L\u2019entra\u00eeneur olympien \u00e9tait au courant des discussions entre Frank McCourt et les repr\u00e9sentants de groupes de supporters, avant le coup d\u2019envoi du match. Le boss de Boston s\u2019est montr\u00e9 intraitable sur la question. Il n\u2019y aura aucune recrue tant que les plus gros salaires n\u2019auront pas chang\u00e9 d\u2019air.<\/p>\n<p>La mani\u00e8re dont ces gros salaires, notamment Pierre-Emile H\u00f6jbjerg, se sont comport\u00e9s face \u00e0 Strasbourg, pourrait-elle infl\u00e9chir la volont\u00e9 du patron\u00a0? Car cet OM, sans recrue mais avec des joueurs revanchards, a montr\u00e9 de belles choses.<\/p>\n<p>Ils \u00e9taient huit titulaires, vendredi, \u00e0 cocher les cases des exigences du propri\u00e9taire. Et la mani\u00e8re dont l\u2019OM a abord\u00e9 le match de toutes les peurs contre Strasbourg a montr\u00e9 qu\u2019il fallait peu de choses pour que le groupe, tel qu\u2019il est, puisse \u00eatre comp\u00e9titif.<\/p>\n<\/p><\/div>\n<div class=\"intext\"> Rendez-vous europ\u00e9en\n              <\/div>\n<div class=\"paragraph\">\n<p>M\u00eame si la victoire a \u00e9t\u00e9 acquise aux d\u00e9pens d\u2019un adversaire qui cherche encore son style de jeu et ses rep\u00e8res, il \u00e9tait capital d\u2019ouvrir la saison de cette mani\u00e8re. Ne serait-ce que pour aborder plus sereinement le premier d\u00e9placement \u00e0 Monaco, dimanche. Un voyage que certains ne feront donc peut-\u00eatre pas. Un voyage qui sera intercal\u00e9 entre le tirage au sort de la Ligue Europa, vendredi, et le dernier jour du mercato, lundi.<\/p>\n<p>Cette semaine s\u2019annonce donc cruciale pour l\u2019avenir du club. Bruno Genesio va vivre des heures compliqu\u00e9es, alors que les supporters, m\u00eames s\u2019ils n\u2019y croient pas trop, esp\u00e8rent une fin heureuse de ce suspense intenable.<\/p>\n<\/p><\/div>\n<div class=\"paragraph\">\n<p>1<sup>ere <\/sup>journ\u00e9e<\/p>\n<p>OM &#8211; Vendredi 4 &#8211; 0<\/p>\n<p>Lens &#8211; Auxerre 5 &#8211; 2<\/p>\n<p>Le Mans &#8211; Brest 2 &#8211; 2<\/p>\n<p>Nice &#8211; Lorient 0 &#8211; 0<\/p>\n<p>Toulouse &#8211; Lyon 0 &#8211; 2<\/p>\n<p>Troyes &#8211; Paris FC 0 &#8211; 0<\/p>\n<p>Angers &#8211; Lille 0 &#8211; 2<\/p>\n<p>Le Havre &#8211; Monaco 0 &#8211; 1<\/p>\n<p>PSG &#8211; Rennes tardif<\/p>\n<\/p><\/div>\n<div class=\"paragraph\">\n<p>\u00ab On doit baisser<br \/>la masse salariale&#8230; de 3, 4, 5 joueurs \u00bb<\/p>\n<\/p><\/div>\n","protected":false},"excerpt":{"rendered":"Agatha Christie aurait pu r&eacute;diger un chapitre suppl&eacute;mentaire &agrave; ses &laquo;&nbsp;Dix petits n&egrave;gres&nbsp;&raquo;.","protected":false},"author":1,"featured_media":40087,"comment_status":"open","ping_status":"open","sticky":false,"template":"","format":"standard","meta":{"footnotes":""},"categories":[3926,3925,7],"tags":[10,13,4846,1196,3170,16,1152,14],"news-destination":[3944],"news-source":[475],"is_homepage":[],"ta_other":[],"class_list":["post-40086","post","type-post","status-publish","format-standard","has-post-thumbnail","hentry","category-accueil-merge","category-accueil-third","category-sports","tag-bouches-du-rhone","tag-football","tag-frank-mccourt","tag-joueurs","tag-ligue-europa","tag-marseille","tag-mercato","tag-om","news-destination-homepage","news-source-website"],"_links":{"self":[{"href":"https:\/\/euapp01.newsmemory.com\/lamarseillaise\/news\/wp-json\/wp\/v2\/posts\/40086","targetHints":{"allow":["GET"]}}],"collection":[{"href":"https:\/\/euapp01.newsmemory.com\/lamarseillaise\/news\/wp-json\/wp\/v2\/posts"}],"about":[{"href":"https:\/\/euapp01.newsmemory.com\/lamarseillaise\/news\/wp-json\/wp\/v2\/types\/post"}],"author":[{"embeddable":true,"href":"https:\/\/euapp01.newsmemory.com\/lamarseillaise\/news\/wp-json\/wp\/v2\/users\/1"}],"replies":[{"embeddable":true,"href":"https:\/\/euapp01.newsmemory.com\/lamarseillaise\/news\/wp-json\/wp\/v2\/comments?post=40086"}],"version-history":[{"count":1,"href":"https:\/\/euapp01.newsmemory.com\/lamarseillaise\/news\/wp-json\/wp\/v2\/posts\/40086\/revisions"}],"predecessor-version":[{"id":40088,"href":"https:\/\/euapp01.newsmemory.com\/lamarseillaise\/news\/wp-json\/wp\/v2\/posts\/40086\/revisions\/40088"}],"wp:featuredmedia":[{"embeddable":true,"href":"https:\/\/euapp01.newsmemory.com\/lamarseillaise\/news\/wp-json\/wp\/v2\/media\/40087"}],"wp:attachment":[{"href":"https:\/\/euapp01.newsmemory.com\/lamarseillaise\/news\/wp-json\/wp\/v2\/media?parent=40086"}],"wp:term":[{"taxonomy":"category","embeddable":true,"href":"https:\/\/euapp01.newsmemory.com\/lamarseillaise\/news\/wp-json\/wp\/v2\/categories?post=40086"},{"taxonomy":"post_tag","embeddable":true,"href":"https:\/\/euapp01.newsmemory.com\/lamarseillaise\/news\/wp-json\/wp\/v2\/tags?post=40086"},{"taxonomy":"news-destination","embeddable":true,"href":"https:\/\/euapp01.newsmemory.com\/lamarseillaise\/news\/wp-json\/wp\/v2\/news-destination?post=40086"},{"taxonomy":"news-source","embeddable":true,"href":"https:\/\/euapp01.newsmemory.com\/lamarseillaise\/news\/wp-json\/wp\/v2\/news-source?post=40086"},{"taxonomy":"is_homepage","embeddable":true,"href":"https:\/\/euapp01.newsmemory.com\/lamarseillaise\/news\/wp-json\/wp\/v2\/is_homepage?post=40086"},{"taxonomy":"ta_other","embeddable":true,"href":"https:\/\/euapp01.newsmemory.com\/lamarseillaise\/news\/wp-json\/wp\/v2\/ta_other?post=40086"}],"curies":[{"name":"wp","href":"https:\/\/api.w.org\/{rel}","templated":true}]}}