{"id":40083,"date":"2026-08-24T07:08:00","date_gmt":"2026-08-24T05:08:00","guid":{"rendered":"https:\/\/euapp01.newsmemory.com\/lamarseillaise\/news\/?p=40083"},"modified":"2026-08-28T08:06:06","modified_gmt":"2026-08-28T06:06:06","slug":"regards-croises-sur-le-rassemblement-de-la-gauche","status":"publish","type":"post","link":"https:\/\/euapp01.newsmemory.com\/lamarseillaise\/news\/2026\/08\/24\/regards-croises-sur-le-rassemblement-de-la-gauche\/","title":{"rendered":"Regards crois\u00e9s sur le rassemblement de la gauche"},"content":{"rendered":"<div class=\"paragraph\">\n<p>Premi\u00e8re rencontre du genre en cette rentr\u00e9e politique\u00a0: le s\u00e9nateur EELV Thomas Dossu, la d\u00e9put\u00e9 PS Anna Pic et la conseill\u00e8re municipale de Toulouse LFI Victoria Scampa ont \u00e9chang\u00e9 leur point de vue avec Pierre Lacaze, responsable des relations ext\u00e9rieures du PCF et vice-pr\u00e9sident de la R\u00e9gion Occitanie, sur la situation de la gauche.<\/p>\n<p>Pour le communiste \u00ab\u00a0<i>la gauche ne gagnera pas si chaque formation ne se mobilise pas et ne r\u00e9alise pas le score le plus important<\/i><i>\u00a0<\/i><i>car pour gagner au second tour il faut faire 50% plus une voix<\/i>\u00a0\u00bb. Il ouvre la porte \u00e0 un rassemblement pour les l\u00e9gislatives \u00e0 condition qu\u2019il cr\u00e9e les conditions d\u2019un renforcement de toute la gauche. L\u2019insoumise plaide sans surprise pour la candidature de Jean-Luc M\u00e9lenchon et un accord sur son programme qui dit-elle \u00ab\u00a0<i>ressemble \u00e0 un programme communiste<\/i><i>\u00a0<\/i>\u00bb, non sans susciter quelques remous dans la salle. L\u2019\u00e9cologiste consid\u00e8re que \u00ab\u00a0<i>dire ralliez vous \u00e0 Jean-Luc M\u00e9lenchon et on discutera apr\u00e8s, ce n\u2019est pas possible de travailler comme \u00e7a<\/i><i>\u00a0<\/i>\u00bb et met en garde : \u00ab\u00a0<i>le &#8220;vote utile&#8221; au premier am\u00e8nerait le meilleur score pour l\u2019extr\u00eame droite au second<\/i>\u00a0\u00bb.<i> <\/i>La socialiste quant \u00e0 elle, se d\u00e9marque des \u00ab\u00a0<i>renoncements<\/i><i>\u00a0<\/i>\u00bb de l\u2019\u00e8re Hollande. \u00ab\u00a0<i>Je suis une d\u00e9put\u00e9 Nupes puis NFP. j\u2019ai toujours \u00e9t\u00e9 une unioniste au PS<\/i><i>\u00a0<\/i>\u00bb, en appelant \u00e0 ne pas confondre la tactique, la strat\u00e9gie et la ligne politique pour \u00e9viter les invectives internes \u00e0 la gauche.<\/p>\n<p>Les \u00e9changes devraient se prolonger \u00e0 la F\u00eate de l\u2019Humanit\u00e9 les 11, 12 et 13\u00a0septembre au Plessis-P\u00e2t\u00e9 (Essonne).<\/p>\n<\/p><\/div>\n","protected":false},"excerpt":{"rendered":"Premi&egrave;re rencontre du genre en cette rentr&eacute;e politique&nbsp;: le s&eacute;nateur EELV Thomas Dossu, la d&eacute;put&eacute; PS Anna Pic et la conseill&egrave;re municipale de Toulouse LFI Victoria Scampa ont &eacute;chang&eacute; leur &#8230;","protected":false},"author":1,"featured_media":40084,"comment_status":"open","ping_status":"open","sticky":false,"template":"","format":"standard","meta":{"footnotes":""},"categories":[3926,3925,330],"tags":[90,867,572,540,304,541,772,5012,284,580,250,613,5896],"news-destination":[3944],"news-source":[475],"is_homepage":[],"ta_other":[],"class_list":["post-40083","post","type-post","status-publish","format-standard","has-post-thumbnail","hentry","category-accueil-merge","category-accueil-third","category-politique","tag-eelv","tag-fete-de-lhumanite","tag-france","tag-gauche","tag-les-ecologistes","tag-lfi","tag-nouveau-front-populaire","tag-nupes","tag-occitanie","tag-parti-socialiste","tag-pcf","tag-rassemblement","tag-universites-dete","news-destination-homepage","news-source-website"],"_links":{"self":[{"href":"https:\/\/euapp01.newsmemory.com\/lamarseillaise\/news\/wp-json\/wp\/v2\/posts\/40083","targetHints":{"allow":["GET"]}}],"collection":[{"href":"https:\/\/euapp01.newsmemory.com\/lamarseillaise\/news\/wp-json\/wp\/v2\/posts"}],"about":[{"href":"https:\/\/euapp01.newsmemory.com\/lamarseillaise\/news\/wp-json\/wp\/v2\/types\/post"}],"author":[{"embeddable":true,"href":"https:\/\/euapp01.newsmemory.com\/lamarseillaise\/news\/wp-json\/wp\/v2\/users\/1"}],"replies":[{"embeddable":true,"href":"https:\/\/euapp01.newsmemory.com\/lamarseillaise\/news\/wp-json\/wp\/v2\/comments?post=40083"}],"version-history":[{"count":1,"href":"https:\/\/euapp01.newsmemory.com\/lamarseillaise\/news\/wp-json\/wp\/v2\/posts\/40083\/revisions"}],"predecessor-version":[{"id":40085,"href":"https:\/\/euapp01.newsmemory.com\/lamarseillaise\/news\/wp-json\/wp\/v2\/posts\/40083\/revisions\/40085"}],"wp:featuredmedia":[{"embeddable":true,"href":"https:\/\/euapp01.newsmemory.com\/lamarseillaise\/news\/wp-json\/wp\/v2\/media\/40084"}],"wp:attachment":[{"href":"https:\/\/euapp01.newsmemory.com\/lamarseillaise\/news\/wp-json\/wp\/v2\/media?parent=40083"}],"wp:term":[{"taxonomy":"category","embeddable":true,"href":"https:\/\/euapp01.newsmemory.com\/lamarseillaise\/news\/wp-json\/wp\/v2\/categories?post=40083"},{"taxonomy":"post_tag","embeddable":true,"href":"https:\/\/euapp01.newsmemory.com\/lamarseillaise\/news\/wp-json\/wp\/v2\/tags?post=40083"},{"taxonomy":"news-destination","embeddable":true,"href":"https:\/\/euapp01.newsmemory.com\/lamarseillaise\/news\/wp-json\/wp\/v2\/news-destination?post=40083"},{"taxonomy":"news-source","embeddable":true,"href":"https:\/\/euapp01.newsmemory.com\/lamarseillaise\/news\/wp-json\/wp\/v2\/news-source?post=40083"},{"taxonomy":"is_homepage","embeddable":true,"href":"https:\/\/euapp01.newsmemory.com\/lamarseillaise\/news\/wp-json\/wp\/v2\/is_homepage?post=40083"},{"taxonomy":"ta_other","embeddable":true,"href":"https:\/\/euapp01.newsmemory.com\/lamarseillaise\/news\/wp-json\/wp\/v2\/ta_other?post=40083"}],"curies":[{"name":"wp","href":"https:\/\/api.w.org\/{rel}","templated":true}]}}