{"id":40080,"date":"2026-08-24T07:11:00","date_gmt":"2026-08-24T05:11:00","guid":{"rendered":"https:\/\/euapp01.newsmemory.com\/lamarseillaise\/news\/?p=40080"},"modified":"2026-08-28T08:07:36","modified_gmt":"2026-08-28T06:07:36","slug":"trente-ans-apres-la-lutte-des-sans-papiers-reste-dactualite","status":"publish","type":"post","link":"https:\/\/euapp01.newsmemory.com\/lamarseillaise\/news\/2026\/08\/24\/trente-ans-apres-la-lutte-des-sans-papiers-reste-dactualite\/","title":{"rendered":"Trente ans apr\u00e8s, la lutte des sans papiers reste d\u2019actualit\u00e9"},"content":{"rendered":"<div class=\"paragraph\">\n<p>La Camaraderie (3<sup>e<\/sup>) fait salle comble ce dimanche soir. Des dizaines de personnes assistent \u00e0 la projection du film \u00ab\u00a0La Ballade des sans papiers\u00a0\u00bb, de Samir Abdallah et Raffaele Ventura qui raconte la lutte de 300 travailleurs sans papiers d\u2019origine africaine et leurs familles, pour leur r\u00e9gularisation. De l\u2019occupation de l\u2019\u00e9glise Saint-Ambroise, en mars 1996, des gr\u00e8ves de la faim, des manifestations de soutien, jusqu\u2019\u00e0 l\u2019\u00e9vacuation violente de l\u2019\u00e9glise Saint-Bernard par les CRS le 24 ao\u00fbt. Et ce, dans un contexte de politiques discriminatoires et x\u00e9nophobes. \u00ab\u00a0<i>On ne peut pas faire des lois qui provoquent la clandestinit\u00e9<\/i><i>\u00a0<\/i>\u00bb, d\u00e9plorait alors la metteuse en sc\u00e8ne Ariane Mnouchkine qui soutenait cette lutte. \u00ab\u00a0<i>Nous sommes des \u00eatres humains \u00e0 part enti\u00e8re<\/i><i>\u00a0<\/i>\u00bb, criait Ababacar Diop, porte-parole des sans-papiers de France.<\/p>\n<p>Trente ans plus tard, dans cette micro-brasserie sociale et solidaire de la Belle de Mai, cette lutte trouve tout son \u00e9cho, au milieu de collectifs et militants antiracistes. Max explique que, loin d\u2019avoir \u00e9t\u00e9 un \u00e9chec, ce mouvement a permis \u00ab\u00a0<i>un \u00e9norme changement de paradigme<\/i><i>\u00a0<\/i>\u00bb et est <i>\u00ab<\/i><i>\u00a0<\/i><i>\u00e0 l\u2019origine des collectifs de sans-papiers actuels<\/i><i>\u00a0<\/i>\u00bb.<\/p>\n<p>Les collectifs marseillais ayant men\u00e9 des luttes pass\u00e9es par l\u2019occupation sont invit\u00e9s \u00e0 s\u2019exprimer. Ainsi, le collectif 59 St Just, raconte son propre combat d\u00e9but\u00e9 en 2018, pour loger dignement plus de 250 personnes, familles et mineurs isol\u00e9s en exil &#8211; comp\u00e9tence du D\u00e9partement. \u00ab\u00a0<i>C\u2019\u00e9tait une action politique<\/i><i>\u00a0<\/i>\u00bb, insiste l\u2019un des membres, quand un autre estime avoir \u00ab\u00a0<i>mis les pouvoirs publics face \u00e0 leurs responsabilit\u00e9s<\/i><i>\u00a0<\/i>\u00bb, \u00e0 travers leurs actions. R\u00e9sultat : \u00ab\u00a0<i>Cette mobilisation a provoqu\u00e9 l\u2019ouverture de 350 places en 2022 <\/i>\u00bb, soul\u00e8ve le groupe sur l\u2019estrade.<\/p>\n<p>De son c\u00f4t\u00e9, le collectif 113, qui avait, lui, occup\u00e9 le 113 Canebi\u00e8re, se r\u00e9jouit d\u2019avoir, par son combat, \u00ab\u00a0<i>r\u00e9ussi \u00e0 transformer des squats en habitations l\u00e9gales<\/i><i>\u00a0<\/i>\u00bb et faire embaucher par la Ville \u00ab\u00a0<i>un travailleur social qui s\u2019occupe des jeunes<\/i><i>\u00a0<\/i>\u00bb. Des victoires revendiqu\u00e9es sous les applaudissements nourris de l\u2019audience.<\/p>\n<\/p><\/div>\n<div class=\"intext\"> La marche des solidarit\u00e9s de Marseille\n              <\/div>\n<div class=\"paragraph\">\n<p>Cette soir\u00e9e a \u00e9galement vu le lancement officiel de la Marche des solidarit\u00e9s de Marseille, compos\u00e9e de collectifs de sans-papiers, de mineurs isol\u00e9s mais aussi anti-raciste, antifascistes, f\u00e9ministes, LGBT et plus encore, ainsi que d&#8217;individus en leur nom propre. Les membres ont distribu\u00e9 leur feuille de route pour les mois \u00e0 venir. Ces derniers s\u2019alarment de \u00ab\u00a0<i>la progression latente de l\u2019extr\u00eame droite<\/i><i>\u00a0<\/i>\u00bb, qui fait craindre la victoire du \u00ab<i>\u00a0<\/i><i>danger fasciste en 2027<\/i><i>\u00a0<\/i><i>\u00bb, <\/i>souligne Gabin au micro. Parce qu\u2019elle \u00ab\u00a0<i>ne veut pas attendre la pr\u00e9sidentielle<\/i><i>\u00a0<\/i>\u00bb, la plateforme donne rendez-vous d\u00e8s le 20 septembre prochain, \u00e0 rejoindre la mobilisation nationale contre la loi \u00ab\u00a0permis de tuer\u00a0\u00bb organis\u00e9e par le collectif SAVE (Stop aux Violences d\u2019\u00c9tat).<\/p>\n<\/p><\/div>\n","protected":false},"excerpt":{"rendered":"La Camaraderie (3e) fait salle comble ce dimanche soir. Des dizaines de personnes assistent &agrave; la projection du film &laquo;&nbsp;La Ballade des sans papiers&nbsp;&raquo;, de Samir Abdallah et Raffaele Ventura qui raconte la lutte de 300 &#8230;","protected":false},"author":1,"featured_media":40081,"comment_status":"open","ping_status":"open","sticky":false,"template":"","format":"standard","meta":{"footnotes":""},"categories":[3926,3925,331,20],"tags":[1124,10,102,441,1260,847,16,2828,134,3146,2142,194,392,272],"news-destination":[3944],"news-source":[475],"is_homepage":[],"ta_other":[],"class_list":["post-40080","post","type-post","status-publish","format-standard","has-post-thumbnail","hentry","category-accueil-merge","category-accueil-third","category-social","category-societe","tag-belle-de-mai","tag-bouches-du-rhone","tag-collectif","tag-extreme-droite","tag-lutte","tag-manifestations","tag-marseille","tag-mineurs-isoles","tag-mobilisation","tag-regularisation","tag-sans-papiers","tag-social","tag-solidaire","tag-violences","news-destination-homepage","news-source-website"],"_links":{"self":[{"href":"https:\/\/euapp01.newsmemory.com\/lamarseillaise\/news\/wp-json\/wp\/v2\/posts\/40080","targetHints":{"allow":["GET"]}}],"collection":[{"href":"https:\/\/euapp01.newsmemory.com\/lamarseillaise\/news\/wp-json\/wp\/v2\/posts"}],"about":[{"href":"https:\/\/euapp01.newsmemory.com\/lamarseillaise\/news\/wp-json\/wp\/v2\/types\/post"}],"author":[{"embeddable":true,"href":"https:\/\/euapp01.newsmemory.com\/lamarseillaise\/news\/wp-json\/wp\/v2\/users\/1"}],"replies":[{"embeddable":true,"href":"https:\/\/euapp01.newsmemory.com\/lamarseillaise\/news\/wp-json\/wp\/v2\/comments?post=40080"}],"version-history":[{"count":1,"href":"https:\/\/euapp01.newsmemory.com\/lamarseillaise\/news\/wp-json\/wp\/v2\/posts\/40080\/revisions"}],"predecessor-version":[{"id":40082,"href":"https:\/\/euapp01.newsmemory.com\/lamarseillaise\/news\/wp-json\/wp\/v2\/posts\/40080\/revisions\/40082"}],"wp:featuredmedia":[{"embeddable":true,"href":"https:\/\/euapp01.newsmemory.com\/lamarseillaise\/news\/wp-json\/wp\/v2\/media\/40081"}],"wp:attachment":[{"href":"https:\/\/euapp01.newsmemory.com\/lamarseillaise\/news\/wp-json\/wp\/v2\/media?parent=40080"}],"wp:term":[{"taxonomy":"category","embeddable":true,"href":"https:\/\/euapp01.newsmemory.com\/lamarseillaise\/news\/wp-json\/wp\/v2\/categories?post=40080"},{"taxonomy":"post_tag","embeddable":true,"href":"https:\/\/euapp01.newsmemory.com\/lamarseillaise\/news\/wp-json\/wp\/v2\/tags?post=40080"},{"taxonomy":"news-destination","embeddable":true,"href":"https:\/\/euapp01.newsmemory.com\/lamarseillaise\/news\/wp-json\/wp\/v2\/news-destination?post=40080"},{"taxonomy":"news-source","embeddable":true,"href":"https:\/\/euapp01.newsmemory.com\/lamarseillaise\/news\/wp-json\/wp\/v2\/news-source?post=40080"},{"taxonomy":"is_homepage","embeddable":true,"href":"https:\/\/euapp01.newsmemory.com\/lamarseillaise\/news\/wp-json\/wp\/v2\/is_homepage?post=40080"},{"taxonomy":"ta_other","embeddable":true,"href":"https:\/\/euapp01.newsmemory.com\/lamarseillaise\/news\/wp-json\/wp\/v2\/ta_other?post=40080"}],"curies":[{"name":"wp","href":"https:\/\/api.w.org\/{rel}","templated":true}]}}