{"id":40077,"date":"2026-08-24T06:56:00","date_gmt":"2026-08-24T04:56:00","guid":{"rendered":"https:\/\/euapp01.newsmemory.com\/lamarseillaise\/news\/?p=40077"},"modified":"2026-08-28T07:39:43","modified_gmt":"2026-08-28T05:39:43","slug":"le-comite-de-vigilance-de-martigues-inquiet-de-lavenir-du-service-postal","status":"publish","type":"post","link":"https:\/\/euapp01.newsmemory.com\/lamarseillaise\/news\/2026\/08\/24\/le-comite-de-vigilance-de-martigues-inquiet-de-lavenir-du-service-postal\/","title":{"rendered":"Le comit\u00e9 de vigilance de Martigues inquiet de l\u2019avenir du service postal"},"content":{"rendered":"<div class=\"paragraph\">\n<p>Les rideaux m\u00e9talliques du bureau de poste de Ferri\u00e8res sont baiss\u00e9s vendredi 21 ao\u00fbt. L\u2019antenne n\u2019accueille aucun usager depuis le d\u00e9but du mois, en raison de la pause estivale. C\u2019est ce qu\u2019explique l\u2019affiche placard\u00e9e sur la porte, qui indique n\u00e9anmoins que l\u2019espace pro reste ouvert de 8h30 \u00e0 17h en semaine, ainsi que le samedi de 8h30 \u00e0 midi.<\/p>\n<p>En juin, le porte-parole du comit\u00e9 de vigilance postale de Martigues Francis Fournier s\u2019aga\u00e7ait\u00a0: \u00ab\u00a0<i>Encore une fois, ce sont les zones populaires qui vont subir la d\u00e9gradation du service postal<\/i><i>\u00a0<\/i>\u00bb. Le bureau de poste de Ferri\u00e8res dessert 10 000 usagers, pour la plupart issus de quartiers prioritaires de la ville : Notre-Dame des Marins, Canto-Perdrix ou Paradis Saint-Roch&#8230;<\/p>\n<p>Pour l\u2019ancien postier, cette fermeture, bien que temporaire (l\u2019antenne est rouverte ce lundi), est un \u00e9chec. \u00ab\u00a0<i>C\u2019est un mauvais signal<\/i><i>\u00a0<\/i>\u00bb, d\u00e9plore-t-il. Si l\u2019an dernier le collectif avait r\u00e9ussi a obtenir le maintien de l\u2019antenne, menac\u00e9e en raison d\u2019une \u00ab <i>baisse de fr\u00e9quentation de 48% depuis 2019<\/i><i>\u00a0<\/i>\u00bb, cette fois la mobilisation a eu plus de mal \u00e0 prendre du c\u00f4t\u00e9 des habitants.<\/p>\n<\/p><\/div>\n<div class=\"intext\"> Du changement<br \/>\n               <br \/>en septembre\u00a0?\n              <\/div>\n<div class=\"paragraph\">\n<p>En interne aussi, le combat est compliqu\u00e9. \u00ab\u00a0<i>\u00c0 partir du moment o\u00f9 tu n\u2019embauches plus des fonctionnaires, plus de CDI, que des CDD et des sa<\/i><i>isonniers, tu peux pas avoir des travailleurs et des travailleuses impliqu\u00e9s, <\/i>d\u00e9nonce Francis Fournier.<i> Et puis la direction ne donne aucune informations aux organisations syndicales&#8230;<\/i><i>\u00a0<\/i>\u00bb<\/p>\n<p>\u00ab\u00a0<i>La Poste va continuer \u00e0 fermer<\/i><i>\u00a0<\/i>\u00bb, pr\u00e9vient le porte-parole du comit\u00e9 de vigilance postale. \u00ab\u00a0<i>Il y a quand m\u00eame \u00e9pisodiquement des fermetures sur Croix-Sainte, Jonqui\u00e8res a ferm\u00e9 tout l\u2019\u00e9t\u00e9 de midi \u00e0 14h, la Couronne n\u2019est pas accessible le lundi&#8230; Dans le reste de la C\u00f4te Bleue, les bureaux de Carry-le-Rouet et de Sausset-les-Pins sont ferm\u00e9s un samedi sur deux, les autres ferment en tournant, la direction d\u00e9place le personnel parce qu\u2019elle n\u2019embauche plus et que les arr\u00eats maladies pleuvent. Il y a une p\u00e9nurie pas possible, le service publique se d\u00e9lite de l\u2019int\u00e9rieur<\/i><i>\u00a0<\/i>\u00bb.<\/p>\n<p>Selon les informations du collectif, \u00e0 partir de septembre, le bureau de Saint-Mitre-les-Remparts fermerait les apr\u00e8s-midi, et celui de Croix-Sainte les mercredis. Contact\u00e9e, La Poste n\u2019a pas r\u00e9pondu \u00e0 cette question.<\/p>\n<p>Une bonne nouvelle n\u00e9anmoins\u00a0: \u00ab\u00a0<i>Paul Sabatino, maire communiste du Rove si\u00e8ge d\u00e9sormais \u00e0 la Commission d\u00e9partementale de pr\u00e9sence postale territoriale<\/i><i>, <\/i>r\u00e9v\u00e8le Francis Fournier<i>. On va travailler avec lui, je sais qu\u2019il va monter au cr\u00e9neau<\/i><i>\u00a0<\/i>\u00bb.<\/p>\n<\/p><\/div>\n","protected":false},"excerpt":{"rendered":"Les rideaux m&eacute;talliques du bureau de poste de Ferri&egrave;res sont baiss&eacute;s vendredi 21 ao&ucirc;t. L&rsquo;antenne n&rsquo;accueille aucun usager depuis le d&eacute;but du mois, en raison de la pause estivale. C&rsquo;est ce &#8230;","protected":false},"author":1,"featured_media":40078,"comment_status":"open","ping_status":"open","sticky":false,"template":"","format":"standard","meta":{"footnotes":""},"categories":[3926,3925,331,20],"tags":[10,3741,105,187,210,63,134,623,2971,2226,3718,2290,2396,2087],"news-destination":[3944],"news-source":[475],"is_homepage":[],"ta_other":[],"class_list":["post-40077","post","type-post","status-publish","format-standard","has-post-thumbnail","hentry","category-accueil-merge","category-accueil-third","category-social","category-societe","tag-bouches-du-rhone","tag-bureau-de-poste","tag-fermeture","tag-frequentation","tag-la-poste","tag-martigues","tag-mobilisation","tag-parti-communiste","tag-paul-sabatino","tag-postal","tag-postier","tag-quartiers-populaires","tag-usagers","tag-vigilance","news-destination-homepage","news-source-website"],"_links":{"self":[{"href":"https:\/\/euapp01.newsmemory.com\/lamarseillaise\/news\/wp-json\/wp\/v2\/posts\/40077","targetHints":{"allow":["GET"]}}],"collection":[{"href":"https:\/\/euapp01.newsmemory.com\/lamarseillaise\/news\/wp-json\/wp\/v2\/posts"}],"about":[{"href":"https:\/\/euapp01.newsmemory.com\/lamarseillaise\/news\/wp-json\/wp\/v2\/types\/post"}],"author":[{"embeddable":true,"href":"https:\/\/euapp01.newsmemory.com\/lamarseillaise\/news\/wp-json\/wp\/v2\/users\/1"}],"replies":[{"embeddable":true,"href":"https:\/\/euapp01.newsmemory.com\/lamarseillaise\/news\/wp-json\/wp\/v2\/comments?post=40077"}],"version-history":[{"count":1,"href":"https:\/\/euapp01.newsmemory.com\/lamarseillaise\/news\/wp-json\/wp\/v2\/posts\/40077\/revisions"}],"predecessor-version":[{"id":40079,"href":"https:\/\/euapp01.newsmemory.com\/lamarseillaise\/news\/wp-json\/wp\/v2\/posts\/40077\/revisions\/40079"}],"wp:featuredmedia":[{"embeddable":true,"href":"https:\/\/euapp01.newsmemory.com\/lamarseillaise\/news\/wp-json\/wp\/v2\/media\/40078"}],"wp:attachment":[{"href":"https:\/\/euapp01.newsmemory.com\/lamarseillaise\/news\/wp-json\/wp\/v2\/media?parent=40077"}],"wp:term":[{"taxonomy":"category","embeddable":true,"href":"https:\/\/euapp01.newsmemory.com\/lamarseillaise\/news\/wp-json\/wp\/v2\/categories?post=40077"},{"taxonomy":"post_tag","embeddable":true,"href":"https:\/\/euapp01.newsmemory.com\/lamarseillaise\/news\/wp-json\/wp\/v2\/tags?post=40077"},{"taxonomy":"news-destination","embeddable":true,"href":"https:\/\/euapp01.newsmemory.com\/lamarseillaise\/news\/wp-json\/wp\/v2\/news-destination?post=40077"},{"taxonomy":"news-source","embeddable":true,"href":"https:\/\/euapp01.newsmemory.com\/lamarseillaise\/news\/wp-json\/wp\/v2\/news-source?post=40077"},{"taxonomy":"is_homepage","embeddable":true,"href":"https:\/\/euapp01.newsmemory.com\/lamarseillaise\/news\/wp-json\/wp\/v2\/is_homepage?post=40077"},{"taxonomy":"ta_other","embeddable":true,"href":"https:\/\/euapp01.newsmemory.com\/lamarseillaise\/news\/wp-json\/wp\/v2\/ta_other?post=40077"}],"curies":[{"name":"wp","href":"https:\/\/api.w.org\/{rel}","templated":true}]}}