{"id":40074,"date":"2026-08-24T06:58:00","date_gmt":"2026-08-24T04:58:00","guid":{"rendered":"https:\/\/euapp01.newsmemory.com\/lamarseillaise\/news\/?p=40074"},"modified":"2026-08-28T08:06:06","modified_gmt":"2026-08-28T06:06:06","slug":"a-marseille-des-manifestants-reclament-le-dejumelage-avec-la-ville-dhaifa","status":"publish","type":"post","link":"https:\/\/euapp01.newsmemory.com\/lamarseillaise\/news\/2026\/08\/24\/a-marseille-des-manifestants-reclament-le-dejumelage-avec-la-ville-dhaifa\/","title":{"rendered":"\u00c0 Marseille, des manifestants r\u00e9clament le d\u00e9jumelage avec la ville d\u2019Ha\u00effa"},"content":{"rendered":"<div class=\"paragraph\">\n<p>\u00ab <i>O<\/i><i>n ne s\u2019arr\u00eatera pas, on n\u2019a pas le droit de baisser les bras<\/i><i>\u00a0<\/i>\u00bb, souffle Catherine, de l\u2019Union juive Fran\u00e7aise pour la paix (UJFP). Au-dessus d\u2019elle flotte une banderole sur laquelle est \u00e9crit en lettres rouges \u00ab\u00a0arr\u00eatez le g\u00e9nocide et les coupables\u00a0\u00bb. L\u2019organisation qui se d\u00e9finit comme \u00ab\u00a0juive la\u00efque, universaliste et antisioniste\u00a0\u00bb est pr\u00e9sente \u00e0 chacune des manifestations organis\u00e9es par le collectif l\u2019Union pour la Palestine Marseille (UPM), dont elle est membre.<\/p>\n<p>Ainsi, chaque week-end depuis l\u2019attaque du 7 octobre 2023 et le d\u00e9but de l\u2019offensive isra\u00e9lienne sur la bande de Gaza, ces militants d\u00e9filent dans le centre-ville de Marseille, sensibilisant la population sur le massacre du peuple palestinien. Ce samedi en fin d\u2019apr\u00e8s-midi, ils sont une cinquantaine \u00e0 d\u00e9ambuler au d\u00e9part de porte d\u2019Aix.<\/p>\n<p>Micro en main Youn\u00e8s de l\u2019UPM cible, dans son discours, le ministre fran\u00e7ais des Affaires \u00e9trang\u00e8res, Jean-No\u00ebl Barrot\u00a0: \u00ab\u00a0<i>Pourquoi ces 5<\/i><i>\u00a0<\/i><i>500 fran\u00e7ais engag\u00e9s au sein de l\u2019arm\u00e9e g\u00e9nocidaire ne sont-ils pas jug\u00e9s ?<\/i><i>\u00a0<\/i>\u00bb, interroge-t-il. Le nombre de ressortissants fran\u00e7ais qui combattent au sein de Tsahal est estim\u00e9 entre 4\u00a0185 et 6 464 soldats. Des organisations telles que la F\u00e9d\u00e9ration internationale pour les droits humains (FIDH), ont demand\u00e9 l\u2019ouverture d\u2019informations judiciaires contre certains d\u2019entre eux, rest\u00e9es lettres mortes \u00e0 ce jour.<\/p>\n<p>\u00ab\u00a0<i>Ne nous regardez pas, rejoignez-nous<\/i><i>\u00a0<\/i>\u00bb, ont ensuite scand\u00e9 les manifestants sur le cours Belsunce. Un appel qui a trouv\u00e9 son \u00e9cho \u00e0 quelques m\u00e8tres de l\u00e0, aux pieds de la Canebi\u00e8re, o\u00f9 quelques passants se joignent \u00e0 la protestation. Ils crient \u00ab\u00a0<i>de Marseille \u00e0 Gaza, r\u00e9sistance, r\u00e9sistance<\/i><i>\u00a0<\/i>\u00bb. Arriv\u00e9s sur le Vieux-Port des affiches \u00ab\u00a0<i>Stop au jumelage Marseille Ha\u00effa<\/i>\u00a0\u00bb sont distribu\u00e9es.<\/p>\n<p>\u00ab\u00a0<i>\u00c0 Ha\u00effa ville jumelle de Marseille depuis 1958, les citoyens palestiniens d\u2019Isra\u00ebl vivent sous un r\u00e9gime d\u2019appartheid<\/i><i>\u00a0<\/i>\u00bb, clame Sabrina. Puis, le maire DVG de Marseille, Beno\u00eet Payan, est point\u00e9 du doigt pour avoir annonc\u00e9 le jour de la reconnaissance par la France de l\u2019Etat de Palestine, le jumelage avec la ville de Bethl\u00e9em, en Cisjordanie, \u00ab\u00a0<i>mais depuis, rien. Aucune d\u00e9lib\u00e9ration act\u00e9e, aucune mise e<\/i><i>n \u0153uvre. Ce jumelage n\u2019existe que dans un communiqu\u00e9 de presse<\/i><i>\u00a0<\/i>\u00bb, pousse-t-elle.<\/p>\n<\/p><\/div>\n","protected":false},"excerpt":{"rendered":"&laquo; On ne s&rsquo;arr&ecirc;tera pas, on n&rsquo;a pas le droit de baisser les bras&nbsp;&raquo;, souffle Catherine, de l&rsquo;Union juive Fran&ccedil;aise pour la paix (UJFP). Au-dessus d&rsquo;elle flotte une banderole sur laquelle est &#8230;","protected":false},"author":1,"featured_media":40075,"comment_status":"open","ping_status":"open","sticky":false,"template":"","format":"standard","meta":{"footnotes":""},"categories":[3926,3925,337,20],"tags":[69,774,10,1656,608,741,847,16,75,1085],"news-destination":[3944],"news-source":[475],"is_homepage":[],"ta_other":[],"class_list":["post-40074","post","type-post","status-publish","format-standard","has-post-thumbnail","hentry","category-accueil-merge","category-accueil-third","category-international","category-societe","tag-7-octobre","tag-benoit-payan","tag-bouches-du-rhone","tag-droits-humains","tag-israel","tag-jumelage","tag-manifestations","tag-marseille","tag-palestine","tag-sensibilisation","news-destination-homepage","news-source-website"],"_links":{"self":[{"href":"https:\/\/euapp01.newsmemory.com\/lamarseillaise\/news\/wp-json\/wp\/v2\/posts\/40074","targetHints":{"allow":["GET"]}}],"collection":[{"href":"https:\/\/euapp01.newsmemory.com\/lamarseillaise\/news\/wp-json\/wp\/v2\/posts"}],"about":[{"href":"https:\/\/euapp01.newsmemory.com\/lamarseillaise\/news\/wp-json\/wp\/v2\/types\/post"}],"author":[{"embeddable":true,"href":"https:\/\/euapp01.newsmemory.com\/lamarseillaise\/news\/wp-json\/wp\/v2\/users\/1"}],"replies":[{"embeddable":true,"href":"https:\/\/euapp01.newsmemory.com\/lamarseillaise\/news\/wp-json\/wp\/v2\/comments?post=40074"}],"version-history":[{"count":1,"href":"https:\/\/euapp01.newsmemory.com\/lamarseillaise\/news\/wp-json\/wp\/v2\/posts\/40074\/revisions"}],"predecessor-version":[{"id":40076,"href":"https:\/\/euapp01.newsmemory.com\/lamarseillaise\/news\/wp-json\/wp\/v2\/posts\/40074\/revisions\/40076"}],"wp:featuredmedia":[{"embeddable":true,"href":"https:\/\/euapp01.newsmemory.com\/lamarseillaise\/news\/wp-json\/wp\/v2\/media\/40075"}],"wp:attachment":[{"href":"https:\/\/euapp01.newsmemory.com\/lamarseillaise\/news\/wp-json\/wp\/v2\/media?parent=40074"}],"wp:term":[{"taxonomy":"category","embeddable":true,"href":"https:\/\/euapp01.newsmemory.com\/lamarseillaise\/news\/wp-json\/wp\/v2\/categories?post=40074"},{"taxonomy":"post_tag","embeddable":true,"href":"https:\/\/euapp01.newsmemory.com\/lamarseillaise\/news\/wp-json\/wp\/v2\/tags?post=40074"},{"taxonomy":"news-destination","embeddable":true,"href":"https:\/\/euapp01.newsmemory.com\/lamarseillaise\/news\/wp-json\/wp\/v2\/news-destination?post=40074"},{"taxonomy":"news-source","embeddable":true,"href":"https:\/\/euapp01.newsmemory.com\/lamarseillaise\/news\/wp-json\/wp\/v2\/news-source?post=40074"},{"taxonomy":"is_homepage","embeddable":true,"href":"https:\/\/euapp01.newsmemory.com\/lamarseillaise\/news\/wp-json\/wp\/v2\/is_homepage?post=40074"},{"taxonomy":"ta_other","embeddable":true,"href":"https:\/\/euapp01.newsmemory.com\/lamarseillaise\/news\/wp-json\/wp\/v2\/ta_other?post=40074"}],"curies":[{"name":"wp","href":"https:\/\/api.w.org\/{rel}","templated":true}]}}