{"id":40071,"date":"2026-08-24T06:51:00","date_gmt":"2026-08-24T04:51:00","guid":{"rendered":"https:\/\/euapp01.newsmemory.com\/lamarseillaise\/news\/?p=40071"},"modified":"2026-08-28T07:27:44","modified_gmt":"2026-08-28T05:27:44","slug":"alerte-au-risque-industriel-sur-le-site-fibre-excellence","status":"publish","type":"post","link":"https:\/\/euapp01.newsmemory.com\/lamarseillaise\/news\/2026\/08\/24\/alerte-au-risque-industriel-sur-le-site-fibre-excellence\/","title":{"rendered":"Alerte au risque industriel sur le site Fibre Excellence"},"content":{"rendered":"<div class=\"paragraph\">\n<p>\u00ab <i>O<\/i><i>n<\/i> rel\u00e8ve de la mise en danger<i>\u00a0<\/i><i>! Si des produits chimiques se d\u00e9versent dans le Rh\u00f4ne, \u00e7a va \u00eatre une catastrophe environnementale.<\/i>\u00a0\u00bb Les mots de Jean-Michel Bulinge, d\u00e9l\u00e9gu\u00e9 syndical CGT de l\u2019usine de p\u00e2te \u00e0 papier tarasconnaise Fibre Excellence sont forts mais l\u2019inqui\u00e9tude est bien r\u00e9elle. Si le site a \u00e9t\u00e9 liquid\u00e9 judiciairement \u00e0 la fin juillet, les installations class\u00e9es Seveso tr\u00f4nent toujours au-dessus du Rh\u00f4ne et ce sont les salari\u00e9s qui assurent surveillance et s\u00e9curit\u00e9 de leur ex-outil de travail. Mais plus pour longtemps\u00a0: \u00ab<i>\u00a0<\/i><i>Une soci\u00e9t\u00e9 sp\u00e9cialis\u00e9e dans le traitement des d\u00e9chets industriels doit arriver sur le site ce mercredi et les salari\u00e9s doivent d\u00e9finitivement le quitter, vendredi<\/i><i>\u00a0<\/i>\u00bb. Sur le papier, la nouvelle pourrait para\u00eetre rassurante, mais c\u2019est tout le contraire pour ceux qui officiaient sur le site. \u00ab<i>\u00a0<\/i><i>En trois jours, comment va-t-elle faire pour maintenir l\u2019\u00e9tat des installations, garantir la s\u00e9curit\u00e9 du site et \u00e9viter des fuites de produits chimiques<\/i><i>\u00a0<\/i><i>?<\/i><i>\u00a0<\/i>\u00bb, questionne le d\u00e9l\u00e9gu\u00e9 syndical. Il prend un exemple concret de danger potentiel\u00a0: \u00ab\u00a0<i>On a une station de puisage d\u2019eau dans le Rh\u00f4ne, notre station d\u2019\u00e9puration en recrache dans le Rh\u00f4ne apr\u00e8s traitement&#8230; S\u2019il n\u2019y a pas une surveillance de tous les instants, il y a un risque que des produits chimiques passent<\/i><i>\u00a0<\/i>\u00bb. Avec des effets qui pourraient \u00eatre d\u00e9vastateurs sur la faune et la flore environnante.<\/p>\n<\/p><\/div>\n<div class=\"intext\"> 6 000\u00a0m3 de produits chimiques sur l\u2019usine\n              <\/div>\n<div class=\"paragraph\">\n<p>L\u2019alerte est telle qu\u2019elle est reprise par la CGT \u00e0 un niveau conf\u00e9d\u00e9ral. La centrale syndicale de Montreuil tire aussi \u00ab\u00a0la sonnette d\u2019alarme\u00a0\u00bb dans une communication pour le moins inqui\u00e9tante : \u00ab<i> G\u00e9rer des d\u00e9chets ne signifie pas savoir conduire et s\u00e9curiser une papeterie de plusieurs dizaines d\u2019hectares<\/i>\u00a0\u00bb. Avant de d\u00e9velopper\u00a0: \u00ab\u00a0<i>Protection incendie, installations \u00e9lectriques, \u00e9quipements contenant de l\u2019amiante, milliers de m\u00e8tres cubes de produits chimiques<\/i><i>\u00a0<\/i><i>: la s\u00e9curit\u00e9 industrielle ne s\u2019improvise pas et ne peut pas \u00eatre transf\u00e9r\u00e9e en quarante-huit<\/i><i>\u00a0<\/i><i>heures<\/i><i>\u00a0<\/i><i>!<\/i><i>\u00a0<\/i>\u00bb.<\/p>\n<p>Sur le terrain, Jean-Michel Bulinge confirme : \u00ab\u00a0<i>Il y a des postes de conduite qui n\u00e9cessitent un an d\u2019exp\u00e9rience pour savoir exercer correctement. Mais l\u00e0, \u00e0 moins d\u2019une semaine du d\u00e9part du site, rien n\u2019est cal\u00e9 ni calcul\u00e9 ! <\/i>\u00bb. Le syndicaliste s\u2019appuie aussi sur la mani\u00e8re dont la transition post-liquidation s\u2019est r\u00e9alis\u00e9e comme source d\u2019inqui\u00e9tude pour l\u2019avenir\u00a0: \u00ab\u00a0<i>Lors de la liquidation, on nous assurait que les salari\u00e9s quitteraient le site le jour m\u00eame, mais finalement ils nous ont demand\u00e9 de prendre les postes de travail pour assurer la s\u00e9curit\u00e9 des installations ! <\/i>\u00bb. Concr\u00e8tement, il n\u2019y aurait aucun contact entre le syndicat, pourtant cheville ouvri\u00e8re de la s\u00e9curit\u00e9 sur le site, et ladite soci\u00e9t\u00e9 de gestion de d\u00e9chets. \u00ab\u00a0<i>Il n\u2019y en a pas non plus avec la direction<\/i>\u00a0\u00bb, assure Jean-Michel Bulinge.<\/p>\n<p>Une situation lunaire lorsqu\u2019on sait que 6 000m3 de produits chimiques divers et vari\u00e9s sont toujours sur l\u2019usine, de m\u00eame que la bagatelle de 17\u00a0000\u00a0tonnes de bois. \u00ab<i>\u00a0<\/i><i>Si demain les salari\u00e9s n\u2019assurent pas le pompage de l\u2019eau, il n\u2019y aura tout simplement plus d\u2019eau sur site. Avec tout ce que \u00e7a implique pour une intervention des pompiers par exemple<\/i>\u00a0\u00bb, prend pour autre exemple le syndicaliste. D\u2019o\u00f9 l\u2019appel de la CGT \u00e0 une r\u00e9action des pouvoirs publics : \u00ab <i>Le m<\/i><i>andataire judiciaire et la Pr\u00e9fecture doivent prendre conscience de la situation<\/i>\u00a0\u00bb.<\/p>\n<p>Et surtout \u00e0 ce qu\u2019un chemin pour donner un avenir industriel \u00e0 l\u2019usine soit trouv\u00e9 alors que les offres de reprise pour son usine s\u0153ur de Saint-Gaudens, rescap\u00e9e de la liquidation, doivent \u00eatre d\u00e9pos\u00e9es devant le tribunal de commerce de Toulouse, ce lundi.<\/p>\n<\/p><\/div>\n","protected":false},"excerpt":{"rendered":"&laquo; On rel&egrave;ve de la mise en danger&nbsp;! Si des produits chimiques se d&eacute;versent dans le Rh&ocirc;ne, &ccedil;a va &ecirc;tre une catastrophe environnementale.&nbsp;&raquo; Les mots de Jean-Michel Bulinge, &#8230;","protected":false},"author":1,"featured_media":40072,"comment_status":"open","ping_status":"open","sticky":false,"template":"","format":"standard","meta":{"footnotes":""},"categories":[3926,3925,333,331],"tags":[10,6188,113,1421,4279,816,319,488,2434,2993,4281,537,111,88,1740],"news-destination":[3944],"news-source":[475],"is_homepage":[],"ta_other":[],"class_list":["post-40071","post","type-post","status-publish","format-standard","has-post-thumbnail","hentry","category-accueil-merge","category-accueil-third","category-environnement","category-social","tag-bouches-du-rhone","tag-catastrophe","tag-cgt","tag-depollution","tag-fibre-excellence","tag-gestion-des-dechets","tag-incendie","tag-industriels","tag-installations","tag-liquidation","tag-pate-a-papier","tag-protection","tag-securite","tag-surveillance","tag-tarascon","news-destination-homepage","news-source-website"],"_links":{"self":[{"href":"https:\/\/euapp01.newsmemory.com\/lamarseillaise\/news\/wp-json\/wp\/v2\/posts\/40071","targetHints":{"allow":["GET"]}}],"collection":[{"href":"https:\/\/euapp01.newsmemory.com\/lamarseillaise\/news\/wp-json\/wp\/v2\/posts"}],"about":[{"href":"https:\/\/euapp01.newsmemory.com\/lamarseillaise\/news\/wp-json\/wp\/v2\/types\/post"}],"author":[{"embeddable":true,"href":"https:\/\/euapp01.newsmemory.com\/lamarseillaise\/news\/wp-json\/wp\/v2\/users\/1"}],"replies":[{"embeddable":true,"href":"https:\/\/euapp01.newsmemory.com\/lamarseillaise\/news\/wp-json\/wp\/v2\/comments?post=40071"}],"version-history":[{"count":1,"href":"https:\/\/euapp01.newsmemory.com\/lamarseillaise\/news\/wp-json\/wp\/v2\/posts\/40071\/revisions"}],"predecessor-version":[{"id":40073,"href":"https:\/\/euapp01.newsmemory.com\/lamarseillaise\/news\/wp-json\/wp\/v2\/posts\/40071\/revisions\/40073"}],"wp:featuredmedia":[{"embeddable":true,"href":"https:\/\/euapp01.newsmemory.com\/lamarseillaise\/news\/wp-json\/wp\/v2\/media\/40072"}],"wp:attachment":[{"href":"https:\/\/euapp01.newsmemory.com\/lamarseillaise\/news\/wp-json\/wp\/v2\/media?parent=40071"}],"wp:term":[{"taxonomy":"category","embeddable":true,"href":"https:\/\/euapp01.newsmemory.com\/lamarseillaise\/news\/wp-json\/wp\/v2\/categories?post=40071"},{"taxonomy":"post_tag","embeddable":true,"href":"https:\/\/euapp01.newsmemory.com\/lamarseillaise\/news\/wp-json\/wp\/v2\/tags?post=40071"},{"taxonomy":"news-destination","embeddable":true,"href":"https:\/\/euapp01.newsmemory.com\/lamarseillaise\/news\/wp-json\/wp\/v2\/news-destination?post=40071"},{"taxonomy":"news-source","embeddable":true,"href":"https:\/\/euapp01.newsmemory.com\/lamarseillaise\/news\/wp-json\/wp\/v2\/news-source?post=40071"},{"taxonomy":"is_homepage","embeddable":true,"href":"https:\/\/euapp01.newsmemory.com\/lamarseillaise\/news\/wp-json\/wp\/v2\/is_homepage?post=40071"},{"taxonomy":"ta_other","embeddable":true,"href":"https:\/\/euapp01.newsmemory.com\/lamarseillaise\/news\/wp-json\/wp\/v2\/ta_other?post=40071"}],"curies":[{"name":"wp","href":"https:\/\/api.w.org\/{rel}","templated":true}]}}