{"id":40068,"date":"2026-08-24T06:28:00","date_gmt":"2026-08-24T04:28:00","guid":{"rendered":"https:\/\/euapp01.newsmemory.com\/lamarseillaise\/news\/?p=40068"},"modified":"2026-08-24T10:03:42","modified_gmt":"2026-08-24T08:03:42","slug":"la-bataille-du-budget-se-profile","status":"publish","type":"post","link":"https:\/\/euapp01.newsmemory.com\/lamarseillaise\/news\/2026\/08\/24\/la-bataille-du-budget-se-profile\/","title":{"rendered":"La bataille du budget se profile"},"content":{"rendered":"<div class=\"paragraph\"> <\/div>\n<div class=\"paragraph\">\n<p>Un pas en avant, trois pas en arri\u00e8re&#8230; c\u2019est la politique du gouvernement. L\u2019adage maintes fois entendu dans les manifestations sied particuli\u00e8rement bien \u00e0 la p\u00e9riode.<\/p>\n<p>\u00c0 l\u2019approche de la rentr\u00e9e, l\u2019ex\u00e9cutif multiplie les ballons d\u2019essai pour tester l\u2019opinion en vue de la pr\u00e9paration du budget de l\u2019\u00c9tat. Le dernier de l\u2019\u00e8re Macron qui, en dix ans, aura vu s\u2019accro\u00eetre consid\u00e9rablement les in\u00e9galit\u00e9s dans notre pays. Minoritaire \u00e0 l\u2019Assembl\u00e9e nationale, ce gouvernement semble d\u00e9termin\u00e9 jusqu\u2019au bout \u00e0 mettre en \u0153uvre une politique lib\u00e9rale et d\u2019aust\u00e9rit\u00e9 pourtant d\u00e9sapprouv\u00e9e \u00e0 plusieurs reprises par les Fran\u00e7ais.<\/p>\n<p><b>Tactique<\/b><\/p>\n<p>Des rapports fuitent opportun\u00e9ment pour pr\u00e9parer les esprits \u00e0 des \u00e9conomies sur les APL, des taxes sur les retrait\u00e9s, une augmentation des franchises m\u00e9dicales tandis que le Premier ministre assure que rien n\u2019est d\u00e9cid\u00e9.<\/p>\n<p>Sans doute esp\u00e8re-t-il \u00e9viter l\u2019effet \u00ab\u00a0mus\u00e9e des horreurs\u00a0\u00bb qu\u2019avait imprim\u00e9 dans l\u2019opinion la pr\u00e9sentation du projet de budget de son pr\u00e9d\u00e9cesseur Fran\u00e7ois Bayrou et qui avait entra\u00een\u00e9 son d\u00e9part de Matignon.<\/p>\n<p>Pour autant de nombreuses mobilisations sociales sont d\u2019ores et d\u00e9j\u00e0 programm\u00e9es pour septembre et l\u2019approche de la pr\u00e9sidentielle ne devrait pas contribuer \u00e0 l\u2019apaisement des \u00e9changes dans le d\u00e9bat parlementaire.<\/p>\n<p>Plut\u00f4t que de chercher la meilleure tactique pour infliger de nouvelles coupes budg\u00e9taires, S\u00e9bastien Lecornu serait bien inspir\u00e9 d\u2019accepter le d\u00e9bat sur les recettes. Les 500 plus grandes fortunes de France cumulent 1\u00a0200\u00a0milliards d\u2019euros de patrimoine quand les d\u00e9penses de l\u2019\u00c9tat se situent \u00e0 environ 455\u00a0milliards en 2025.<\/p>\n<\/p><\/div>\n","protected":false},"excerpt":{"rendered":"Un pas en avant, trois pas en arri&egrave;re&#8230; c&rsquo;est la politique du gouvernement. L&rsquo;adage maintes fois entendu dans les manifestations sied particuli&egrave;rement bien &agrave; la p&eacute;riode.&Agrave; l&rsquo;approche de la &#8230;","protected":false},"author":1,"featured_media":40069,"comment_status":"open","ping_status":"open","sticky":false,"template":"","format":"standard","meta":{"footnotes":""},"categories":[332],"tags":[874,430,822,1372,575,572,558,528,561,833,194],"news-destination":[],"news-source":[475],"is_homepage":[],"ta_other":[],"class_list":["post-40068","post","type-post","status-publish","format-standard","has-post-thumbnail","hentry","category-edito","tag-austerite","tag-budget","tag-coupes-budgetaires","tag-editoriaux","tag-emmanuel-macron","tag-france","tag-francois-bayrou","tag-gouvernement","tag-mobilisations","tag-sebastien-lecornu","tag-social","news-source-website"],"_links":{"self":[{"href":"https:\/\/euapp01.newsmemory.com\/lamarseillaise\/news\/wp-json\/wp\/v2\/posts\/40068","targetHints":{"allow":["GET"]}}],"collection":[{"href":"https:\/\/euapp01.newsmemory.com\/lamarseillaise\/news\/wp-json\/wp\/v2\/posts"}],"about":[{"href":"https:\/\/euapp01.newsmemory.com\/lamarseillaise\/news\/wp-json\/wp\/v2\/types\/post"}],"author":[{"embeddable":true,"href":"https:\/\/euapp01.newsmemory.com\/lamarseillaise\/news\/wp-json\/wp\/v2\/users\/1"}],"replies":[{"embeddable":true,"href":"https:\/\/euapp01.newsmemory.com\/lamarseillaise\/news\/wp-json\/wp\/v2\/comments?post=40068"}],"version-history":[{"count":1,"href":"https:\/\/euapp01.newsmemory.com\/lamarseillaise\/news\/wp-json\/wp\/v2\/posts\/40068\/revisions"}],"predecessor-version":[{"id":40070,"href":"https:\/\/euapp01.newsmemory.com\/lamarseillaise\/news\/wp-json\/wp\/v2\/posts\/40068\/revisions\/40070"}],"wp:featuredmedia":[{"embeddable":true,"href":"https:\/\/euapp01.newsmemory.com\/lamarseillaise\/news\/wp-json\/wp\/v2\/media\/40069"}],"wp:attachment":[{"href":"https:\/\/euapp01.newsmemory.com\/lamarseillaise\/news\/wp-json\/wp\/v2\/media?parent=40068"}],"wp:term":[{"taxonomy":"category","embeddable":true,"href":"https:\/\/euapp01.newsmemory.com\/lamarseillaise\/news\/wp-json\/wp\/v2\/categories?post=40068"},{"taxonomy":"post_tag","embeddable":true,"href":"https:\/\/euapp01.newsmemory.com\/lamarseillaise\/news\/wp-json\/wp\/v2\/tags?post=40068"},{"taxonomy":"news-destination","embeddable":true,"href":"https:\/\/euapp01.newsmemory.com\/lamarseillaise\/news\/wp-json\/wp\/v2\/news-destination?post=40068"},{"taxonomy":"news-source","embeddable":true,"href":"https:\/\/euapp01.newsmemory.com\/lamarseillaise\/news\/wp-json\/wp\/v2\/news-source?post=40068"},{"taxonomy":"is_homepage","embeddable":true,"href":"https:\/\/euapp01.newsmemory.com\/lamarseillaise\/news\/wp-json\/wp\/v2\/is_homepage?post=40068"},{"taxonomy":"ta_other","embeddable":true,"href":"https:\/\/euapp01.newsmemory.com\/lamarseillaise\/news\/wp-json\/wp\/v2\/ta_other?post=40068"}],"curies":[{"name":"wp","href":"https:\/\/api.w.org\/{rel}","templated":true}]}}