{"id":40065,"date":"2026-08-24T06:38:00","date_gmt":"2026-08-24T04:38:00","guid":{"rendered":"https:\/\/euapp01.newsmemory.com\/lamarseillaise\/news\/?p=40065"},"modified":"2026-08-28T07:27:44","modified_gmt":"2026-08-28T05:27:44","slug":"les-apl-dans-le-viseur-du-gouvernement","status":"publish","type":"post","link":"https:\/\/euapp01.newsmemory.com\/lamarseillaise\/news\/2026\/08\/24\/les-apl-dans-le-viseur-du-gouvernement\/","title":{"rendered":"Les APL dans le viseur du gouvernement"},"content":{"rendered":"<div class=\"paragraph\">\n<p>Un rapport rendu public, une pol\u00e9mique qui enfle et un d\u00e9menti. En arri\u00e8re-plan, un budget en pr\u00e9paration, plus aust\u00e9ritaire que jamais, et une campagne pour l\u2019\u00e9lection supr\u00eame.<\/p>\n<p>Afin de pr\u00e9parer son ultime projet de loi de financement de la S\u00e9curit\u00e9 sociale (PLFSS), la macronie est pr\u00eate \u00e0 tout pour des \u00e9conomies. Loin de s\u2019attaquer aux plus riches, elle vise, comme \u00e0 l\u2019accoutum\u00e9e, les plus pr\u00e9caires. Ici, les \u00e9tudiants. Command\u00e9 par le Premier ministre, l\u2019Inspection g\u00e9n\u00e9rale des finances (IGF) et l\u2019Inspection g\u00e9n\u00e9rale des affaires sociales (Igas) remettent, en juin dernier, un rapport nomm\u00e9 \u00ab\u00a0<i>revue de d\u00e9penses relative \u00e0 l\u2019efficacit\u00e9 des politiques familiales<\/i><i>\u00a0<\/i>\u00bb qui pr\u00e9voit 2,5 milliards d\u2019euros d\u2019\u00e9conomies \u00e0 court terme et 4,5 milliards \u00e0 long terme. Les pr\u00e9conisations visent ainsi plusieurs mesures d\u2019aide aux familles, parmi lesquelles l\u2019aide personnalis\u00e9e au logement (APL).<\/p>\n<p>Les deux grands corps de l\u2019\u00c9tat proposent, d\u00e8s lors, d\u2019\u00ab\u00a0<i>am\u00e9lio<\/i><i>rer le caract\u00e8re redistributif des APL vers\u00e9es aux \u00e9tudiants rattach\u00e9s au foyer fiscal de leurs parents, en prenant en compte les ressources parentales<\/i><i>\u00a0<\/i>\u00bb. Ce qui signifie int\u00e9grer les revenus des parents dans le calcul de l\u2019allocation. \u00ab\u00a0<i>Pr\u00e8s de 40% des \u00e9tudiants b\u00e9n\u00e9ficiaires de cette aide sont associ\u00e9s \u00e0 des revenus familiaux des deux d\u00e9ciles les plus \u00e9lev\u00e9s<\/i><i>\u00a0<\/i>\u00bb, justifie le texte rendu public le 14 ao\u00fbt, qui chiffre les \u00e9conomies r\u00e9alis\u00e9es \u00e0 550 millions d\u2019euros.<\/p>\n<p>Ce nouveau mode de calcul conduirait \u00e0 la suppression directe de l\u2019APL pour 200 000 \u00e9tudiants et la baisse de l\u2019allocation pour 150 000 \u00e9tudiants suppl\u00e9mentaires. Rapidement, les syndicats concern\u00e9s ont tir\u00e9 la sonnette d\u2019alarme. \u00ab\u00a0<i>En int\u00e9grant les revenus parentaux dans le calcul de l\u2019aide, le gouvernement ferait donc le choix de consid\u00e9rer que les parents doivent financer les \u00e9tudes et le logement de leurs enfants, y compris lorsque ceux-ci ne disposent pas concr\u00e8tement de cette aide familiale. Nous refusons cette conception de l\u2019autonomie \u00e9tudiante<\/i><i>\u00a0<\/i>\u00bb, temp\u00eate Solidaires \u00e9tudiants, qui appelle \u00e0 la mobilisation le 15\u00a0septembre prochain. De m\u00eame que l\u2019Union \u00e9tudiante, qui interpelle les d\u00e9put\u00e9s \u00ab\u00a0<i>une attaque sans pr\u00e9c\u00e9dent se pr\u00e9pare<\/i><i>\u00a0<\/i>\u00bb, alerte le syndicat.<\/p>\n<p>Pour la CGT, \u00ab\u00a0<i>cette mesure est particuli\u00e8rement injuste au regard de la pr\u00e9carisation croissante des \u00e9tudiants, qui constituent l\u2019une des cat\u00e9gories de population les plus fragilis\u00e9es \u00e9conomiquement. Elle revient \u00e0 faire peser sur les familles une charge suppl\u00e9mentaire, sans tenir compte de la r\u00e9alit\u00e9 des situations familiales<\/i><i>\u00a0<\/i>\u00bb, d\u00e9nonce la centrale syndicale de Montreuil dans un communiqu\u00e9.<\/p>\n<p>Face \u00e0 la bronca populaire, le Premier ministre s\u2019empresse de d\u00e9mentir\u00a0: \u00ab\u00a0<i>Suppression des APL pour les \u00e9tudiants, gel du RSA ou du minimum vieillesse, remise en cause du cr\u00e9dit d\u2019imp\u00f4t pour les services \u00e0 la personne, hausse de l\u2019imp\u00f4t sur le revenu&#8230; Tout cela est faux<\/i><i>\u00a0<\/i><i>! Le budget pour 2027 est encore en pr\u00e9paration<\/i><i>\u00a0<\/i><i>; les v\u00e9ritables d\u00e9cisions seront annonc\u00e9es lorsqu\u2019elles auront \u00e9t\u00e9 prises, en transparence. Critiquer les d\u00e9cisions du Gouvernement est l\u00e9gitime. En inventer pour inqui\u00e9ter les Fran\u00e7ais ne l\u2019est pas<\/i><i>\u00a0<\/i>\u00bb, \u00e9crit S\u00e9bastien Lecornu dans un post sur X.<\/p>\n<p>Puis, dans la foul\u00e9e, c\u2019est la ministre de la Sant\u00e9 qui, dans un entretien au <i>Figaro<\/i>, annonce que le gouvernement a finalement renonc\u00e9 \u00e0 doubler les plafonds des franchises m\u00e9dicales. Mais pas \u00e0 les augmenter&#8230;<\/p>\n<p>D\u00e8s lors, faut-il croire l\u2019ex\u00e9cutif ? Depuis son arriv\u00e9e au pouvoir, Emmanuel Macron et ses gouvernements successifs se sont attel\u00e9s \u00e0 r\u00e9duire les APL de 5\u00a0euros, \u00e0 r\u00e9former le mode de calcul, ne prenant en compte que les 12 derniers mois de revenus, et \u00e0 exclure depuis le 1<sup>er<\/sup><sup>\u00a0<\/sup>juillet, les \u00e9tudiants extra-europ\u00e9ens non boursiers. Ils sont plus de 100 000 impact\u00e9s qui se voient amput\u00e9s de 150 \u00e0 250 euros par mois.<\/p>\n<p>La paup\u00e9risation des \u00e9tudiants est loin d\u2019\u00e9mouvoir les n\u00e9olib\u00e9raux. \u00ab\u00a0<i>La pr\u00e9carit\u00e9 n\u2019est pas un accident de la politique gouvernementale, elle en est devenue le r\u00e9sultat assum\u00e9<\/i><i>\u00a0<\/i>\u00bb, s\u2019insurge l\u2019Unef dans une \u00e9tude publi\u00e9e le 17 ao\u00fbt qui fait le \u00ab\u00a0<i>bilan des dix ans au pouvoir d\u2019Emmanuel Macron<\/i><i>\u00a0<\/i><i>\u00bb. <\/i>Le constat est sans appel, le co\u00fbt de la vie \u00e9tudiante a augment\u00e9 de 1,66% sur un an, et de plus de 35% depuis l\u2019\u00e9lection d\u2019Emmanuel Macron en 2017, selon l\u2019enqu\u00eate annuelle du syndicat \u00e9tudiant.<\/p>\n<\/p><\/div>\n<div class=\"paragraph\">\n<p><b>EN CHIFFRES<\/b><\/p>\n<p><b>4,2<\/b><\/p>\n<p>En milliards d\u2019euros, c\u2019est le montant global des coupes budg\u00e9taires \u00e0 long terme que pr\u00e9conise le rapport de l\u2019IGF et de l\u2019Igas en s\u2019attaquant aux politiques familiales de l\u2019\u00c9tat.<\/p>\n<p><b>200 000<\/b><\/p>\n<p>C\u2019est le nombre d\u2019\u00e9tudiants qui pourraient \u00eatre impact\u00e9s par le nouveau mode de calcul des APL qui entra\u00eenerait, pour 200 000 jeunes, la suppression pure et dure de cette allocation.<\/p>\n<\/p><\/div>\n","protected":false},"excerpt":{"rendered":"Un rapport rendu public, une pol&eacute;mique qui enfle et un d&eacute;menti. En arri&egrave;re-plan, un budget en pr&eacute;paration, plus aust&eacute;ritaire que jamais, et une campagne pour l&rsquo;&eacute;lection supr&ecirc;me.","protected":false},"author":1,"featured_media":40066,"comment_status":"open","ping_status":"open","sticky":false,"template":"","format":"standard","meta":{"footnotes":""},"categories":[3926,3925,330],"tags":[113,822,575,1518,913,572,3503,271,256,833],"news-destination":[3944],"news-source":[475],"is_homepage":[],"ta_other":[],"class_list":["post-40065","post","type-post","status-publish","format-standard","has-post-thumbnail","hentry","category-accueil-merge","category-accueil-third","category-politique","tag-cgt","tag-coupes-budgetaires","tag-emmanuel-macron","tag-etudiants","tag-finances","tag-france","tag-plfss","tag-precarite","tag-sante","tag-sebastien-lecornu","news-destination-homepage","news-source-website"],"_links":{"self":[{"href":"https:\/\/euapp01.newsmemory.com\/lamarseillaise\/news\/wp-json\/wp\/v2\/posts\/40065","targetHints":{"allow":["GET"]}}],"collection":[{"href":"https:\/\/euapp01.newsmemory.com\/lamarseillaise\/news\/wp-json\/wp\/v2\/posts"}],"about":[{"href":"https:\/\/euapp01.newsmemory.com\/lamarseillaise\/news\/wp-json\/wp\/v2\/types\/post"}],"author":[{"embeddable":true,"href":"https:\/\/euapp01.newsmemory.com\/lamarseillaise\/news\/wp-json\/wp\/v2\/users\/1"}],"replies":[{"embeddable":true,"href":"https:\/\/euapp01.newsmemory.com\/lamarseillaise\/news\/wp-json\/wp\/v2\/comments?post=40065"}],"version-history":[{"count":1,"href":"https:\/\/euapp01.newsmemory.com\/lamarseillaise\/news\/wp-json\/wp\/v2\/posts\/40065\/revisions"}],"predecessor-version":[{"id":40067,"href":"https:\/\/euapp01.newsmemory.com\/lamarseillaise\/news\/wp-json\/wp\/v2\/posts\/40065\/revisions\/40067"}],"wp:featuredmedia":[{"embeddable":true,"href":"https:\/\/euapp01.newsmemory.com\/lamarseillaise\/news\/wp-json\/wp\/v2\/media\/40066"}],"wp:attachment":[{"href":"https:\/\/euapp01.newsmemory.com\/lamarseillaise\/news\/wp-json\/wp\/v2\/media?parent=40065"}],"wp:term":[{"taxonomy":"category","embeddable":true,"href":"https:\/\/euapp01.newsmemory.com\/lamarseillaise\/news\/wp-json\/wp\/v2\/categories?post=40065"},{"taxonomy":"post_tag","embeddable":true,"href":"https:\/\/euapp01.newsmemory.com\/lamarseillaise\/news\/wp-json\/wp\/v2\/tags?post=40065"},{"taxonomy":"news-destination","embeddable":true,"href":"https:\/\/euapp01.newsmemory.com\/lamarseillaise\/news\/wp-json\/wp\/v2\/news-destination?post=40065"},{"taxonomy":"news-source","embeddable":true,"href":"https:\/\/euapp01.newsmemory.com\/lamarseillaise\/news\/wp-json\/wp\/v2\/news-source?post=40065"},{"taxonomy":"is_homepage","embeddable":true,"href":"https:\/\/euapp01.newsmemory.com\/lamarseillaise\/news\/wp-json\/wp\/v2\/is_homepage?post=40065"},{"taxonomy":"ta_other","embeddable":true,"href":"https:\/\/euapp01.newsmemory.com\/lamarseillaise\/news\/wp-json\/wp\/v2\/ta_other?post=40065"}],"curies":[{"name":"wp","href":"https:\/\/api.w.org\/{rel}","templated":true}]}}