{"id":40062,"date":"2026-08-23T18:09:00","date_gmt":"2026-08-23T16:09:00","guid":{"rendered":"https:\/\/euapp01.newsmemory.com\/lamarseillaise\/news\/?p=40062"},"modified":"2026-08-28T07:27:44","modified_gmt":"2026-08-28T05:27:44","slug":"une-premiere-fete-du-modef-reussie","status":"publish","type":"post","link":"https:\/\/euapp01.newsmemory.com\/lamarseillaise\/news\/2026\/08\/23\/une-premiere-fete-du-modef-reussie\/","title":{"rendered":"Une premi\u00e8re f\u00eate du Modef r\u00e9ussie"},"content":{"rendered":"<div class=\"paragraph\">\n<p>J<i>e suis tr\u00e8s contente de cette premi\u00e8re \u00e9dition. Les gens ont r\u00e9pondu pr\u00e9sent<\/i><i>\u00a0<\/i><i>\u00bb,<\/i> l\u00e2che joyeusement Lucie Illy, arboricultrice bio dans les Hautes-Alpes et vice-pr\u00e9sidente du Modef (Mouvement de d\u00e9fense des exploitants familiaux). Install\u00e9e sur 17 hectares, elle a su reprendre et r\u00e9duire l\u2019exploitation familiale pour la convertir au bio et \u00e0 la biodynamie, <i>\u00ab<\/i><i>\u00a0<\/i><i>plus conforme \u00e0 mon \u00e9thique<\/i><i>\u00a0<\/i><i>\u00bb <\/i>et diversifier un maximum sa distribution. <i>\u00ab<\/i><i>\u00a0<\/i><i>Je vends \u00e0 la ferme directement, je livre dans les cantines scolaires en pur\u00e9e de fruits issue de mes pommes d\u00e9class\u00e9es, je travaille avec des associations de consommateurs et enfin depuis 2 ans je fais un petit march\u00e9 bio sur Grenoble<\/i><i>\u00a0<\/i><i>\u00bb, <\/i>d\u00e9taille l\u2019exploitante.<\/p>\n<p>Point d\u2019orgue de la journ\u00e9e, le d\u00e9bat intitul\u00e9 \u00ab Face \u00e0 la disparition de notre agriculture, que mangerons-nous demain ? \u00bb s\u2019est r\u00e9v\u00e9l\u00e9 f\u00e9d\u00e9rateur et instructif pour tous. <i>\u00ab<\/i><i>\u00a0<\/i><i>La question du mod\u00e8le agricole est essentielle. La soci\u00e9t\u00e9 doit dire quel mod\u00e8le, elle veut. Et l\u2019\u00c9tat donner des moyens, avec une augmentation du pouvoir d\u2019achat. Le nombre d\u2019exploitation familiale ne cesse de d\u00e9cro\u00eetre<\/i><i>\u00a0<\/i><i>\u00bb,<\/i> explique Christian Reynaud, pr\u00e9sident du Modef\u00a005 et co-animateur du d\u00e9bat. Et de conclure\u00a0: <i>\u00ab<\/i><i>\u00a0<\/i><i>La malbouffe est quelque chose de subi, il faut \u00e9duquer les gens<\/i><i>\u00a0<\/i><i>\u00bb.<\/i><i><\/i><\/p>\n<\/p><\/div>\n","protected":false},"excerpt":{"rendered":"Je suis tr&egrave;s contente de cette premi&egrave;re &eacute;dition. Les gens ont r&eacute;pondu pr&eacute;sent&nbsp;&raquo;, l&acirc;che joyeusement Lucie Illy, arboricultrice bio dans les Hautes-Alpes et vice-pr&eacute;sidente du Modef (Mouvement &#8230;","protected":false},"author":1,"featured_media":40063,"comment_status":"open","ping_status":"open","sticky":false,"template":"","format":"standard","meta":{"footnotes":""},"categories":[3926,3925,20],"tags":[2311,447,1703,777,954,2742,1134,804,51],"news-destination":[3944],"news-source":[475],"is_homepage":[],"ta_other":[],"class_list":["post-40062","post","type-post","status-publish","format-standard","has-post-thumbnail","hentry","category-accueil-merge","category-accueil-third","category-societe","tag-agricole","tag-agriculture","tag-augmentation","tag-cantines","tag-consommateurs","tag-disparition","tag-marche","tag-scolaires","tag-societe","news-destination-homepage","news-source-website"],"_links":{"self":[{"href":"https:\/\/euapp01.newsmemory.com\/lamarseillaise\/news\/wp-json\/wp\/v2\/posts\/40062","targetHints":{"allow":["GET"]}}],"collection":[{"href":"https:\/\/euapp01.newsmemory.com\/lamarseillaise\/news\/wp-json\/wp\/v2\/posts"}],"about":[{"href":"https:\/\/euapp01.newsmemory.com\/lamarseillaise\/news\/wp-json\/wp\/v2\/types\/post"}],"author":[{"embeddable":true,"href":"https:\/\/euapp01.newsmemory.com\/lamarseillaise\/news\/wp-json\/wp\/v2\/users\/1"}],"replies":[{"embeddable":true,"href":"https:\/\/euapp01.newsmemory.com\/lamarseillaise\/news\/wp-json\/wp\/v2\/comments?post=40062"}],"version-history":[{"count":1,"href":"https:\/\/euapp01.newsmemory.com\/lamarseillaise\/news\/wp-json\/wp\/v2\/posts\/40062\/revisions"}],"predecessor-version":[{"id":40064,"href":"https:\/\/euapp01.newsmemory.com\/lamarseillaise\/news\/wp-json\/wp\/v2\/posts\/40062\/revisions\/40064"}],"wp:featuredmedia":[{"embeddable":true,"href":"https:\/\/euapp01.newsmemory.com\/lamarseillaise\/news\/wp-json\/wp\/v2\/media\/40063"}],"wp:attachment":[{"href":"https:\/\/euapp01.newsmemory.com\/lamarseillaise\/news\/wp-json\/wp\/v2\/media?parent=40062"}],"wp:term":[{"taxonomy":"category","embeddable":true,"href":"https:\/\/euapp01.newsmemory.com\/lamarseillaise\/news\/wp-json\/wp\/v2\/categories?post=40062"},{"taxonomy":"post_tag","embeddable":true,"href":"https:\/\/euapp01.newsmemory.com\/lamarseillaise\/news\/wp-json\/wp\/v2\/tags?post=40062"},{"taxonomy":"news-destination","embeddable":true,"href":"https:\/\/euapp01.newsmemory.com\/lamarseillaise\/news\/wp-json\/wp\/v2\/news-destination?post=40062"},{"taxonomy":"news-source","embeddable":true,"href":"https:\/\/euapp01.newsmemory.com\/lamarseillaise\/news\/wp-json\/wp\/v2\/news-source?post=40062"},{"taxonomy":"is_homepage","embeddable":true,"href":"https:\/\/euapp01.newsmemory.com\/lamarseillaise\/news\/wp-json\/wp\/v2\/is_homepage?post=40062"},{"taxonomy":"ta_other","embeddable":true,"href":"https:\/\/euapp01.newsmemory.com\/lamarseillaise\/news\/wp-json\/wp\/v2\/ta_other?post=40062"}],"curies":[{"name":"wp","href":"https:\/\/api.w.org\/{rel}","templated":true}]}}