{"id":40059,"date":"2026-08-23T16:00:00","date_gmt":"2026-08-23T14:00:00","guid":{"rendered":"https:\/\/euapp01.newsmemory.com\/lamarseillaise\/news\/?p=40059"},"modified":"2026-08-28T07:13:49","modified_gmt":"2026-08-28T05:13:49","slug":"entretien-pour-la-biodiversite-osons-des-scenarios-ouvrant-le-champ-des-possibles","status":"publish","type":"post","link":"https:\/\/euapp01.newsmemory.com\/lamarseillaise\/news\/2026\/08\/23\/entretien-pour-la-biodiversite-osons-des-scenarios-ouvrant-le-champ-des-possibles\/","title":{"rendered":"[Entretien] \u00ab&nbsp;Pour la biodiversit\u00e9, osons des sc\u00e9narios ouvrant le champ des possibles&nbsp;\u00bb"},"content":{"rendered":"<div class=\"paragraph\">\n<p><b>La Marseillaise<\/b><b>\u00a0<\/b><b>:<\/b><b> Vous montrez que les mesures de conservation existantes en Europe ne seront pas suffisantes pour stopper la perte de biodiversit\u00e9 d\u2019ici 2050. Comment y rem\u00e9dier<\/b><b>\u00a0<\/b><b>?<\/b><\/p>\n<p><b>Stanislas Rigal<\/b><b>\u00a0<\/b><b>:<\/b> Il faut changer de point de d\u00e9part. Les sc\u00e9narios que nous avons se contentent de traduire les mesures de conservation prises \u00e0 l\u2019\u00e9chelle de l\u2019Europe. Ils n\u2019ont pas pour objectif premier d\u2019inverser la tendance \u00e0 la baisse de la biodiversit\u00e9. Or, il faut partir de l\u00e0 et voir quelles mesures il faudrait prendre. C\u2019est une approche diff\u00e9rente qui impliquerait probablement d\u2019accepter de revenir sur certains dogmes.<\/p>\n<p><b>Par exemple<\/b><b>\u00a0<\/b><b>?<\/b><\/p>\n<p><b>S.R.<\/b><b>\u00a0<\/b><b>:<\/b> Les sc\u00e9narios existants font le choix de ne pas revenir sur l\u2019augmentation de la demande pour certains biens et services, et donc l\u2019augmentation de la production agricole ou de biomasse (pour le bois). Or, nous sommes dans un espace contraint. Donc tout ne pourra pas augmenter ind\u00e9finiment. Il faudra probablement jouer l\u00e0-dessus\u00a0: accepter que la demande puisse se stabiliser &#8211; voire baisser. Cela n\u00e9cessite de repenser l\u2019ensemble du fonctionnement de la soci\u00e9t\u00e9.<\/p>\n<p><b>Pas facile quand on sait que les mesures actuelles <\/b><\/p>\n<p><b>&#8211;<\/b><b>\u00a0<\/b><b>pas assez ambitieuses selon votre \u00e9tude<\/b><b>\u00a0<\/b><b>&#8211; sont parfois difficilement accept\u00e9es&#8230; <\/b><\/p>\n<p><b>S.R.<\/b><b>\u00a0<\/b><b>:<\/b> C\u2019est certain. Savoir si l\u2019application de ces nouveaux objectifs est r\u00e9aliste politiquement est un autre probl\u00e8me. Mais il faut oser et proposer des visions diff\u00e9rentes pour le futur, m\u00eame si elles sont jug\u00e9es irr\u00e9alistes aujourd\u2019hui. Cela ouvre le champ des possibles et rend le d\u00e9bat public plus int\u00e9ressant.<\/p>\n<\/p><\/div>\n","protected":false},"excerpt":{"rendered":"La Marseillaise&nbsp;: Vous montrez que les mesures de conservation existantes en Europe ne seront pas suffisantes pour stopper la perte de biodiversit&eacute; d&rsquo;ici 2050. Comment y rem&eacute;dier&nbsp;?Stanislas Rigal&nbsp;: Il faut changer &#8230;","protected":false},"author":1,"featured_media":40060,"comment_status":"open","ping_status":"open","sticky":false,"template":"","format":"standard","meta":{"footnotes":""},"categories":[3926,3925,333],"tags":[],"news-destination":[3944],"news-source":[475],"is_homepage":[],"ta_other":[],"class_list":["post-40059","post","type-post","status-publish","format-standard","has-post-thumbnail","hentry","category-accueil-merge","category-accueil-third","category-environnement","news-destination-homepage","news-source-website"],"_links":{"self":[{"href":"https:\/\/euapp01.newsmemory.com\/lamarseillaise\/news\/wp-json\/wp\/v2\/posts\/40059","targetHints":{"allow":["GET"]}}],"collection":[{"href":"https:\/\/euapp01.newsmemory.com\/lamarseillaise\/news\/wp-json\/wp\/v2\/posts"}],"about":[{"href":"https:\/\/euapp01.newsmemory.com\/lamarseillaise\/news\/wp-json\/wp\/v2\/types\/post"}],"author":[{"embeddable":true,"href":"https:\/\/euapp01.newsmemory.com\/lamarseillaise\/news\/wp-json\/wp\/v2\/users\/1"}],"replies":[{"embeddable":true,"href":"https:\/\/euapp01.newsmemory.com\/lamarseillaise\/news\/wp-json\/wp\/v2\/comments?post=40059"}],"version-history":[{"count":1,"href":"https:\/\/euapp01.newsmemory.com\/lamarseillaise\/news\/wp-json\/wp\/v2\/posts\/40059\/revisions"}],"predecessor-version":[{"id":40061,"href":"https:\/\/euapp01.newsmemory.com\/lamarseillaise\/news\/wp-json\/wp\/v2\/posts\/40059\/revisions\/40061"}],"wp:featuredmedia":[{"embeddable":true,"href":"https:\/\/euapp01.newsmemory.com\/lamarseillaise\/news\/wp-json\/wp\/v2\/media\/40060"}],"wp:attachment":[{"href":"https:\/\/euapp01.newsmemory.com\/lamarseillaise\/news\/wp-json\/wp\/v2\/media?parent=40059"}],"wp:term":[{"taxonomy":"category","embeddable":true,"href":"https:\/\/euapp01.newsmemory.com\/lamarseillaise\/news\/wp-json\/wp\/v2\/categories?post=40059"},{"taxonomy":"post_tag","embeddable":true,"href":"https:\/\/euapp01.newsmemory.com\/lamarseillaise\/news\/wp-json\/wp\/v2\/tags?post=40059"},{"taxonomy":"news-destination","embeddable":true,"href":"https:\/\/euapp01.newsmemory.com\/lamarseillaise\/news\/wp-json\/wp\/v2\/news-destination?post=40059"},{"taxonomy":"news-source","embeddable":true,"href":"https:\/\/euapp01.newsmemory.com\/lamarseillaise\/news\/wp-json\/wp\/v2\/news-source?post=40059"},{"taxonomy":"is_homepage","embeddable":true,"href":"https:\/\/euapp01.newsmemory.com\/lamarseillaise\/news\/wp-json\/wp\/v2\/is_homepage?post=40059"},{"taxonomy":"ta_other","embeddable":true,"href":"https:\/\/euapp01.newsmemory.com\/lamarseillaise\/news\/wp-json\/wp\/v2\/ta_other?post=40059"}],"curies":[{"name":"wp","href":"https:\/\/api.w.org\/{rel}","templated":true}]}}