{"id":40057,"date":"2026-08-23T15:44:00","date_gmt":"2026-08-23T13:44:00","guid":{"rendered":"https:\/\/euapp01.newsmemory.com\/lamarseillaise\/news\/?p=40057"},"modified":"2026-08-27T21:41:21","modified_gmt":"2026-08-27T19:41:21","slug":"tribune-asterix-au-pays-des-discours-identitaires","status":"publish","type":"post","link":"https:\/\/euapp01.newsmemory.com\/lamarseillaise\/news\/2026\/08\/23\/tribune-asterix-au-pays-des-discours-identitaires\/","title":{"rendered":"[Tribune] Ast\u00e9rix au pays des discours identitaires"},"content":{"rendered":"<div class=\"paragraph\">\n<p>Quels mots employer pour qualifier <a rel=\"noopener noreferrer\" href=\"https:\/\/www.lamarseillaise.fr\/politique\/feria-de-beziers-le-discours-trumpiste-de-robert-menard-indigne-a-gauche-DE20605350\" target=\"_blank\">le discours d\u2019ouverture de la Feria prononc\u00e9 par Robert M\u00e9nard,<\/a> le maire de B\u00e9ziers\u00a0: r\u00e9trograde\u00a0? R\u00e9actionnaire\u00a0? Masculiniste\u00a0? Pros\u00e9lyte\u00a0? Grossier\u00a0? X\u00e9nophobe\u00a0? Beauf\u00a0? Ridicule\u00a0? Terrifiant serait sans doute plus appropri\u00e9. On n\u2019en finit pas en effet de s\u2019\u00e9touffer en relisant cette entr\u00e9e en mati\u00e8re de celui qui affiche une seule ambition\u00a0: affirmer son pouvoir en flattant les obsessions de certains Fran\u00e7ais qu\u2019il dit de souche.<\/p>\n<p>Ceci avec un ton de village gaulois assi\u00e9g\u00e9. Assi\u00e9g\u00e9 par qui\u00a0? Ceux qui d\u00e9noncent le canon fran\u00e7ais et ses banquets aux relents racistes\u00a0? Sans doute, mais pas seulement. \u00ab\u00a0On continuera \u00e0 faire la f\u00eate\u00a0\u00bb, pourfend-il en Ast\u00e9rix m\u00e9diterran\u00e9en. Comme si la Feria de B\u00e9ziers \u00e9tait en quoi que ce soit menac\u00e9e, comme s\u2019il en \u00e9tait le gardien alors qu\u2019elle a \u00e9t\u00e9 cr\u00e9\u00e9e par un socialiste, Jules Faigt, il y a 58\u00a0ans. Ses ennemis\u00a0: ceux dont la vie est \u00ab\u00a0gris\u00e2tre, r\u00e9glement\u00e9e\u00a0\u00bb. Pour le coup, les r\u00e9glementations ou plut\u00f4t les lois, il n\u2019en a que faire. \u00ab\u00a0la Vierge, la Sainte Vierge, continuera d\u2019\u00eatre port\u00e9e en procession\u00a0\u00bb psalmodie-t-il. \u00ab\u00a0Ici je marie les gens qui sont en situation r\u00e9guli\u00e8re et les OQTF on les renvoie chez eux\u00a0\u00bb, avance celui qui n\u2019a aucun pouvoir en mati\u00e8re, si ce n\u2019est celui de provoquer la Justice.<\/p>\n<p>Et pourquoi se g\u00eanerait-il, puisque pr\u00e9f\u00e8te et sous-pr\u00e9fet ont assist\u00e9 \u00e0 la messe d\u2019ouverture de la Feria aux c\u00f4t\u00e9s d\u2019\u00e9lus portant leur \u00e9charpe tricolore. La loi de 1905 fait \u00e9videmment partie des lois et des citoyens qu\u2019il cible quand, \u00e9l\u00e9gamment, Robert M\u00e9nard ass\u00e8ne\u00a0: \u00ab\u00a0Et tant pis si \u00e7a les emmerde\u00a0\u00bb, galvanisant ainsi la foule pr\u00eate \u00e0 partir au combat et les \u00ab\u00a0jobards\u00a0\u00bb de d\u00e9fenseurs de la la\u00efcit\u00e9. Comme il le fait depuis des ann\u00e9es sur les cha\u00eenes Bollor\u00e9, M\u00e9nard lance ses fl\u00e8ches sans crainte d\u2019\u00eatre contredit contre les \u00ab\u00a0sinistres animalistes\u00a0\u00bb, qui osent ne pas vouloir qu\u2019on tue les toros, contre \u00ab\u00a0les f\u00e9ministes \u00e0 deux balles\u00a0\u00bb, particuli\u00e8rement celles qui ont lanc\u00e9 MeToo\u00a0: \u00ab\u00a0On aime le corps des femmes, le regard des femmes, \u00e0 notre fa\u00e7on&#8230;\u00a0\u00bb Les dithyrambes publi\u00e9es par \u00ab\u00a0Boulevard Voltaire\u00a0\u00bb, feuille de chou proche de la droite identitaire cr\u00e9\u00e9e notamment par les \u00e9poux M\u00e9nard en 2012, en disent long sur l\u2019id\u00e9ologie d\u00e9ploy\u00e9e dans ce discours. \u00ab\u00a0Devant une foule de festayres heureux d\u2019\u00eatre l\u00e0, le maire de B\u00e9ziers a tout assum\u00e9, tout revendiqu\u00e9, tout mis sur la table. Les meilleurs moments de son discours, relay\u00e9s par le Midi Libre &#8211; qui n\u2019est pourtant pas un journal d\u2019extr\u00eame droite &#8211; sont d\u00e9licieux.\u00a0\u00bb Et le plumitif de conclure\u00a0: \u00ab\u00a0Des \u00e9diles comme lui, dans le Sud, il y en a de plus en plus. Et il en faut de plus en plus. L\u2019\u00e9lection de 2027 portera aussi sur le mode de vie que nous voulons et les libert\u00e9s que nous sommes pr\u00eats \u00e0 d\u00e9fendre.\u00a0\u00bb Ses id\u00e9es r\u00e9trogrades, Robert M\u00e9nard en est tellement fier qu\u2019elles s\u2019affichent sur les murs de la ville, aux frais des contribuables. La palme revenant \u00e0 celle-ci\u00a0: \u00ab\u00a0On aime la messe, on aime les femmes, on aime les toros, on aime les flics et vous\u00a0?\u00a0\u00bb Fermez le ban\u00a0! M\u00e9nard a eu beau s\u2019en d\u00e9fendre et donner des gages ici ou l\u00e0 \u00e0 la droite, il est et reste un homme d\u2019extr\u00eame droite qui se cache derri\u00e8re un discours identitaire malheureusement pas toujours d\u00e9cel\u00e9 par ceux qui l\u2019entendent.<\/p>\n<\/p><\/div>\n","protected":false},"excerpt":{"rendered":"Quels mots employer pour qualifier le discours d&rsquo;ouverture de la Feria prononc&eacute; par Robert M&eacute;nard, le maire de B&eacute;ziers&nbsp;: r&eacute;trograde&nbsp;? R&eacute;actionnaire&nbsp;? Masculiniste&nbsp;? Pros&eacute;lyte&nbsp;? &#8230;","protected":false},"author":1,"featured_media":39893,"comment_status":"open","ping_status":"open","sticky":false,"template":"","format":"standard","meta":{"footnotes":""},"categories":[3926,3925,330,20],"tags":[6302,236,511,408,1646,387,5147,239,200,3773,689,2303,1596,3203,440,3069,5596,3234],"news-destination":[3944],"news-source":[475],"is_homepage":[],"ta_other":[],"class_list":["post-40057","post","type-post","status-publish","format-standard","has-post-thumbnail","hentry","category-accueil-merge","category-accueil-third","category-politique","category-societe","tag-asterix","tag-beziers","tag-citoyens","tag-combat","tag-feministes","tag-femmes","tag-gaulois","tag-herault","tag-justice","tag-loi-de-1905","tag-messe","tag-oqtf","tag-pouvoir","tag-prefete","tag-robert-menard","tag-sous-prefet","tag-toros","tag-vierge","news-destination-homepage","news-source-website"],"_links":{"self":[{"href":"https:\/\/euapp01.newsmemory.com\/lamarseillaise\/news\/wp-json\/wp\/v2\/posts\/40057","targetHints":{"allow":["GET"]}}],"collection":[{"href":"https:\/\/euapp01.newsmemory.com\/lamarseillaise\/news\/wp-json\/wp\/v2\/posts"}],"about":[{"href":"https:\/\/euapp01.newsmemory.com\/lamarseillaise\/news\/wp-json\/wp\/v2\/types\/post"}],"author":[{"embeddable":true,"href":"https:\/\/euapp01.newsmemory.com\/lamarseillaise\/news\/wp-json\/wp\/v2\/users\/1"}],"replies":[{"embeddable":true,"href":"https:\/\/euapp01.newsmemory.com\/lamarseillaise\/news\/wp-json\/wp\/v2\/comments?post=40057"}],"version-history":[{"count":1,"href":"https:\/\/euapp01.newsmemory.com\/lamarseillaise\/news\/wp-json\/wp\/v2\/posts\/40057\/revisions"}],"predecessor-version":[{"id":40058,"href":"https:\/\/euapp01.newsmemory.com\/lamarseillaise\/news\/wp-json\/wp\/v2\/posts\/40057\/revisions\/40058"}],"wp:featuredmedia":[{"embeddable":true,"href":"https:\/\/euapp01.newsmemory.com\/lamarseillaise\/news\/wp-json\/wp\/v2\/media\/39893"}],"wp:attachment":[{"href":"https:\/\/euapp01.newsmemory.com\/lamarseillaise\/news\/wp-json\/wp\/v2\/media?parent=40057"}],"wp:term":[{"taxonomy":"category","embeddable":true,"href":"https:\/\/euapp01.newsmemory.com\/lamarseillaise\/news\/wp-json\/wp\/v2\/categories?post=40057"},{"taxonomy":"post_tag","embeddable":true,"href":"https:\/\/euapp01.newsmemory.com\/lamarseillaise\/news\/wp-json\/wp\/v2\/tags?post=40057"},{"taxonomy":"news-destination","embeddable":true,"href":"https:\/\/euapp01.newsmemory.com\/lamarseillaise\/news\/wp-json\/wp\/v2\/news-destination?post=40057"},{"taxonomy":"news-source","embeddable":true,"href":"https:\/\/euapp01.newsmemory.com\/lamarseillaise\/news\/wp-json\/wp\/v2\/news-source?post=40057"},{"taxonomy":"is_homepage","embeddable":true,"href":"https:\/\/euapp01.newsmemory.com\/lamarseillaise\/news\/wp-json\/wp\/v2\/is_homepage?post=40057"},{"taxonomy":"ta_other","embeddable":true,"href":"https:\/\/euapp01.newsmemory.com\/lamarseillaise\/news\/wp-json\/wp\/v2\/ta_other?post=40057"}],"curies":[{"name":"wp","href":"https:\/\/api.w.org\/{rel}","templated":true}]}}