{"id":40053,"date":"2026-08-23T09:55:00","date_gmt":"2026-08-23T07:55:00","guid":{"rendered":"https:\/\/euapp01.newsmemory.com\/lamarseillaise\/news\/?p=40053"},"modified":"2026-08-27T17:19:00","modified_gmt":"2026-08-27T15:19:00","slug":"entretien-on-avance-mais-il-manquait-de-la-main-doeuvre-saisonniere-dans-lherault-cet-ete","status":"publish","type":"post","link":"https:\/\/euapp01.newsmemory.com\/lamarseillaise\/news\/2026\/08\/23\/entretien-on-avance-mais-il-manquait-de-la-main-doeuvre-saisonniere-dans-lherault-cet-ete\/","title":{"rendered":"[Entretien] \u00ab&nbsp;On avance mais il manquait de la main-d\u2019\u0153uvre saisonni\u00e8re dans l\u2019H\u00e9rault cet \u00e9t\u00e9&nbsp;\u00bb"},"content":{"rendered":"<div class=\"paragraph\">\n<p><b>La Marseillaise<\/b><b>\u00a0<\/b><b>:<\/b> <b>Qu\u2019\u00e9prouvez-vous au moment de succ\u00e9der \u00e0 Jacques Mestre<\/b><b>\u00a0<\/b><b>? <\/b><\/p>\n<p>Yves Soria\u00a0: Je ne pourrai pas le remplacer. C\u2019\u00e9tait un personnage avec un tel charisme qui a pr\u00e9sid\u00e9 l\u2019Umih durant 43 ans. Jacques Mestre m\u2019a appris ce que je sais. On va continuer \u00e0 travailler dans le bon sens, en discutant avec les autorit\u00e9s, pour am\u00e9liorer les conditions de la profession.<\/p>\n<p><b>Quels seront vos principaux combats<\/b><b>\u00a0<\/b><b>?<\/b><\/p>\n<p>Y.S.\u00a0: On va continuer notre travail sur les saisonniers pour leur trouver des points d\u2019accueil \u00e0 des prix raisonnables. On a travaill\u00e9 avec le Crous pour la mise \u00e0 disposition d\u2019appartements pas trop chers. On est en discussion avec la mairie de P\u00e9rols. J\u2019ai rendez-vous avec l\u2019Agglo de l\u2019\u00c9tang de l\u2019Or (Mauguio). On leur demande s\u2019ils ont des b\u00e2timents disponibles pour loger les saisonniers. Logement et transports sont les deux probl\u00e8mes des saisonniers. Avec la Grande Motte, Mauguio et Palavas, on a investi 5\u00a0000\u00a0euros pour avoir une navette jusqu\u2019au tramway de P\u00e9rols jusqu\u2019\u00e0 2h du matin pour juillet-ao\u00fbt. On avance, mais il manquait de la main-d\u2019\u0153uvre saisonni\u00e8re cet \u00e9t\u00e9.<\/p>\n<p><b>Comptez-vous vous attaquer \u00e0 la concurrence d\u00e9loyale des locations type AirBnB<\/b><b>\u00a0<\/b><b>?<\/b><\/p>\n<p>Y.S.\u00a0: Nous sommes contre bien s\u00fbr mais il existe d\u00e9j\u00e0 une r\u00e9glementation en vigueur qui limite le nombre de nuit\u00e9es (plafond de 120 jours que les Villes peuvent baisser \u00e0 90 jours). Le sujet c\u2019est qu\u2019elle soit respect\u00e9e. L\u2019Umih vient d\u2019ailleurs de recevoir une d\u00e9cision favorable de la Cour d\u2019appel de Paris [qui reconna\u00eet AirBnB comme un \u00e9diteur et non un h\u00e9bergeur, ce qui rend la plateforme responsable du contenu post\u00e9, Ndlr.]. On dit que c\u2019est une concurrence d\u00e9loyale parce que ces plateformes ne sont pas soumises aux m\u00eames r\u00e8gles (s\u00e9curit\u00e9, fiscalit\u00e9&#8230;) que les professionnels de l\u2019h\u00f4tellerie, qui accusent des pertes de chiffre d\u2019affaires.<\/p>\n<p><b>\u00c0 Montpellier, avez-vous <br \/>des requ\u00eates particuli\u00e8res<\/b><b>\u00a0<\/b><b>?<\/b><\/p>\n<p>Y.S.\u00a0: On a pris rendez-vous, on doit bient\u00f4t \u00eatre re\u00e7us par le maire Micha\u00ebl Delafosse. On a un probl\u00e8me de prix de stationnement trop \u00e9lev\u00e9. On va voir si on peut faire revenir du monde en ville avec des tarifs de parking plus attractifs, comme au Polygone. On a d\u00e9j\u00e0 vu les \u00e9lus Jean-Louis G\u00e9ly et Michel Aslanian. La mairie veut renouer le dialogue.<\/p>\n<p><b>Quel premier bilan touristique faites-vous<\/b><b>\u00a0<\/b><b>? <\/b><\/p>\n<p>Y.S.\u00a0: Je dirais qu\u2019on est entre -10 et -20% d\u2019activit\u00e9. \u00c0 la Grande Motte, il y a des touristes \u00e9trangers, des Belges et des pays de l\u2019Est mais sans euphorie, le chiffre d\u2019affaires est en baisse. \u00c0 Palavas, il n\u2019y a pas grand monde. Au camping des Roquilles c\u2019est catastrophique, personne au bar ni au restaurant. Il manque les Am\u00e9ricains, N\u00e9erlandais&#8230; La client\u00e8le fran\u00e7aise qui se d\u00e9place quelques jours sur le littoral a r\u00e9duit ses vacances. Les touristes pr\u00e9sents font attention\u00a0: ils font les courses avec leur glaci\u00e8re et mangent \u00e0 la maison plut\u00f4t qu\u2019au restaurant ou ne prennent qu\u2019un seul plat. C\u2019est le r\u00e9sultat d\u2019une baisse du pouvoir d\u2019achat. Le prix de l\u2019essence p\u00e8se lourd. La chaleur a pu aussi en d\u00e9courager certains. On verra le bilan global en octobre avec la fin de saison, mais un chiffre d\u2019affaires perdu ne se rattrape jamais.<\/p>\n<\/p><\/div>\n","protected":false},"excerpt":{"rendered":"La Marseillaise&nbsp;: Qu&rsquo;&eacute;prouvez-vous au moment de succ&eacute;der &agrave; Jacques Mestre&nbsp;?","protected":false},"author":1,"featured_media":40054,"comment_status":"open","ping_status":"open","sticky":false,"template":"","format":"standard","meta":{"footnotes":""},"categories":[3926,3925,338],"tags":[2707,723,3691,6301,2294,239,6300,5409,596,240,6260,1745,1670,1359,2234,347,159,1671],"news-destination":[3944],"news-source":[475],"is_homepage":[],"ta_other":[],"class_list":["post-40053","post","type-post","status-publish","format-standard","has-post-thumbnail","hentry","category-accueil-merge","category-accueil-third","category-economie","tag-airbnb","tag-bilan","tag-campings","tag-chiffre-daffaires","tag-concurrence-deloyale","tag-herault","tag-jacques-mestre","tag-la-grande-motte","tag-logement","tag-montpellier","tag-palavas-les-flots","tag-parking","tag-restaurants","tag-saisonniers","tag-stationnement","tag-tourisme","tag-touristes","tag-umih","news-destination-homepage","news-source-website"],"_links":{"self":[{"href":"https:\/\/euapp01.newsmemory.com\/lamarseillaise\/news\/wp-json\/wp\/v2\/posts\/40053","targetHints":{"allow":["GET"]}}],"collection":[{"href":"https:\/\/euapp01.newsmemory.com\/lamarseillaise\/news\/wp-json\/wp\/v2\/posts"}],"about":[{"href":"https:\/\/euapp01.newsmemory.com\/lamarseillaise\/news\/wp-json\/wp\/v2\/types\/post"}],"author":[{"embeddable":true,"href":"https:\/\/euapp01.newsmemory.com\/lamarseillaise\/news\/wp-json\/wp\/v2\/users\/1"}],"replies":[{"embeddable":true,"href":"https:\/\/euapp01.newsmemory.com\/lamarseillaise\/news\/wp-json\/wp\/v2\/comments?post=40053"}],"version-history":[{"count":1,"href":"https:\/\/euapp01.newsmemory.com\/lamarseillaise\/news\/wp-json\/wp\/v2\/posts\/40053\/revisions"}],"predecessor-version":[{"id":40055,"href":"https:\/\/euapp01.newsmemory.com\/lamarseillaise\/news\/wp-json\/wp\/v2\/posts\/40053\/revisions\/40055"}],"wp:featuredmedia":[{"embeddable":true,"href":"https:\/\/euapp01.newsmemory.com\/lamarseillaise\/news\/wp-json\/wp\/v2\/media\/40054"}],"wp:attachment":[{"href":"https:\/\/euapp01.newsmemory.com\/lamarseillaise\/news\/wp-json\/wp\/v2\/media?parent=40053"}],"wp:term":[{"taxonomy":"category","embeddable":true,"href":"https:\/\/euapp01.newsmemory.com\/lamarseillaise\/news\/wp-json\/wp\/v2\/categories?post=40053"},{"taxonomy":"post_tag","embeddable":true,"href":"https:\/\/euapp01.newsmemory.com\/lamarseillaise\/news\/wp-json\/wp\/v2\/tags?post=40053"},{"taxonomy":"news-destination","embeddable":true,"href":"https:\/\/euapp01.newsmemory.com\/lamarseillaise\/news\/wp-json\/wp\/v2\/news-destination?post=40053"},{"taxonomy":"news-source","embeddable":true,"href":"https:\/\/euapp01.newsmemory.com\/lamarseillaise\/news\/wp-json\/wp\/v2\/news-source?post=40053"},{"taxonomy":"is_homepage","embeddable":true,"href":"https:\/\/euapp01.newsmemory.com\/lamarseillaise\/news\/wp-json\/wp\/v2\/is_homepage?post=40053"},{"taxonomy":"ta_other","embeddable":true,"href":"https:\/\/euapp01.newsmemory.com\/lamarseillaise\/news\/wp-json\/wp\/v2\/ta_other?post=40053"}],"curies":[{"name":"wp","href":"https:\/\/api.w.org\/{rel}","templated":true}]}}