{"id":40050,"date":"2026-08-23T10:03:00","date_gmt":"2026-08-23T08:03:00","guid":{"rendered":"https:\/\/euapp01.newsmemory.com\/lamarseillaise\/news\/?p=40050"},"modified":"2026-08-27T19:41:45","modified_gmt":"2026-08-27T17:41:45","slug":"cinema-montpellier-temple-de-lodyssee-de-nolan","status":"publish","type":"post","link":"https:\/\/euapp01.newsmemory.com\/lamarseillaise\/news\/2026\/08\/23\/cinema-montpellier-temple-de-lodyssee-de-nolan\/","title":{"rendered":"[Cin\u00e9ma] Montpellier, temple de l\u2019Odyss\u00e9e de Nolan"},"content":{"rendered":"<div class=\"paragraph\">\n<p>Si vous habitez \u00e0 Montpellier ou dans les environs, ce serait dommage de passer \u00e0 c\u00f4t\u00e9 de cette exp\u00e9rience unique de cin\u00e9ma. Depuis le 15 juillet, le <a rel=\"nofollow noopener noreferrer\" href=\"https:\/\/www.pathe.fr\/films\/l-odyssee-43836\/filters\/date-2026-08-27\" target=\"_blank\">Path\u00e9 Multiplexe Odysseum<\/a> est l\u2019unique cin\u00e9ma de l\u2019Hexagone \u00e0 diffuser <i>L\u2019Odyss\u00e9e<\/i>, le dernier film de Christopher Nolan, dans son format d\u2019origine\u00a0: l\u2019Imax 70 mm.<\/p>\n<p>Une exclusivit\u00e9 possible gr\u00e2ce \u00e0 la pr\u00e9sence d\u2019un \u00e9cran Imax gigantesque (22,39 m\u00e8tres de large sur 16,76 m\u00e8tres de haut, soit 432 m<sup>2<\/sup>) mais surtout gr\u00e2ce \u00e0 l\u2019acquisition d\u2019un des rares projecteurs qui permet de diffuser le film avec sa bobine argentique de 110 \u00e0 140 kg et de 6 km \u00e0 18 km de long\u00a0!<br \/>Pour ce faire, le Multiplexe a m\u00eame d\u00fb former 7 techniciens \u00e0 cette technologie vintage que le num\u00e9rique a remplac\u00e9e.<\/p>\n<p>Pour le plaisir des cin\u00e9philes, il en r\u00e9sulte une sensation de gigantisme sur les sc\u00e8nes d\u2019ext\u00e9rieur notamment (pas de bandes noires qui coupent l\u2019image), une r\u00e9solution d\u2019image in\u00e9galable (18k\u00a0!), un grain si particulier \u00e0 l\u2019\u00e9cran et un son assourdissant (un peu trop d\u2019ailleurs). Un spectacle total puisque L\u2019Odyss\u00e9e est le premier film de l\u2019histoire du 7e art dont toutes les sc\u00e8nes ont \u00e9t\u00e9 tourn\u00e9es \u00e0 l\u2019aide de cam\u00e9ras Imax.<\/p>\n<\/p><\/div>\n<div class=\"intext\"> Suppl\u00e9ment de 12\u00a0euros\n              <\/div>\n<div class=\"paragraph\">\n<p>Deux b\u00e9mols toutefois \u00e0 signaler. D\u2019abord cette sp\u00e9cificit\u00e9 vous co\u00fbtera un billet en plus\u00a0: un suppl\u00e9ment non n\u00e9gligeable de 12\u00a0euros est factur\u00e9, y compris pour les abonn\u00e9s au pass\u2019 illimit\u00e9. Ensuite mieux vaut programmer sa s\u00e9ance bien en amont. Le succ\u00e8s est tel que la salle Imax est prise d\u2019assaut, des curieux d\u00e9barquant \u00e0 Montpellier des quatre coins du pays et m\u00eame de l\u2019\u00e9tranger, l\u2019autre salle la plus proche \u00e9tant situ\u00e9e \u00e0 Londres. <a rel=\"nofollow noopener noreferrer\" href=\"https:\/\/www.pathe.fr\/films\/l-odyssee-43836\/filters\/date-2026-08-27\" target=\"_blank\">Certaines s\u00e9ances*<\/a> en Imax 70 mm sont donc compl\u00e8tes plusieurs jours ou semaines en avance et il est essentiel de d\u00e9goter un fauteuil bien centr\u00e9 et en hauteur pour profiter au mieux du spectacle.<\/p>\n<p>Fresque colossale de pr\u00e8s de trois heures, le film adapte le po\u00e8me antique d\u2019Hom\u00e8re. Port\u00e9 par Matt Damon dans le r\u00f4le d\u2019Ulysse, entour\u00e9 de Tom Holland (T\u00e9l\u00e9maque) et Anne Hathaway (P\u00e9n\u00e9lope), le r\u00e9cit retrace son p\u00e9rilleux retour vers Ithaque apr\u00e8s la guerre de Troie. Des face-\u00e0-face dantesques avec le Cyclope Polyph\u00e8me aux chants envo\u00fbtants des Sir\u00e8nes, Nolan livre un voyage introspectif et sensoriel. L\u2019\u0153uvre explore des th\u00e8mes profonds comme le <i>nostos<\/i> (le voyage de retour), la <i>xenia<\/i> (l\u2019hospitalit\u00e9 sacr\u00e9e), la culpabilit\u00e9 d\u2019un soldat bris\u00e9 par la guerre, ainsi que la place centrale et r\u00e9siliente des femmes dans son destin.<\/p>\n<p>Apr\u00e8s <i>Inception<\/i> (2010), <i>Interstellar<\/i> (2014) ou <i>Oppenheimer<\/i> (2023), le r\u00e9alisateur britannique s\u2019impose d\u00e9finitivement comme le gardien de l\u2019exp\u00e9rience collective en salle.<\/p>\n<\/p><\/div>\n<div class=\"paragraph\">\n<p><i>* S\u00e9ances suppl\u00e9mentaires dispos du 23 au 29 septembre.<\/i><\/p>\n<\/p><\/div>\n","protected":false},"excerpt":{"rendered":"Si vous habitez &agrave; Montpellier ou dans les environs, ce serait dommage de passer &agrave; c&ocirc;t&eacute; de cette exp&eacute;rience unique de cin&eacute;ma. Depuis le 15 juillet, le Path&eacute; Multiplexe Odysseum est l&rsquo;unique &#8230;","protected":false},"author":1,"featured_media":40051,"comment_status":"open","ping_status":"open","sticky":false,"template":"","format":"standard","meta":{"footnotes":""},"categories":[3926,3925,32],"tags":[919,1305,239,3697,240,1468,1367],"news-destination":[3944],"news-source":[475],"is_homepage":[],"ta_other":[],"class_list":["post-40050","post","type-post","status-publish","format-standard","has-post-thumbnail","hentry","category-accueil-merge","category-accueil-third","category-culture","tag-cinema","tag-film","tag-herault","tag-images","tag-montpellier","tag-numerique","tag-realisateur","news-destination-homepage","news-source-website"],"_links":{"self":[{"href":"https:\/\/euapp01.newsmemory.com\/lamarseillaise\/news\/wp-json\/wp\/v2\/posts\/40050","targetHints":{"allow":["GET"]}}],"collection":[{"href":"https:\/\/euapp01.newsmemory.com\/lamarseillaise\/news\/wp-json\/wp\/v2\/posts"}],"about":[{"href":"https:\/\/euapp01.newsmemory.com\/lamarseillaise\/news\/wp-json\/wp\/v2\/types\/post"}],"author":[{"embeddable":true,"href":"https:\/\/euapp01.newsmemory.com\/lamarseillaise\/news\/wp-json\/wp\/v2\/users\/1"}],"replies":[{"embeddable":true,"href":"https:\/\/euapp01.newsmemory.com\/lamarseillaise\/news\/wp-json\/wp\/v2\/comments?post=40050"}],"version-history":[{"count":1,"href":"https:\/\/euapp01.newsmemory.com\/lamarseillaise\/news\/wp-json\/wp\/v2\/posts\/40050\/revisions"}],"predecessor-version":[{"id":40052,"href":"https:\/\/euapp01.newsmemory.com\/lamarseillaise\/news\/wp-json\/wp\/v2\/posts\/40050\/revisions\/40052"}],"wp:featuredmedia":[{"embeddable":true,"href":"https:\/\/euapp01.newsmemory.com\/lamarseillaise\/news\/wp-json\/wp\/v2\/media\/40051"}],"wp:attachment":[{"href":"https:\/\/euapp01.newsmemory.com\/lamarseillaise\/news\/wp-json\/wp\/v2\/media?parent=40050"}],"wp:term":[{"taxonomy":"category","embeddable":true,"href":"https:\/\/euapp01.newsmemory.com\/lamarseillaise\/news\/wp-json\/wp\/v2\/categories?post=40050"},{"taxonomy":"post_tag","embeddable":true,"href":"https:\/\/euapp01.newsmemory.com\/lamarseillaise\/news\/wp-json\/wp\/v2\/tags?post=40050"},{"taxonomy":"news-destination","embeddable":true,"href":"https:\/\/euapp01.newsmemory.com\/lamarseillaise\/news\/wp-json\/wp\/v2\/news-destination?post=40050"},{"taxonomy":"news-source","embeddable":true,"href":"https:\/\/euapp01.newsmemory.com\/lamarseillaise\/news\/wp-json\/wp\/v2\/news-source?post=40050"},{"taxonomy":"is_homepage","embeddable":true,"href":"https:\/\/euapp01.newsmemory.com\/lamarseillaise\/news\/wp-json\/wp\/v2\/is_homepage?post=40050"},{"taxonomy":"ta_other","embeddable":true,"href":"https:\/\/euapp01.newsmemory.com\/lamarseillaise\/news\/wp-json\/wp\/v2\/ta_other?post=40050"}],"curies":[{"name":"wp","href":"https:\/\/api.w.org\/{rel}","templated":true}]}}