{"id":40037,"date":"2026-08-22T19:38:00","date_gmt":"2026-08-22T17:38:00","guid":{"rendered":"https:\/\/euapp01.newsmemory.com\/lamarseillaise\/news\/?p=40037"},"modified":"2026-08-27T10:34:45","modified_gmt":"2026-08-27T08:34:45","slug":"a-toulouse-fabien-roussel-veut-reparer-une-france-abimee-par-10-ans-de-macronisme","status":"publish","type":"post","link":"https:\/\/euapp01.newsmemory.com\/lamarseillaise\/news\/2026\/08\/22\/a-toulouse-fabien-roussel-veut-reparer-une-france-abimee-par-10-ans-de-macronisme\/","title":{"rendered":"\u00c0 Toulouse, Fabien Roussel veut r\u00e9parer une France ab\u00eem\u00e9e par 10 ans de macronisme"},"content":{"rendered":"<div class=\"paragraph\">\n<p>Ovationn\u00e9 ce samedi en fin de journ\u00e9e par les participants \u00e0 l\u2019universit\u00e9 d\u2019\u00e9t\u00e9 du PCF, r\u00e9unis dans le grand amphith\u00e9\u00e2tre du Mirail \u00e0 Toulouse, Fabien Roussel revendique \u00ab <i>le droit au bonheur, de pouvoir vivre heureux, ensemble, \u00e0 \u00e9galit\u00e9, en paix<\/i> \u00bb. \u00ab <i>Nous sommes des optimistes debout <\/i>\u00bb, lance-t-il comme un d\u00e9fi au fatalisme ambiant \u00e0 gauche en vue de la pr\u00e9sidentielle de 2027.<\/p>\n<p>Tout en rappelant le vote des adh\u00e9rents du PCF programm\u00e9 du 3 au 6 septembre et qui devrait signer son entr\u00e9e en campagne juste avant la F\u00eate de l\u2019Humanit\u00e9, le voil\u00e0 d\u00e9j\u00e0 en habits de candidat. \u00ab <i>Chez nous aussi c\u2019est carr\u00e9, la d\u00e9mocratie en plus. Ce n\u2019est pas rien <\/i>\u00bb, glisse-t-il. Si les militants valident sa candidature, c\u2019est Ian Brossat qui dirigera sa campagne, annonce-t-il.<\/p>\n<p>\u00ab <i>Qui doit d\u00e9cider de l\u2019avenir du pays ? Une poign\u00e9e de milliardaires avec un gouvernement de valets ou le peuple ? Notre combat est d\u00e9mocratique nous voulons redonner le pouvoir \u00e0 celles et ceux qui cr\u00e9ent, qui produisent les richesses <\/i>\u00bb, mart\u00e8le le communiste promettant de \u00ab <i>renverser la table<\/i> \u00bb dans une France ab\u00eem\u00e9e par 10 ans de macronisme. \u00ab <i>10 ans de Macron, c\u2019est 10 ans de lib\u00e9ralisme qui s\u2019ajoutent au lib\u00e9ralisme d\u2019avant, 10 ans d\u2019une mont\u00e9e in\u00e9xorable de l\u2019extr\u00eame droite. Notre pays est divis\u00e9, ab\u00eem\u00e9. La gauche a la responsabilit\u00e9 de redevenir majoritaire d\u2019\u00eatre capable de rassembler, nous entendons jouer tout notre r\u00f4le pour cela \u00bb<\/i>, assure-t-il, convaincu que les diff\u00e9rentes forces progressistes doivent mobiliser chacune leur \u00e9lectorat au premier tour, tant leur poids cumul\u00e9 aujourd\u2019hui est historiquement faible.<\/p>\n<p>D\u00e9non\u00e7ant tour \u00e0 tour, l\u2019inflation galopante, le blocage des salaires, l\u2019instrumentalisation de la dette pour justifier la pr\u00e9paration d\u2019un budget d\u2019aust\u00e9rit\u00e9, Fabien Roussel appelle \u00e0 se joindre aux mobilisations de la rentr\u00e9e pour s\u2019opposer \u00e0 \u00ab <i>cette boucherie <\/i>\u00bb et porter une autre politique.<\/p>\n<p>Pour lui, \u00ab <i>redonner du sens au travail, \u00e0 la production c\u2019est aussi penser au climat, \u00e0 la nouvelle industrie que nous devons b\u00e2tir et s\u2019entourer de services publics qui fonctionnent <\/i>\u00bb.<\/p>\n<p>\u00ab<i> La canicule est une violence de classe, on ne suffoque pas de la m\u00eame mani\u00e8re selon l\u00e0 o\u00f9 l\u2019on vit et travaille. Les riches ne meurent pas sous la chaleur<\/i> \u00bb, ass\u00e8ne-t-il en exigeant une commission d\u2019enqu\u00eate sur les \u00ab <i>7300 morts de cet \u00e9t\u00e9, c\u2019est un bilan provisoire. Nous voulons conna\u00eetre la r\u00e9alit\u00e9 sociale de ces terribles chiffres, quel \u00e9tait leur niveau de vie ? <\/i>\u00bb.<\/p>\n<p>Le communiste souhaite \u00e9galement un complet changement de politique internationale de la France. \u00ab <i>Il faut avoir le courage de dire stop \u00e0 cette \u00e9conomie de guerre qui fait tant de mal \u00e0 notre peuple <\/i>\u00bb affirme-t-il tout en rejetant \u00ab <i>le choix d\u2019une Europe f\u00e9d\u00e9rale dans laquelle la voix des nations se perd <\/i>\u00bb.<\/p>\n<p>Il exhorte la France a sortir de son \u00ab <i>double jeu sur la Palestine en reconnaissant, d\u2019un c\u00f4t\u00e9, un \u00c9tat et en le laissant dispara\u00eetre de l\u2019autre<\/i> \u00bb et fait acclamer debout la \u00ab <i>solution \u00e0 deux<\/i> <i>\u00c9tats <\/i>\u00bb mais aussi la solidarit\u00e9 avec le peuple cubain victime du blocus des \u00c9tats-Unis. De quoi ajouter <i>El Pueblo Unido Jam\u00e1s Ser\u00e1 Vencido<\/i> \u00e0 <i>l\u2019Internationale <\/i>pour conclure cette allocution de rentr\u00e9e.<\/p>\n<p>Tradition au PCF, la journ\u00e9e se termine par un grand banquet fraternel. Comme un avant-go\u00fbt de cette France o\u00f9 Fabien Roussel veut \u00ab <i>pouvoir vivre, heureux, ensemble, \u00e0 \u00e9galit\u00e9, en paix <\/i>\u00bb.<\/p>\n<\/p><\/div>\n","protected":false},"excerpt":{"rendered":"Ovationn&eacute; ce samedi en fin de journ&eacute;e par les participants &agrave; l&rsquo;universit&eacute; d&rsquo;&eacute;t&eacute; du PCF, r&eacute;unis dans le grand amphith&eacute;&acirc;tre du Mirail &agrave; Toulouse, Fabien Roussel &#8230;","protected":false},"author":1,"featured_media":40038,"comment_status":"open","ping_status":"open","sticky":false,"template":"","format":"standard","meta":{"footnotes":""},"categories":[3926,3925,330],"tags":[606],"news-destination":[3944],"news-source":[475],"is_homepage":[],"ta_other":[],"class_list":["post-40037","post","type-post","status-publish","format-standard","has-post-thumbnail","hentry","category-accueil-merge","category-accueil-third","category-politique","tag-fabien-roussel","news-destination-homepage","news-source-website"],"_links":{"self":[{"href":"https:\/\/euapp01.newsmemory.com\/lamarseillaise\/news\/wp-json\/wp\/v2\/posts\/40037","targetHints":{"allow":["GET"]}}],"collection":[{"href":"https:\/\/euapp01.newsmemory.com\/lamarseillaise\/news\/wp-json\/wp\/v2\/posts"}],"about":[{"href":"https:\/\/euapp01.newsmemory.com\/lamarseillaise\/news\/wp-json\/wp\/v2\/types\/post"}],"author":[{"embeddable":true,"href":"https:\/\/euapp01.newsmemory.com\/lamarseillaise\/news\/wp-json\/wp\/v2\/users\/1"}],"replies":[{"embeddable":true,"href":"https:\/\/euapp01.newsmemory.com\/lamarseillaise\/news\/wp-json\/wp\/v2\/comments?post=40037"}],"version-history":[{"count":1,"href":"https:\/\/euapp01.newsmemory.com\/lamarseillaise\/news\/wp-json\/wp\/v2\/posts\/40037\/revisions"}],"predecessor-version":[{"id":40039,"href":"https:\/\/euapp01.newsmemory.com\/lamarseillaise\/news\/wp-json\/wp\/v2\/posts\/40037\/revisions\/40039"}],"wp:featuredmedia":[{"embeddable":true,"href":"https:\/\/euapp01.newsmemory.com\/lamarseillaise\/news\/wp-json\/wp\/v2\/media\/40038"}],"wp:attachment":[{"href":"https:\/\/euapp01.newsmemory.com\/lamarseillaise\/news\/wp-json\/wp\/v2\/media?parent=40037"}],"wp:term":[{"taxonomy":"category","embeddable":true,"href":"https:\/\/euapp01.newsmemory.com\/lamarseillaise\/news\/wp-json\/wp\/v2\/categories?post=40037"},{"taxonomy":"post_tag","embeddable":true,"href":"https:\/\/euapp01.newsmemory.com\/lamarseillaise\/news\/wp-json\/wp\/v2\/tags?post=40037"},{"taxonomy":"news-destination","embeddable":true,"href":"https:\/\/euapp01.newsmemory.com\/lamarseillaise\/news\/wp-json\/wp\/v2\/news-destination?post=40037"},{"taxonomy":"news-source","embeddable":true,"href":"https:\/\/euapp01.newsmemory.com\/lamarseillaise\/news\/wp-json\/wp\/v2\/news-source?post=40037"},{"taxonomy":"is_homepage","embeddable":true,"href":"https:\/\/euapp01.newsmemory.com\/lamarseillaise\/news\/wp-json\/wp\/v2\/is_homepage?post=40037"},{"taxonomy":"ta_other","embeddable":true,"href":"https:\/\/euapp01.newsmemory.com\/lamarseillaise\/news\/wp-json\/wp\/v2\/ta_other?post=40037"}],"curies":[{"name":"wp","href":"https:\/\/api.w.org\/{rel}","templated":true}]}}