{"id":40034,"date":"2026-08-22T07:47:00","date_gmt":"2026-08-22T05:47:00","guid":{"rendered":"https:\/\/euapp01.newsmemory.com\/lamarseillaise\/news\/?p=40034"},"modified":"2026-08-22T20:41:04","modified_gmt":"2026-08-22T18:41:04","slug":"la-direction-communiste-renouvelle-son-executif","status":"publish","type":"post","link":"https:\/\/euapp01.newsmemory.com\/lamarseillaise\/news\/2026\/08\/22\/la-direction-communiste-renouvelle-son-executif\/","title":{"rendered":"La direction communiste renouvelle son ex\u00e9cutif"},"content":{"rendered":"<div class=\"paragraph\">\n<p>Suite logique du XL<sup>e<\/sup> congr\u00e8s qui s\u2019est tenu d\u00e9but juillet \u00e0 Lille, la direction communiste nouvellement \u00e9lue s\u2019est dot\u00e9e, lors de sa premi\u00e8re r\u00e9union en marge de l\u2019universit\u00e9 d\u2019\u00e9t\u00e9 du PCF, d\u2019un ex\u00e9cutif remani\u00e9.<\/p>\n<p>Compos\u00e9 \u00e0 parit\u00e9, il compte 36\u00a0membres*. Sa moyenne d\u2019\u00e2ge se situe \u00e0 48\u00a0ans. 16\u00a0membres sortants n\u2019ont pas \u00e9t\u00e9 reconduits et 16 autres changent de responsabilit\u00e9.<\/p>\n<p>Parmi les principales responsabilit\u00e9s, Igor Zamichiei est en charge de la vie du parti, Christophe Grassullo de la tr\u00e9sorerie, Charlotte Balavoine de l\u2019international, C\u00e9cile Cukierman des \u00e9lections, Fr\u00e9d\u00e9ric Mellier du monde du travail ou encore L\u00e9on Deffontaines de la communication.<\/p>\n<\/p><\/div>\n<div class=\"intext\"> Cinq membres issus de nos r\u00e9gions\n              <\/div>\n<div class=\"paragraph\">\n<p>Dans le sud de la France, J\u00e9r\u00e9my Bacchi (Bouches-du-Rh\u00f4ne) se voit confier le projet communiste, Sophie Delfino (Hautes-Alpes) le suivi des nouvelles adh\u00e9sions, Clara Gimenez (H\u00e9rault) le d\u00e9veloppement des cellules, Patricia Tejas (Vaucluse) l\u2019\u00e9conomie et Sylvie Vinceneux (Var) le logement.<\/p>\n<p>Enfin, Pierre Dharr\u00e9ville continuera d\u2019animer la commission culture nationale mais ne sera plus membre du CEN.<\/p>\n<\/p><\/div>\n<div class=\"paragraph\">\n<p><i><\/i><\/p>\n<p><i>*Liste compl\u00e8te sur lamarseillaise.fr<\/i><\/p>\n<\/p><\/div>\n","protected":false},"excerpt":{"rendered":"Suite logique du XLe congr&egrave;s qui s&rsquo;est tenu d&eacute;but juillet &agrave; Lille, la direction communiste nouvellement &eacute;lue s&rsquo;est dot&eacute;e, lors de sa premi&egrave;re r&eacute;union en marge de l&rsquo;universit&eacute; &#8230;","protected":false},"author":1,"featured_media":40035,"comment_status":"open","ping_status":"open","sticky":false,"template":"","format":"standard","meta":{"footnotes":""},"categories":[330],"tags":[2363,606,748,250,3310],"news-destination":[],"news-source":[475],"is_homepage":[],"ta_other":[],"class_list":["post-40034","post","type-post","status-publish","format-standard","has-post-thumbnail","hentry","category-politique","tag-clara-gimenez","tag-fabien-roussel","tag-jeremy-bacchi","tag-pcf","tag-sylvie-vinceneux","news-source-website"],"_links":{"self":[{"href":"https:\/\/euapp01.newsmemory.com\/lamarseillaise\/news\/wp-json\/wp\/v2\/posts\/40034","targetHints":{"allow":["GET"]}}],"collection":[{"href":"https:\/\/euapp01.newsmemory.com\/lamarseillaise\/news\/wp-json\/wp\/v2\/posts"}],"about":[{"href":"https:\/\/euapp01.newsmemory.com\/lamarseillaise\/news\/wp-json\/wp\/v2\/types\/post"}],"author":[{"embeddable":true,"href":"https:\/\/euapp01.newsmemory.com\/lamarseillaise\/news\/wp-json\/wp\/v2\/users\/1"}],"replies":[{"embeddable":true,"href":"https:\/\/euapp01.newsmemory.com\/lamarseillaise\/news\/wp-json\/wp\/v2\/comments?post=40034"}],"version-history":[{"count":1,"href":"https:\/\/euapp01.newsmemory.com\/lamarseillaise\/news\/wp-json\/wp\/v2\/posts\/40034\/revisions"}],"predecessor-version":[{"id":40036,"href":"https:\/\/euapp01.newsmemory.com\/lamarseillaise\/news\/wp-json\/wp\/v2\/posts\/40034\/revisions\/40036"}],"wp:featuredmedia":[{"embeddable":true,"href":"https:\/\/euapp01.newsmemory.com\/lamarseillaise\/news\/wp-json\/wp\/v2\/media\/40035"}],"wp:attachment":[{"href":"https:\/\/euapp01.newsmemory.com\/lamarseillaise\/news\/wp-json\/wp\/v2\/media?parent=40034"}],"wp:term":[{"taxonomy":"category","embeddable":true,"href":"https:\/\/euapp01.newsmemory.com\/lamarseillaise\/news\/wp-json\/wp\/v2\/categories?post=40034"},{"taxonomy":"post_tag","embeddable":true,"href":"https:\/\/euapp01.newsmemory.com\/lamarseillaise\/news\/wp-json\/wp\/v2\/tags?post=40034"},{"taxonomy":"news-destination","embeddable":true,"href":"https:\/\/euapp01.newsmemory.com\/lamarseillaise\/news\/wp-json\/wp\/v2\/news-destination?post=40034"},{"taxonomy":"news-source","embeddable":true,"href":"https:\/\/euapp01.newsmemory.com\/lamarseillaise\/news\/wp-json\/wp\/v2\/news-source?post=40034"},{"taxonomy":"is_homepage","embeddable":true,"href":"https:\/\/euapp01.newsmemory.com\/lamarseillaise\/news\/wp-json\/wp\/v2\/is_homepage?post=40034"},{"taxonomy":"ta_other","embeddable":true,"href":"https:\/\/euapp01.newsmemory.com\/lamarseillaise\/news\/wp-json\/wp\/v2\/ta_other?post=40034"}],"curies":[{"name":"wp","href":"https:\/\/api.w.org\/{rel}","templated":true}]}}