{"id":40030,"date":"2026-08-22T19:03:00","date_gmt":"2026-08-22T17:03:00","guid":{"rendered":"https:\/\/euapp01.newsmemory.com\/lamarseillaise\/news\/?p=40030"},"modified":"2026-08-27T10:34:45","modified_gmt":"2026-08-27T08:34:45","slug":"contre-la-baisse-de-la-biodiversite-les-mesures-actuelles-ne-suffiront-pas","status":"publish","type":"post","link":"https:\/\/euapp01.newsmemory.com\/lamarseillaise\/news\/2026\/08\/22\/contre-la-baisse-de-la-biodiversite-les-mesures-actuelles-ne-suffiront-pas\/","title":{"rendered":"Contre la baisse de la biodiversit\u00e9, les mesures actuelles ne suffiront pas"},"content":{"rendered":"<div class=\"paragraph\">\n<p>Plus d\u2019aires prot\u00e9g\u00e9es, plus de prairies naturelles, plus d\u2019arbres, moins d\u2019engrais dans l\u2019agriculture&#8230; Pour lutter contre la perte de biodiversit\u00e9, les objectifs en Europe sont l\u00e0. \u00ab\u00a0<i>Mais personne n\u2019a jamais vraiment \u00e9valu\u00e9 quels pourraient \u00eatre leurs effets \u00e0 long terme sur les esp\u00e8ces communes<\/i>\u00a0\u00bb, souligne Stanislas Rigal. Dans une \u00e9tude parue dans <i>Nature Ecology &#038; Evolution<\/i>, le chercheur au Centre de synth\u00e8se et d\u2019analyse sur la biodiversit\u00e9 (Montpellier) montre que m\u00eame si elles sont respect\u00e9es \u00e0 la lettre, ces mesures ne suffiront pas. \u00ab\u00a0<i>Elles am\u00e9liorent la situation mais la biodiversit\u00e9 continue de s\u2019\u00e9roder en 2050, <\/i>r\u00e9sume-t-il<i>. Alors m\u00eame que ces mesures sont jug\u00e9es ambitieuses<\/i>.\u00a0\u00bb<\/p>\n<p>Le r\u00e9chauffement climatique, la reforestation, l\u2019agriculture intensive&#8230; \u00ab\u00a0<i>Les effets de ces facteurs sur la biodiversit\u00e9 sont bien document\u00e9s sur les derni\u00e8res d\u00e9cennies<\/i>, pr\u00e9cise Stanislas Rigal. <i>De nombreuses \u00e9tudes ont montr\u00e9 que les effectifs d\u2019oiseaux communs et d\u2019insectes chutent globalement en Europe, avec un moteur principal qui est le mod\u00e8le agricole intensif<\/i>.\u00a0\u00bb Il a regroup\u00e9 les donn\u00e9es d\u2019abondance de 265 esp\u00e8ces d\u2019oiseaux et 144 esp\u00e8ces de papillons sur plus de 20\u00a0000 sites dans 26 pays europ\u00e9ens entre 2000 et 2021. Pourquoi les oiseaux et les papillons\u00a0? Parce que les donn\u00e9es sont l\u00e0. \u00ab\u00a0<i>Mais aussi car les oiseaux, situ\u00e9s en haut de la cha\u00eene alimentaire, sont fortement impact\u00e9s par ce qu\u2019il se passe en amont, <\/i>ajoute le chercheur. <i>Et les papillons r\u00e9agissent bien \u00e0 la qualit\u00e9 de leur habitat<\/i>.\u00a0\u00bb<\/p>\n<p>Quatre sc\u00e9narios<\/p>\n<p>Pour imaginer le futur, quatre sc\u00e9narios ont \u00e9t\u00e9 envisag\u00e9s dans lesquels les objectifs europ\u00e9ens de conservation sont remplis en 2050, mais pas tout \u00e0 fait de la m\u00eame mani\u00e8re. Le premier, dit SSP1 (voir Rep\u00e8res), se contente de remplir les objectifs. Les trois autres les remplissent mais avec une certaine philosophie\u00a0: l\u2019un vise \u00e0 pr\u00e9server la biodiversit\u00e9 pour elle-m\u00eame, l\u2019autre pour le lien que nous entretenons avec elle et le dernier pour les services qu\u2019elle rend. Ce qui se traduit, par exemple, par le positionnement des aires prot\u00e9g\u00e9es sur les hot-spots de biodiversit\u00e9 dans le premier cas, l\u00e0 o\u00f9 les activit\u00e9s humaines ont une influence sur le paysage dans le deuxi\u00e8me cas et sur les zones qui stockent beaucoup de carbone dans le dernier cas.<\/p>\n<p>R\u00e9sultat\u00a0: aucun de ces sc\u00e9narios, m\u00eame les plus ambitieux, n\u2019inversent la tendance. L\u2019abondance des oiseaux des champs continue de chuter en 2050. Idem pour les papillons des champs et des for\u00eats. Seuls les oiseaux des for\u00eats tirent leur \u00e9pingle du jeu. Mais c\u2019est d\u00e9j\u00e0 le cas aujourd\u2019hui. \u00ab\u00a0<i>Ils profitent du retour du couvert forestier en Europe<\/i>\u00a0\u00bb, pr\u00e9cise Stanislas Rigal. Mais pas les papillons forestiers qui ont besoin d\u2019espaces ouverts au sein des for\u00eats.<\/p>\n<p>Alors que faire\u00a0? \u00ab\u00a0<i>D\u00e9finir des objectifs plus ambitieux<\/i><i>\u00a0<\/i>\u00bb, r\u00e9sume le chercheur, qui y travaille dans le cadre du projet Beyonds.<\/p>\n<\/p><\/div>\n","protected":false},"excerpt":{"rendered":"Plus d&rsquo;aires prot&eacute;g&eacute;es, plus de prairies naturelles, plus d&rsquo;arbres, moins d&rsquo;engrais dans l&rsquo;agriculture&#8230; Pour lutter contre la perte de biodiversit&eacute;, les objectifs en Europe sont l&agrave;. &#8230;","protected":false},"author":1,"featured_media":40031,"comment_status":"open","ping_status":"open","sticky":false,"template":"","format":"standard","meta":{"footnotes":""},"categories":[3926,3925,333],"tags":[100,84,2506,1904,240,569,1652,3071,419],"news-destination":[3944],"news-source":[475],"is_homepage":[],"ta_other":[],"class_list":["post-40030","post","type-post","status-publish","format-standard","has-post-thumbnail","hentry","category-accueil-merge","category-accueil-third","category-environnement","tag-activites","tag-biodiversite","tag-carbone","tag-conservation","tag-montpellier","tag-oiseaux","tag-papillons","tag-philosophie","tag-rechauffement-climatique","news-destination-homepage","news-source-website"],"_links":{"self":[{"href":"https:\/\/euapp01.newsmemory.com\/lamarseillaise\/news\/wp-json\/wp\/v2\/posts\/40030","targetHints":{"allow":["GET"]}}],"collection":[{"href":"https:\/\/euapp01.newsmemory.com\/lamarseillaise\/news\/wp-json\/wp\/v2\/posts"}],"about":[{"href":"https:\/\/euapp01.newsmemory.com\/lamarseillaise\/news\/wp-json\/wp\/v2\/types\/post"}],"author":[{"embeddable":true,"href":"https:\/\/euapp01.newsmemory.com\/lamarseillaise\/news\/wp-json\/wp\/v2\/users\/1"}],"replies":[{"embeddable":true,"href":"https:\/\/euapp01.newsmemory.com\/lamarseillaise\/news\/wp-json\/wp\/v2\/comments?post=40030"}],"version-history":[{"count":1,"href":"https:\/\/euapp01.newsmemory.com\/lamarseillaise\/news\/wp-json\/wp\/v2\/posts\/40030\/revisions"}],"predecessor-version":[{"id":40032,"href":"https:\/\/euapp01.newsmemory.com\/lamarseillaise\/news\/wp-json\/wp\/v2\/posts\/40030\/revisions\/40032"}],"wp:featuredmedia":[{"embeddable":true,"href":"https:\/\/euapp01.newsmemory.com\/lamarseillaise\/news\/wp-json\/wp\/v2\/media\/40031"}],"wp:attachment":[{"href":"https:\/\/euapp01.newsmemory.com\/lamarseillaise\/news\/wp-json\/wp\/v2\/media?parent=40030"}],"wp:term":[{"taxonomy":"category","embeddable":true,"href":"https:\/\/euapp01.newsmemory.com\/lamarseillaise\/news\/wp-json\/wp\/v2\/categories?post=40030"},{"taxonomy":"post_tag","embeddable":true,"href":"https:\/\/euapp01.newsmemory.com\/lamarseillaise\/news\/wp-json\/wp\/v2\/tags?post=40030"},{"taxonomy":"news-destination","embeddable":true,"href":"https:\/\/euapp01.newsmemory.com\/lamarseillaise\/news\/wp-json\/wp\/v2\/news-destination?post=40030"},{"taxonomy":"news-source","embeddable":true,"href":"https:\/\/euapp01.newsmemory.com\/lamarseillaise\/news\/wp-json\/wp\/v2\/news-source?post=40030"},{"taxonomy":"is_homepage","embeddable":true,"href":"https:\/\/euapp01.newsmemory.com\/lamarseillaise\/news\/wp-json\/wp\/v2\/is_homepage?post=40030"},{"taxonomy":"ta_other","embeddable":true,"href":"https:\/\/euapp01.newsmemory.com\/lamarseillaise\/news\/wp-json\/wp\/v2\/ta_other?post=40030"}],"curies":[{"name":"wp","href":"https:\/\/api.w.org\/{rel}","templated":true}]}}