{"id":40026,"date":"2026-08-22T16:15:00","date_gmt":"2026-08-22T14:15:00","guid":{"rendered":"https:\/\/euapp01.newsmemory.com\/lamarseillaise\/news\/?p=40026"},"modified":"2026-08-27T10:22:02","modified_gmt":"2026-08-27T08:22:02","slug":"lesprit-de-1936-dans-le-hautes-alpes-les-ouvriers-sunissent","status":"publish","type":"post","link":"https:\/\/euapp01.newsmemory.com\/lamarseillaise\/news\/2026\/08\/22\/lesprit-de-1936-dans-le-hautes-alpes-les-ouvriers-sunissent\/","title":{"rendered":"[L\u2019esprit de 1936] Dans le Hautes-Alpes, les ouvriers s\u2019unissent"},"content":{"rendered":"<div class=\"paragraph\">\n<p>Les Hautes-Alpes sont un d\u00e9partement \u00e0 vocation essentiellement agricole et artisanale. Pourtant, depuis la fin du XIX<sup>e<\/sup>\u00a0si\u00e8cle, plusieurs entreprises industrielles ont r\u00e9ussi \u00e0 s\u2019implanter dans le d\u00e9partement. Citons l\u2019usine d\u2019aluminium Froges Allais et Camargue de L\u2019Argenti\u00e8re (550\u00a0salari\u00e9s), la Cotonni\u00e8re du Sud-Est \u00e0 Savines (une centaine de salari\u00e9s), la scierie Charmasson qui produit \u00e0 Gap des poteaux \u00e9lectriques et t\u00e9l\u00e9phoniques et emploie plus de 200\u00a0salari\u00e9s, l\u2019usine Nestl\u00e9 de Gap (100\u00a0salari\u00e9s), l\u2019entreprise Valis\u00e8re sp\u00e9cialis\u00e9e dans les sous-v\u00eatements f\u00e9minins de luxe (une cinquantaine de salari\u00e9s) &#8230; Dans les principales villes du d\u00e9partement le taux d\u2019emplois industriels varie entre 20% et 25%. Avec l\u2019arriv\u00e9e du train et le choix de Veynes comme lieu de convergence des lignes en provenance de Marseille, Valence et Grenoble, cette ville est devenue la cit\u00e9 cheminote des Alpes du Sud (527\u00a0cheminots en 1931)&#8230;<\/p>\n<p>Dans un d\u00e9partement aussi peu industrialis\u00e9 et victime d\u2019un fort exode rural qui a conduit \u00e0 faire appel \u00e0 une importante main-d\u2019\u0153uvre immigr\u00e9e, essentiellement italienne, le syndicalisme a tard\u00e9 \u00e0 s\u2019implanter&#8230; Malgr\u00e9 tout, il a connu un certain dynamisme dans les ann\u00e9es 1920-1930 avec la cr\u00e9ation ou le d\u00e9veloppement de syndicats de fonctionnaires (1\u00a0100\u00a0syndiqu\u00e9s dont pr\u00e8s de 400\u00a0enseignants), de cheminots, des PTT et de quelques entreprises industrielles telles que Nestl\u00e9 \u00e0 Gap ou l\u2019usine d\u2019aluminium de L\u2019Argenti\u00e8re. En tout environ 1\u00a0700\u00a0syndiqu\u00e9s \u00e0 la CGT \u00e0 la veille du Front Populaire. Le mouvement de r\u00e9unification entre les syndicats CGT et CGTU y a \u00e9t\u00e9 port\u00e9 d\u00e8s\u00a01934 par les syndicats d\u2019instituteurs. Par contre aucune structure interprofessionnelle n\u2019existe (union locale ou d\u00e9partementale). La CFTC regroupe seulement une centaine de syndiqu\u00e9s r\u00e9partis dans quatre syndicats implant\u00e9s dans le textile et chez les employ\u00e9s \u00e0 la ville de Gap.<\/p>\n<p>La vie politique d\u00e9partementale est domin\u00e9e dans le Brian\u00e7onnais par la personnalit\u00e9 de Maurice Petsche, d\u00e9put\u00e9 du centre droit depuis\u00a01925, issu de la riche bourgeoisie industrielle parisienne, membre de plusieurs gouvernements dans les ann\u00e9es\u00a030. Grand adepte du client\u00e9lisme, il contr\u00f4le la vie politique et les \u00e9lus du nord du d\u00e9partement. Les deux autres si\u00e8ges de d\u00e9put\u00e9s sont occup\u00e9s par Ernest Grimaud, propri\u00e9taire terrien dans le Champsaur, homme de droite qui sombrera dans la collaboration durant la Seconde Guerre mondiale et par Ernest Lafont, militant socialiste contest\u00e9, ministre de la Sant\u00e9 en\u00a01935. Autre figure politique incontournable, Auguste Muret, Maire de Gap depuis\u00a01929, fils de cheminot et adh\u00e9rent \u00e0 la SFIO. \u00c9lu Conseiller g\u00e9n\u00e9ral en\u00a01934 il a su tisser son r\u00e9seau dans le d\u00e9partement et y acqu\u00e9rir une influence politique grandissante. Les communistes, essentiellement implant\u00e9s \u00e0 Veynes et dans le Brian\u00e7onnais ont pour repr\u00e9sentant \u00c9mile Meurier, cheminot, \u00e9lu conseiller d\u2019arrondissement en\u00a01934 puis maire de Veynes en\u00a01935.<\/p>\n<p>Le Comit\u00e9 d\u00e9partemental de Rassemblement Populaire se constitue le 17\u00a0juin 1935. D\u00e8s le 14\u00a0juillet des initiatives sont organis\u00e9es \u00e0 Veynes et Gap qui rassemblent plusieurs centaines de personnes. Apr\u00e8s une campagne tr\u00e8s virulente les \u00e9lections sont remport\u00e9es par les candidats du Front populaire dans deux des trois circonscriptions.<\/p>\n<\/p><\/div>\n","protected":false},"excerpt":{"rendered":"Les Hautes-Alpes sont un d&eacute;partement &agrave; vocation essentiellement agricole et artisanale. Pourtant, depuis la fin du XIXe&nbsp;si&egrave;cle, plusieurs entreprises industrielles ont r&eacute;ussi &agrave; s&rsquo;implanter dans le &#8230;","protected":false},"author":1,"featured_media":40027,"comment_status":"open","ping_status":"open","sticky":false,"template":"","format":"standard","meta":{"footnotes":""},"categories":[3926,3925,20],"tags":[],"news-destination":[3944],"news-source":[475],"is_homepage":[],"ta_other":[],"class_list":["post-40026","post","type-post","status-publish","format-standard","has-post-thumbnail","hentry","category-accueil-merge","category-accueil-third","category-societe","news-destination-homepage","news-source-website"],"_links":{"self":[{"href":"https:\/\/euapp01.newsmemory.com\/lamarseillaise\/news\/wp-json\/wp\/v2\/posts\/40026","targetHints":{"allow":["GET"]}}],"collection":[{"href":"https:\/\/euapp01.newsmemory.com\/lamarseillaise\/news\/wp-json\/wp\/v2\/posts"}],"about":[{"href":"https:\/\/euapp01.newsmemory.com\/lamarseillaise\/news\/wp-json\/wp\/v2\/types\/post"}],"author":[{"embeddable":true,"href":"https:\/\/euapp01.newsmemory.com\/lamarseillaise\/news\/wp-json\/wp\/v2\/users\/1"}],"replies":[{"embeddable":true,"href":"https:\/\/euapp01.newsmemory.com\/lamarseillaise\/news\/wp-json\/wp\/v2\/comments?post=40026"}],"version-history":[{"count":1,"href":"https:\/\/euapp01.newsmemory.com\/lamarseillaise\/news\/wp-json\/wp\/v2\/posts\/40026\/revisions"}],"predecessor-version":[{"id":40028,"href":"https:\/\/euapp01.newsmemory.com\/lamarseillaise\/news\/wp-json\/wp\/v2\/posts\/40026\/revisions\/40028"}],"wp:featuredmedia":[{"embeddable":true,"href":"https:\/\/euapp01.newsmemory.com\/lamarseillaise\/news\/wp-json\/wp\/v2\/media\/40027"}],"wp:attachment":[{"href":"https:\/\/euapp01.newsmemory.com\/lamarseillaise\/news\/wp-json\/wp\/v2\/media?parent=40026"}],"wp:term":[{"taxonomy":"category","embeddable":true,"href":"https:\/\/euapp01.newsmemory.com\/lamarseillaise\/news\/wp-json\/wp\/v2\/categories?post=40026"},{"taxonomy":"post_tag","embeddable":true,"href":"https:\/\/euapp01.newsmemory.com\/lamarseillaise\/news\/wp-json\/wp\/v2\/tags?post=40026"},{"taxonomy":"news-destination","embeddable":true,"href":"https:\/\/euapp01.newsmemory.com\/lamarseillaise\/news\/wp-json\/wp\/v2\/news-destination?post=40026"},{"taxonomy":"news-source","embeddable":true,"href":"https:\/\/euapp01.newsmemory.com\/lamarseillaise\/news\/wp-json\/wp\/v2\/news-source?post=40026"},{"taxonomy":"is_homepage","embeddable":true,"href":"https:\/\/euapp01.newsmemory.com\/lamarseillaise\/news\/wp-json\/wp\/v2\/is_homepage?post=40026"},{"taxonomy":"ta_other","embeddable":true,"href":"https:\/\/euapp01.newsmemory.com\/lamarseillaise\/news\/wp-json\/wp\/v2\/ta_other?post=40026"}],"curies":[{"name":"wp","href":"https:\/\/api.w.org\/{rel}","templated":true}]}}